{"id":230945,"date":"2026-08-29T13:11:13","date_gmt":"2026-08-29T13:11:13","guid":{"rendered":"https:\/\/www.europesays.com\/be-fr\/230945\/"},"modified":"2026-08-29T13:11:13","modified_gmt":"2026-08-29T13:11:13","slug":"incendies-tf1-revient-sur-le-defi-des-megafeux-lundi-dans-des-editions-speciales-de-bonjour-du-13h-et-du-20h","status":"publish","type":"post","link":"https:\/\/www.europesays.com\/be-fr\/230945\/","title":{"rendered":"Incendies : TF1 revient sur le d\u00e9fi des m\u00e9gafeux lundi dans des \u00e9ditions sp\u00e9ciales de Bonjour !, du 13H et du 20H"},"content":{"rendered":"<p>La r\u00e9daction de TF1 proposera ce lundi 31 ao\u00fbt des \u00e9ditions sp\u00e9ciales consacr\u00e9es aux incendies d\u00e9vastateurs survenus en Gironde, \u00e0 Fontainebleau ou encore dans le Var cet \u00e9t\u00e9.\u00a0\u00bbBonjour ! La Matinale\u00a0\u00bb, le 13H et le 20H diffuseront notamment des reportages r\u00e9alis\u00e9s sur les lieux des m\u00e9gafeux.Voici le programme.<a href=\"https:\/\/www.tf1info.fr\/actualite\/canicule-vagues-de-chaleur-secheresse-incendies-un-ete-2026-de-tous-les-dangers-en-france-14552\/\" rel=\"nofollow noopener\" class=\"jsx-2067374227 Link jsx-2275206292 jsx-2320305922\" target=\"_blank\"><\/p>\n<p style=\"font-weight:400\" class=\"jsx-3580589320\">Suivez la couverture compl\u00e8te<\/p>\n<p style=\"font-weight:800\" class=\"jsx-3580589320\">Canicule, vagues de chaleur, s\u00e9cheresse, incendies&#8230; Un \u00e9t\u00e9 2026 de tous les dangers en France<\/p>\n<p><\/a><a href=\"https:\/\/www.google.com\/preferences\/source?q=tf1info.fr\" class=\"jsx-2150648137 jsx-976369737 ActionButton ActionButton--withBorder\" rel=\"nofollow noopener\" target=\"_blank\"><\/p>\n<p> Ajoutez TF1info \u00e0 vos sources sur Google <\/p>\n<p><\/a><\/p>\n<p id=\"body-_R_17t7pm_-block-6\" data-module=\"article-paragraph\" class=\"jsx-2921227388 Paragraph\">Retour sur un <a href=\"https:\/\/www.tf1info.fr\/economie\/agriculture-canicule-secheresse-incendie-voici-le-premier-bilan-des-degats-de-l-ete-2461042.html\" rel=\"nofollow noopener\" target=\"_blank\">\u00e9t\u00e9 marqu\u00e9 par les m\u00e9gafeux<\/a>. Ce lundi 31 ao\u00fbt, la r\u00e9daction de TF1 proposera, tout au long de la journ\u00e9e, une s\u00e9rie d&rsquo;\u00e9ditions sp\u00e9ciales consacr\u00e9es aux <a href=\"https:\/\/www.tf1info.fr\/environnement-ecologie\/en-direct-incendies-dernieres-actualites-aujourd-hui-gironde-landes-feux-stabilises-fixes-maitrises-les-informations-du-vendredi-31-juillet-2026-2456045.html\" rel=\"nofollow noopener\" target=\"_blank\">incendies d&rsquo;une ampleur exceptionnelle<\/a> qui ont <a href=\"https:\/\/www.tf1info.fr\/societe\/incendies-en-gironde-dans-les-landes-et-dans-le-var-le-cout-des-dommages-evalue-a-500-millions-d-euros-selon-une-premiere-estimation-2461038.html\" rel=\"nofollow noopener\" target=\"_blank\">ravag\u00e9 la Gironde, les Landes et le Var<\/a> en juillet dernier. Les flammes ont parcouru au moins 120.000 hectares en France, selon les estimations des autorit\u00e9s.<\/p>\n<p data-module=\"article-paragraph\" class=\"jsx-2921227388 Paragraph Paragraph__End\">De Bruce Toussaint \u00e0 Gilles Bouleau, en passant par Marie-Sophie Lacarrau, Anicet Mbida et Alba Ventura, les grandes figures de l&rsquo;info de TF1 seront mobilis\u00e9es lundi et proposeront, aux c\u00f4t\u00e9s des envoy\u00e9s sp\u00e9ciaux de la cha\u00eene, des reportages, duplex et chroniques sur les feux qui ont assombri notre \u00e9t\u00e9. Voici le programme des \u00e9ditions sp\u00e9ciales \u00e0 suivre en direct dans \u00ab\u00a0Bonjour ! La Matinale\u00a0\u00bb, dans le 13H et dans le 20H.<\/p>\n<p>Des reportages et des duplex dans Bonjour ! La Matinale<\/p>\n<p id=\"body-_R_17t7pm_-block-9\" data-module=\"article-paragraph\" class=\"jsx-2921227388 Paragraph\">Dans \u00ab\u00a0Bonjour ! La Matinale\u00a0\u00bb de TF1, pr\u00e9sent\u00e9e par Bruce Toussaint d\u00e8s 6h55, Maud Descamps sera en direct du <a href=\"https:\/\/www.tf1info.fr\/environnement-ecologie\/megafeu-en-gironde-le-porge-n-a-pas-ete-abandonne-defend-le-chef-des-pompiers-lors-d-un-premier-bilan-2460437.html\" rel=\"nofollow noopener\" target=\"_blank\">Porge<\/a> (Gironde), bourg de 3.500 habitants. Il s&rsquo;agit du village qui a <a href=\"https:\/\/www.tf1info.fr\/meteo\/video-il-ne-reste-pas-grand-chose-si-ce-n-est-rien-et-l-hiver-va-etre-long-au-porge-ce-sinistre-vit-dans-sa-camionnette-depuis-un-mois-apres-avoir-perdu-sa-maison-et-son-restaurant-2460064.html\" rel=\"nofollow noopener\" target=\"_blank\">perdu le plus d&rsquo;habitations<\/a> \u00a0: plus de 180 ont \u00e9t\u00e9 d\u00e9truites, sur un total de 250.\u00a0<\/p>\n<p data-module=\"article-paragraph\" class=\"jsx-2921227388 Paragraph\">Plusieurs duplex seront par ailleurs propos\u00e9s entre 7h et 9h, ainsi que des reportages consacr\u00e9s aux <a href=\"https:\/\/www.tf1info.fr\/societe\/reportage-dans-les-pyrenees-orientales-c-est-difficile-avec-la-vie-de-famille-qui-sont-les-pompiers-volontaires-francais-qui-s-engagent-sur-le-front-des-incendies-en-plus-de-leur-travail-2452291.html\" rel=\"nofollow noopener\" target=\"_blank\">pompiers volontaires mobilis\u00e9s sur les incendies<\/a>, \u00e0 la rentr\u00e9e scolaire d&rsquo;un professeur sinistr\u00e9 qui a tout perdu dans les flammes, au combat d&rsquo;un habitant contre son <a href=\"https:\/\/www.tf1info.fr\/environnement-ecologie\/reportage-video-l-enjeu-financier-est-colossal-les-premieres-expertises-des-assurances-ont-debute-pour-les-sinistres-de-l-incendie-des-landes-2456210.html\" rel=\"nofollow noopener\" target=\"_blank\">assurance pour faire reconna\u00eetre les d\u00e9g\u00e2ts<\/a> et \u00e0 un <a href=\"https:\/\/www.tf1info.fr\/environnement-ecologie\/du-vin-vignobles-raisins-au-gout-fume-a-cause-des-incendies-dans-le-sud-le-risque-depend-de-nombreux-parametres-decrypte-un-specialiste-2457360.html\" rel=\"nofollow noopener\" target=\"_blank\">viticulteur<\/a> varois toujours mobilis\u00e9 pour prot\u00e9ger son domaine du feu.<\/p>\n<p data-module=\"article-paragraph\" class=\"jsx-2921227388 Paragraph Paragraph__End\">Anicet Mbida consacrera quant \u00e0 lui sa chronique \u00e0 <a href=\"https:\/\/www.tf1info.fr\/environnement-ecologie\/tres-appreciee-des-pompiers-c-est-quoi-firewatch-la-plateforme-de-detection-des-feux-de-foret-desormais-operationnelle-2459566.html\" rel=\"nofollow noopener\" target=\"_blank\">l&rsquo;avenir de la lutte contre les incendies<\/a> et aux <a href=\"https:\/\/www.tf1info.fr\/high-tech\/la-maison-va-descendre-dans-ses-fondations-avec-les-nouvelles-technologies-les-maisons-se-protegent-contre-les-incendies-et-les-inondations-2456663.html\" rel=\"nofollow noopener\" target=\"_blank\">nouvelles technologies de pr\u00e9vention<\/a>, tandis qu&rsquo;Alba Ventura recevra Caroline Cross, pr\u00e9sidente de la Croix-Rouge.<\/p>\n<p>Le JT de 13H d\u00e9localis\u00e9 en Gironde<\/p>\n<p id=\"body-_R_17t7pm_-block-12\" data-module=\"article-paragraph\" class=\"jsx-2921227388 Paragraph\">Marie-Sophie Lacarrau d\u00e9localisera le JT de 13H au Porge et sera aux c\u00f4t\u00e9s de <a href=\"https:\/\/www.tf1info.fr\/societe\/les-sapeurs-pompiers-annoncent-deposer-un-preavis-de-greve-pour-la-rentree-du-8-septembre-au-20-octobre-2026-2461035.html\" rel=\"nofollow noopener\" target=\"_blank\">pompiers<\/a>, de b\u00e9n\u00e9voles et <a href=\"https:\/\/www.tf1info.fr\/societe\/verif-incendies-en-gironde-des-agriculteurs-ont-ils-vraiment-ete-empeches-d-apporter-leur-aide-aux-pompiers-2455760.html\" rel=\"nofollow noopener\" target=\"_blank\">d&rsquo;agriculteurs<\/a>. La pr\u00e9sentatrice du journal reviendra sur la lutte contre les m\u00e9gafeux et racontera comment, des premiers jours jusqu&rsquo;\u00e0 aujourd&rsquo;hui, la solidarit\u00e9 continue de s&rsquo;organiser autour des sinistr\u00e9s. Elle s&rsquo;interrogera aussi sur la vie quotidienne dans ces zones d\u00e9vast\u00e9es en cette rentr\u00e9e : comment reconstruire, comment continuer \u00e0 vivre et \u00e0 travailler quand tout a \u00e9t\u00e9 d\u00e9truit ?<\/p>\n<p data-module=\"article-paragraph\" class=\"jsx-2921227388 Paragraph Paragraph__End\">Isabelle Ithurburu prendra ensuite le relais pour le reste de l&rsquo;actualit\u00e9.<\/p>\n<p>Le 20H s&rsquo;int\u00e9resse aux enseignements des incendies<\/p>\n<p id=\"body-_R_17t7pm_-block-14\" data-module=\"article-paragraph\" class=\"jsx-2921227388 Paragraph Paragraph__End\">Enfin, le 20H pr\u00e9sent\u00e9 par Gilles Bouleau reviendra sur les enseignements des incendies de cet \u00e9t\u00e9 en Gironde, dans les Landes, dans le Var et \u00e0 <a href=\"https:\/\/www.tf1info.fr\/regions\/video-reportage-tf1-ca-faisait-longtemps-qu-on-attendait-ca-six-semaines-apres-l-incendie-la-foret-de-fontainebleau-rouverte-partiellement-2459774.html\" rel=\"nofollow noopener\" target=\"_blank\">Fontainebleau<\/a>. Dans cette page, la parole sera donn\u00e9e \u00e0 des habitants tiraill\u00e9s entre reconstruire et tout raser et aux forestiers qui croient en une <a href=\"https:\/\/www.tf1info.fr\/environnement-ecologie\/le-chene-degage-naturellement-une-certaine-humidite-comment-reboiser-apres-les-incendies-en-gironde-2456740.html\" rel=\"nofollow noopener\" target=\"_blank\">nature capable de rena\u00eetre<\/a>.\u00a0<\/p>\n<p><a href=\"https:\/\/www.tf1info.fr\/environnement-ecologie\/incendies-jusqu-a-trois-fois-plus-de-surfaces-brulees-en-europe-d-ici-2100-une-etude-met-en-garde-apres-les-feux-devastateurs-de-cet-ete-2459423.html\" rel=\"nofollow noopener\" class=\"jsx-958316424 Link flex\" target=\"_blank\"><img decoding=\"async\" src=\"https:\/\/www.europesays.com\/be-fr\/wp-content\/uploads\/2026\/08\/carte-incendies-europe-ad3cd3-0@1x.jpeg\" alt=\"capture TF1\" loading=\"lazy\" importance=\"low\" fetchpriority=\"low\" class=\"\" copyright=\"capture TF1\" aria-hidden=\"true\"\/><\/p>\n<p class=\"jsx-4054529586 ReadMoreArticle__Title\">Lire aussi<\/p>\n<p class=\"jsx-4054529586\">Incendies : jusqu&rsquo;\u00e0 trois fois plus de surfaces br\u00fbl\u00e9es en Europe d&rsquo;ici 2100 ?<\/p>\n<p><\/a><\/p>\n<p id=\"body-_R_17t7pm_-block-17\" data-module=\"article-paragraph\" class=\"jsx-2921227388 Paragraph Paragraph__End\">Des images exclusives tourn\u00e9es au plus pr\u00e8s des flammes seront \u00e9galement diffus\u00e9es. Le 20H s&rsquo;int\u00e9ressera aussi \u00e0 l&rsquo;\u00e9lan de solidarit\u00e9, au r\u00f4le de l&rsquo;\u00c9tat et \u00e0 l&rsquo;avenir face \u00e0 des feux toujours plus redoutables.<\/p>\n<p>N.K<\/p>\n","protected":false},"excerpt":{"rendered":"La r\u00e9daction de TF1 proposera ce lundi 31 ao\u00fbt des \u00e9ditions sp\u00e9ciales consacr\u00e9es aux incendies d\u00e9vastateurs survenus en&hellip;\n","protected":false},"author":2,"featured_media":230946,"comment_status":"","ping_status":"","sticky":false,"template":"","format":"standard","meta":{"footnotes":"","_share_on_mastodon":"0"},"categories":[99],"tags":[141,10,138,12,13,18,17,2353,17646,49,96,95,151,821,53065,140,3693,3613,43219,23177,21271,112,52059,139,3696],"class_list":["post-230945","post","type-post","status-publish","format-standard","has-post-thumbnail","category-television","tag-actu","tag-actualites","tag-article-video","tag-be","tag-be-fr","tag-belgique","tag-belgium","tag-bonjour-la-matinale-tf1","tag-canicule","tag-climat","tag-divertissement","tag-entertainment","tag-france","tag-incendie","tag-incendies-un-ete-2026-de-tous-les-dangers-en-france","tag-info","tag-le-13h","tag-le-20h","tag-marie-sophie-lacarrau","tag-pompier","tag-secheresse","tag-television","tag-vagues-de-chaleur","tag-video","tag-video-meteo-et-intemperies"],"share_on_mastodon":{"url":"https:\/\/pubeurope.com\/@be_fr\/117178970385694788","error":""},"_links":{"self":[{"href":"https:\/\/www.europesays.com\/be-fr\/wp-json\/wp\/v2\/posts\/230945","targetHints":{"allow":["GET"]}}],"collection":[{"href":"https:\/\/www.europesays.com\/be-fr\/wp-json\/wp\/v2\/posts"}],"about":[{"href":"https:\/\/www.europesays.com\/be-fr\/wp-json\/wp\/v2\/types\/post"}],"author":[{"embeddable":true,"href":"https:\/\/www.europesays.com\/be-fr\/wp-json\/wp\/v2\/users\/2"}],"replies":[{"embeddable":true,"href":"https:\/\/www.europesays.com\/be-fr\/wp-json\/wp\/v2\/comments?post=230945"}],"version-history":[{"count":0,"href":"https:\/\/www.europesays.com\/be-fr\/wp-json\/wp\/v2\/posts\/230945\/revisions"}],"wp:featuredmedia":[{"embeddable":true,"href":"https:\/\/www.europesays.com\/be-fr\/wp-json\/wp\/v2\/media\/230946"}],"wp:attachment":[{"href":"https:\/\/www.europesays.com\/be-fr\/wp-json\/wp\/v2\/media?parent=230945"}],"wp:term":[{"taxonomy":"category","embeddable":true,"href":"https:\/\/www.europesays.com\/be-fr\/wp-json\/wp\/v2\/categories?post=230945"},{"taxonomy":"post_tag","embeddable":true,"href":"https:\/\/www.europesays.com\/be-fr\/wp-json\/wp\/v2\/tags?post=230945"}],"curies":[{"name":"wp","href":"https:\/\/api.w.org\/{rel}","templated":true}]}}