{"id":231105,"date":"2026-08-29T16:04:15","date_gmt":"2026-08-29T16:04:15","guid":{"rendered":"https:\/\/www.europesays.com\/be-fr\/231105\/"},"modified":"2026-08-29T16:04:15","modified_gmt":"2026-08-29T16:04:15","slug":"un-aeroport-portera-bientot-le-nom-de-dolly-parton","status":"publish","type":"post","link":"https:\/\/www.europesays.com\/be-fr\/231105\/","title":{"rendered":"Un a\u00e9roport portera bient\u00f4t le nom de Dolly Parton"},"content":{"rendered":"<p class=\"ap-StoryElement ap-StoryElement--mb ap-StoryText\">Bill Lee, gouverneur de l&rsquo;\u00c9tat am\u00e9ricain du Tennessee, souhaite donner le nom de Dolly Parton \u00e0 l&rsquo;a\u00e9roport international de Nashville. L&rsquo;\u00c9tat et l&rsquo;a\u00e9roport souhaitent ainsi <a href=\"https:\/\/www.dhnet.be\/lifestyle\/people\/2026\/08\/26\/dolly-parton-est-decedee-apres-une-breve-bataille-contre-le-cancer-les-hommages-des-stars-affluent-TA6RSURFXJHTNB6OTX5LUHIC6Q\/\" target=\"_self\" rel=\"nofollow noopener\">rendre hommage \u00e0 la star de la musique country<\/a> d\u00e9c\u00e9d\u00e9e cette semaine.<\/p>\n<p class=\"ap-StoryElement ap-StoryElement--mb ap-StoryText\">L&rsquo;initiative visant \u00e0 rebaptiser l&rsquo;a\u00e9roport international de Nashville a pour but de cr\u00e9er un \u00ab\u00a0hommage durable \u00e0 son h\u00e9ritage ind\u00e9l\u00e9bile\u00a0\u00bb, ont d\u00e9clar\u00e9 le gouverneur et les responsables de l&rsquo;a\u00e9roport dans un communiqu\u00e9.<\/p>\n","protected":false},"excerpt":{"rendered":"Bill Lee, gouverneur de l&rsquo;\u00c9tat am\u00e9ricain du Tennessee, souhaite donner le nom de Dolly Parton \u00e0 l&rsquo;a\u00e9roport international&hellip;\n","protected":false},"author":2,"featured_media":231106,"comment_status":"","ping_status":"","sticky":false,"template":"","format":"standard","meta":{"footnotes":"","_share_on_mastodon":"0"},"categories":[83],"tags":[69533,363,12,13,18,17,129,365,96,27398,69508,95,70822,6060,103,107,65068,70823,109,27638,2173,66061,70824,70825,70826,69539,46056,567],"class_list":["post-231105","post","type-post","status-publish","format-standard","has-post-thumbnail","category-divertissement","tag-a-list-celebrity","tag-arts-culture-and-entertainment","tag-be","tag-be-fr","tag-belgique","tag-belgium","tag-celebrities","tag-color-image","tag-divertissement","tag-dolly","tag-dolly-parton","tag-entertainment","tag-four-people","tag-gettyimagerank3","tag-horizontal","tag-music","tag-nashville","tag-partons","tag-people","tag-personalitycomplete","tag-photography","tag-premiere-event","tag-schermerhorn-symphony-center-nashville","tag-stage-performance-space","tag-symphony-orchestra","tag-tennessee","tag-threads","tag-usa"],"share_on_mastodon":{"url":"https:\/\/pubeurope.com\/@be_fr\/117179650236190146","error":""},"_links":{"self":[{"href":"https:\/\/www.europesays.com\/be-fr\/wp-json\/wp\/v2\/posts\/231105","targetHints":{"allow":["GET"]}}],"collection":[{"href":"https:\/\/www.europesays.com\/be-fr\/wp-json\/wp\/v2\/posts"}],"about":[{"href":"https:\/\/www.europesays.com\/be-fr\/wp-json\/wp\/v2\/types\/post"}],"author":[{"embeddable":true,"href":"https:\/\/www.europesays.com\/be-fr\/wp-json\/wp\/v2\/users\/2"}],"replies":[{"embeddable":true,"href":"https:\/\/www.europesays.com\/be-fr\/wp-json\/wp\/v2\/comments?post=231105"}],"version-history":[{"count":0,"href":"https:\/\/www.europesays.com\/be-fr\/wp-json\/wp\/v2\/posts\/231105\/revisions"}],"wp:featuredmedia":[{"embeddable":true,"href":"https:\/\/www.europesays.com\/be-fr\/wp-json\/wp\/v2\/media\/231106"}],"wp:attachment":[{"href":"https:\/\/www.europesays.com\/be-fr\/wp-json\/wp\/v2\/media?parent=231105"}],"wp:term":[{"taxonomy":"category","embeddable":true,"href":"https:\/\/www.europesays.com\/be-fr\/wp-json\/wp\/v2\/categories?post=231105"},{"taxonomy":"post_tag","embeddable":true,"href":"https:\/\/www.europesays.com\/be-fr\/wp-json\/wp\/v2\/tags?post=231105"}],"curies":[{"name":"wp","href":"https:\/\/api.w.org\/{rel}","templated":true}]}}