{"id":231553,"date":"2026-08-30T07:55:18","date_gmt":"2026-08-30T07:55:18","guid":{"rendered":"https:\/\/www.europesays.com\/be-fr\/231553\/"},"modified":"2026-08-30T07:55:18","modified_gmt":"2026-08-30T07:55:18","slug":"journal-du-mercato-30-08-vers-un-transfert-xxl-entre-liverpool-et-manchester-city","status":"publish","type":"post","link":"https:\/\/www.europesays.com\/be-fr\/231553\/","title":{"rendered":"Journal du mercato (30\/08): vers un transfert XXL entre Liverpool et Manchester City ?"},"content":{"rendered":"<p class=\"ap-StoryElement ap-StoryElement--mb ap-StoryText\">8h45 : L&rsquo;AS Rome et Leipzig sont tomb\u00e9s d&rsquo;accord au sujet de Neil El Aynaoui, selon Sky Germany. Le milieu romain devrait donc d\u00e9barquer en Bundesliga sous la forme d&rsquo;un pr\u00eat payant (4 millions d&rsquo;euros) et avec une option d&rsquo;achat de l&rsquo;ordre de 25 millions.<\/p>\n<p class=\"ap-StoryElement ap-StoryElement--mb ap-StoryText\">8h30 : Manchester City acc\u00e9l\u00e8re son mercato entrant : l&rsquo;arriv\u00e9e du milieu Enzo Fernandez se pr\u00e9cise m\u00eame si toutes les parties doivent encore trouver un accord. Mais l&rsquo;Argentin ne devrait pas \u00eatre sur la feuille de match pour la rencontre entre Chelsea e Brighton ce dimanche. De plus, les Cityzens chercheraient \u00e0 d\u00e9baucher Cody Gakpo de Liverpool. Le club mancunien devra d\u00e9bourser 100 millions d&rsquo;euros pour recruter l&rsquo;attaquant n\u00e9erlandais.<\/p>\n<p class=\"ap-StoryElement ap-StoryElement--mb ap-StoryText\">8h15 : Matz Sels peut souffler : alors que Nottingham Forest voulait se renforcer au poste de gardien en recrutant l&rsquo;international anglais Dean Henderson, Crystal Palace a adress\u00e9 un refus cat\u00e9gorique, selon Fabrizio Romano. Les Eagles refusent \u00e0 tout prix de vendre le gardien de 29 ans.<\/p>\n<p class=\"ap-StoryElement ap-StoryElement--mb ap-StoryText\">8h05 : le mercato entrant de l&rsquo;Union n&rsquo;est pas termin\u00e9. Ce samedi, les Unionistes avaient d\u00e9j\u00e0 officialis\u00e9 l&rsquo;arriv\u00e9e de<a href=\"https:\/\/www.dhnet.be\/sports\/football\/division-1a\/union-saint-gilloise\/2026\/08\/29\/apres-le-depart-danan-khalaili-vers-langleterre-lunion-saint-gilloise-annonce-son-remplacant-forme-au-club-bruges-DLOVUP5VWFCWXEI5XTFNBGBLHA\/\" target=\"_self\" rel=\"nofollow noopener\"> Denzel De Roeve<\/a>, mais ils seraient \u00e9galement sur <a href=\"https:\/\/www.dhnet.be\/sports\/football\/division-1a\/union-saint-gilloise\/2026\/08\/29\/lunion-saint-gilloise-veut-encore-se-renforcer-avec-un-ailier-argentin-M2BTJUYTVFCWFPBII2AG6YMKAE\/\" target=\"_self\" rel=\"nofollow noopener\">la piste de l&rsquo;ailier argentin Dylan Aquino<\/a>.<\/p>\n<p class=\"ap-StoryElement ap-StoryElement--mb ap-StoryText\">8h00 : L&rsquo;attaquant <a href=\"https:\/\/www.dhnet.be\/sports\/football\/division-1a\/standard\/2026\/08\/29\/timothe-nkada-netait-pas-sur-la-feuille-de-match-du-standard-a-louvain-timo-veut-partir-car-il-nest-pas-content-de-sa-situation-actuelle-JZLXRDC5YJGB5GW2ICOFU6IWKE\/\" target=\"_self\" rel=\"nofollow noopener\">Timoth\u00e9 Nkada <\/a>va quitter le Standard cet \u00e9t\u00e9.<\/p>\n<p><a href=\"https:\/\/www.dhnet.be\/sports\/football\/mercato\/2026\/08\/29\/journal-du-mercato-2908-la-raal-a-de-la-concurrence-sur-le-dossier-arnaud-bodart-barcola-va-enfin-rejoindre-liverpool-O7QCJT36PJBOBO6MJI2TEEDFZU\/\" target=\"_self\" class=\"ap-StoryInterstitialLink ap-StoryElement ap-StoryElement--mb\" rel=\"nofollow noopener\">Journal du mercato (29\/08) : deux clubs se renseignent sur Malick Fofana, l&rsquo;ailier pourrait rejoindre un Diable rouge en Premier League !<\/a><\/p>\n","protected":false},"excerpt":{"rendered":"8h45 : L&rsquo;AS Rome et Leipzig sont tomb\u00e9s d&rsquo;accord au sujet de Neil El Aynaoui, selon Sky Germany.&hellip;\n","protected":false},"author":2,"featured_media":231554,"comment_status":"","ping_status":"","sticky":false,"template":"","format":"standard","meta":{"footnotes":"","_share_on_mastodon":"0"},"categories":[81],"tags":[12,13,18,17,4502,365,753,103,34305,906,369,84],"class_list":["post-231553","post","type-post","status-publish","format-standard","has-post-thumbnail","category-sports","tag-be","tag-be-fr","tag-belgique","tag-belgium","tag-club-soccer","tag-color-image","tag-gettyimagerank2","tag-horizontal","tag-major-league-soccer","tag-soccer","tag-sport","tag-sports"],"share_on_mastodon":{"url":"https:\/\/pubeurope.com\/@be_fr\/117183390177273799","error":""},"_links":{"self":[{"href":"https:\/\/www.europesays.com\/be-fr\/wp-json\/wp\/v2\/posts\/231553","targetHints":{"allow":["GET"]}}],"collection":[{"href":"https:\/\/www.europesays.com\/be-fr\/wp-json\/wp\/v2\/posts"}],"about":[{"href":"https:\/\/www.europesays.com\/be-fr\/wp-json\/wp\/v2\/types\/post"}],"author":[{"embeddable":true,"href":"https:\/\/www.europesays.com\/be-fr\/wp-json\/wp\/v2\/users\/2"}],"replies":[{"embeddable":true,"href":"https:\/\/www.europesays.com\/be-fr\/wp-json\/wp\/v2\/comments?post=231553"}],"version-history":[{"count":0,"href":"https:\/\/www.europesays.com\/be-fr\/wp-json\/wp\/v2\/posts\/231553\/revisions"}],"wp:featuredmedia":[{"embeddable":true,"href":"https:\/\/www.europesays.com\/be-fr\/wp-json\/wp\/v2\/media\/231554"}],"wp:attachment":[{"href":"https:\/\/www.europesays.com\/be-fr\/wp-json\/wp\/v2\/media?parent=231553"}],"wp:term":[{"taxonomy":"category","embeddable":true,"href":"https:\/\/www.europesays.com\/be-fr\/wp-json\/wp\/v2\/categories?post=231553"},{"taxonomy":"post_tag","embeddable":true,"href":"https:\/\/www.europesays.com\/be-fr\/wp-json\/wp\/v2\/tags?post=231553"}],"curies":[{"name":"wp","href":"https:\/\/api.w.org\/{rel}","templated":true}]}}