{"id":231563,"date":"2026-08-30T08:08:13","date_gmt":"2026-08-30T08:08:13","guid":{"rendered":"https:\/\/www.europesays.com\/be-fr\/231563\/"},"modified":"2026-08-30T08:08:13","modified_gmt":"2026-08-30T08:08:13","slug":"meme-avec-la-presence-de-pidcock-et-de-van-der-poel-le-vtt-est-en-crise-les-acteurs-de-la-discipline-tres-inquiets-pour-lavenir-de-leur-sport","status":"publish","type":"post","link":"https:\/\/www.europesays.com\/be-fr\/231563\/","title":{"rendered":"\u00ab\u00a0M\u00eame avec la pr\u00e9sence de Pidcock et de van der Poel, le VTT est en crise\u00a0\u00bb\u00a0: les acteurs de la discipline tr\u00e8s inquiets pour l&rsquo;avenir de leur sport"},"content":{"rendered":"<p>Une industrie en crise, des \u00e9quipes qui disparaissent<\/p>\n<p class=\"ap-StoryElement ap-StoryElement--mb ap-StoryText\">Le r\u00e9cent d\u00e9p\u00f4t de bilan du groupe Accell, n\u00b0 1 europ\u00e9en du v\u00e9lo, traduit bien la crise \u00e9conomique que traverse actuellement le secteur du cycle. \u00ab\u00a0Et quand une soci\u00e9t\u00e9 est en situation financi\u00e8re p\u00e9rilleuse, les premi\u00e8res coupes budg\u00e9taires ont lieu dans les d\u00e9penses marketing et publicitaires, analyse le coureur du Team Orbea Fox. On sait que certaines \u00e9quipes vont dispara\u00eetre la saison prochaine (NdlR : la fin de Lapierre PRX Racing est d\u00e9j\u00e0 act\u00e9e) faute de partenaires. Aujourd&rsquo;hui, quand on discute avec certains repr\u00e9sentants de grandes marques, on note qu&rsquo;ils pr\u00e9f\u00e8rent parfois \u00e9quiper un influenceur qui fera la pub de leur produit sur les r\u00e9seaux sociaux qu&rsquo;investir dans une structure sportive dont le retour sur investissement est bien plus difficilement mesurable\u2026\u00a0\u00bb<\/p>\n<p><a href=\"https:\/\/www.dhnet.be\/sports\/cyclisme\/2026\/08\/23\/a-une-semaine-du-mondial-vtt-mathieu-van-der-poel-sest-rassure-pour-sa-reprise-en-mountain-bike-il-a-termine-2e-de-la-coupe-du-monde-de-les-gets-X4IQHSZPANEE7MPWNAWJPAE3JQ\/\" target=\"_self\" class=\"ap-StoryInterstitialLink ap-StoryElement ap-StoryElement--mb\" rel=\"nofollow noopener\">\u00c0 une semaine du Mondial VTT, Mathieu van der Poel s&rsquo;est rassur\u00e9 pour sa reprise en mountain-bike : il a termin\u00e9 2e de la Coupe du monde de Les Gets<\/a>La concurrence du gravel<\/p>\n<p class=\"ap-StoryElement ap-StoryElement--mb ap-StoryText\">Discipline tr\u00e8s en vogue aupr\u00e8s des pratiquants au point de constituer le premier secteur de vente de plusieurs g\u00e9ants du cycle, le gravel a cannibalis\u00e9 une partie de l&rsquo;int\u00e9r\u00eat populaire et m\u00e9diatique sur lequel pouvait encore compter le VTT il y a peu.<\/p>\n<p class=\"ap-StoryElement ap-StoryElement--mb ap-StoryText\">Pouss\u00e9s dans le dos par certains de leurs partenaires, des grands noms de la route s&rsquo;invitent ainsi de plus en plus r\u00e9guli\u00e8rement sur ces \u00e9preuves en plein boum. \u00c0 titre d&rsquo;exemple, le dernier championnat de Belgique de gravel a ainsi \u00e9t\u00e9 retransmis par la t\u00e9l\u00e9vision flamande. \u00ab\u00a0Je constate une vraie diminution du public au bord des parcours de nos manches de Coupe du monde, lance Pierre de Froidmont. Il est \u00e9videmment difficile de conna\u00eetre la cause exacte de cette tendance, mais l&rsquo;\u00e9mergence du gravel est une piste d&rsquo;explication.\u00a0\u00bb<\/p>\n<p><img decoding=\"async\" src=\"https:\/\/www.europesays.com\/be-fr\/wp-content\/uploads\/2026\/08\/1788077293_22_hqdefault.webp\" alt=\"MTBWS HIGHLIGHTS \ud83c\uddeb\ud83c\uddf7 Men\u2019s Elite XCO | 2026 Haute-Savoie - YouTube thumbnail\" class=\"lty-thumbnail\" loading=\"lazy\"\/>WatchUn nouveau promoteur qui veut bouleverser le mod\u00e8le<\/p>\n<p class=\"ap-StoryElement ap-StoryElement--mb ap-StoryText\">D\u00e9sign\u00e9 promoteur et diffuseur de la Coupe du monde pour la p\u00e9riode 2023-2030, Warner Bros Discovery souhaite faire bouger certaines lignes. \u00ab\u00a0On sent qu&rsquo;ils veulent r\u00e9duire le peloton \u00e0 35-40 cyclistes maximum et construire le circuit autour de certaines grandes marques seulement, juge l&rsquo;ancien champion de Belgique. Cela va in\u00e9vitablement modifier l&rsquo;ADN de notre sport. En termes de chiffres, les audiences ne sont \u00e9galement pas dingues par rapport \u00e0 autrefois (NdlR : manches de Coupe du monde diffus\u00e9es jusqu&rsquo;en 2022 gratuitement sur Red Bull tv, d\u00e9sormais visibles via des acc\u00e8s payants type Discovery sport, moins 68 % de visibilit\u00e9 mondiale selon une \u00e9tude Amepre Analysis) alors que les sc\u00e9narios de course n&rsquo;ont jamais \u00e9t\u00e9 aussi passionnants. Quand deux ou trois gars dominaient largement autrefois, il y a d\u00e9sormais une bonne dizaine de coureurs capables de s&rsquo;imposer. Cela fait mal de dire \u00e7a mais malgr\u00e9 la pr\u00e9sence de Pidcock et de van der Poel, le VTT vit une vraie crise. Notre discipline est un sport olympique qui doit pouvoir le rester. Car sans cela, la chute sera encore plus rude\u2026\u00a0\u00bb<\/p>\n<p><a href=\"https:\/\/www.dhnet.be\/sports\/cyclisme\/2026\/08\/28\/championnats-du-monde-de-vtt-cross-country-a-val-di-sole-le-dernier-mondial-du-belge-pierre-de-froidmont-QSA64KT46JHFBGZ2Y2BOJ33ODI\/\" target=\"_self\" class=\"ap-StoryInterstitialLink ap-StoryElement ap-StoryElement--mb\" rel=\"nofollow noopener\">Championnats du monde de VTT cross-country \u00e0 Val di Sole : le dernier Mondial du Belge Pierre de Froidmont ?<\/a><\/p>\n","protected":false},"excerpt":{"rendered":"Une industrie en crise, des \u00e9quipes qui disparaissent Le r\u00e9cent d\u00e9p\u00f4t de bilan du groupe Accell, n\u00b0 1&hellip;\n","protected":false},"author":2,"featured_media":231564,"comment_status":"","ping_status":"","sticky":false,"template":"","format":"standard","meta":{"footnotes":"","_share_on_mastodon":"0"},"categories":[81],"tags":[12,13,18,17,4502,365,753,103,34305,906,369,84],"class_list":["post-231563","post","type-post","status-publish","format-standard","has-post-thumbnail","category-sports","tag-be","tag-be-fr","tag-belgique","tag-belgium","tag-club-soccer","tag-color-image","tag-gettyimagerank2","tag-horizontal","tag-major-league-soccer","tag-soccer","tag-sport","tag-sports"],"share_on_mastodon":{"url":"https:\/\/pubeurope.com\/@be_fr\/117183441315035066","error":""},"_links":{"self":[{"href":"https:\/\/www.europesays.com\/be-fr\/wp-json\/wp\/v2\/posts\/231563","targetHints":{"allow":["GET"]}}],"collection":[{"href":"https:\/\/www.europesays.com\/be-fr\/wp-json\/wp\/v2\/posts"}],"about":[{"href":"https:\/\/www.europesays.com\/be-fr\/wp-json\/wp\/v2\/types\/post"}],"author":[{"embeddable":true,"href":"https:\/\/www.europesays.com\/be-fr\/wp-json\/wp\/v2\/users\/2"}],"replies":[{"embeddable":true,"href":"https:\/\/www.europesays.com\/be-fr\/wp-json\/wp\/v2\/comments?post=231563"}],"version-history":[{"count":0,"href":"https:\/\/www.europesays.com\/be-fr\/wp-json\/wp\/v2\/posts\/231563\/revisions"}],"wp:featuredmedia":[{"embeddable":true,"href":"https:\/\/www.europesays.com\/be-fr\/wp-json\/wp\/v2\/media\/231564"}],"wp:attachment":[{"href":"https:\/\/www.europesays.com\/be-fr\/wp-json\/wp\/v2\/media?parent=231563"}],"wp:term":[{"taxonomy":"category","embeddable":true,"href":"https:\/\/www.europesays.com\/be-fr\/wp-json\/wp\/v2\/categories?post=231563"},{"taxonomy":"post_tag","embeddable":true,"href":"https:\/\/www.europesays.com\/be-fr\/wp-json\/wp\/v2\/tags?post=231563"}],"curies":[{"name":"wp","href":"https:\/\/api.w.org\/{rel}","templated":true}]}}