{"id":231567,"date":"2026-08-30T08:13:12","date_gmt":"2026-08-30T08:13:12","guid":{"rendered":"https:\/\/www.europesays.com\/be-fr\/231567\/"},"modified":"2026-08-30T08:13:12","modified_gmt":"2026-08-30T08:13:12","slug":"au-lendemain-de-son-abandon-sur-la-vuelta-tadej-pogacar-publie-une-photo-sur-son-lit-dhopital-photo","status":"publish","type":"post","link":"https:\/\/www.europesays.com\/be-fr\/231567\/","title":{"rendered":"Au lendemain de son abandon sur la Vuelta, Tadej Pogacar publie une photo sur son lit d&rsquo;h\u00f4pital (PHOTO)"},"content":{"rendered":"<p class=\"ap-StoryElement ap-StoryElement--mb ap-StoryText\">Tout s&rsquo;est \u00e9croul\u00e9 en une fraction de seconde pour Tadej Pogacar sur la Vuelta. Solide leader de l&rsquo;\u00e9preuve espagnole, le Slov\u00e8ne est lourdement tomb\u00e9 et a \u00e9t\u00e9 contraint \u00e0 l&rsquo;abandon.<\/p>\n<p class=\"ap-StoryElement ap-StoryElement--mb ap-StoryText\">Transf\u00e9r\u00e9 \u00e0 l&rsquo;h\u00f4pital pour des examens approfondis, <a href=\"https:\/\/www.dhnet.be\/sports\/cyclisme\/vuelta\/2026\/08\/29\/chute-de-pogacar-les-medecins-de-la-vuelta-donnent-leur-premier-diagnostic-HWUZNI6K4NENNPKUGAZIJ545ZM\/\" target=\"_self\" rel=\"nofollow noopener\">Pogacar<\/a> souffre finalement d&rsquo;une fracture de la clavicule gauche, d&rsquo;une fracture de la septi\u00e8me vert\u00e8bre cervicale (C7) ainsi que d&rsquo;une commotion c\u00e9r\u00e9brale, comme l&rsquo;a confirm\u00e9 son \u00e9quipe UAE Team Emirates.<\/p>\n<p><a href=\"https:\/\/www.dhnet.be\/sports\/cyclisme\/vuelta\/2026\/08\/29\/chute-de-pogacar-les-medecins-de-la-vuelta-donnent-leur-premier-diagnostic-HWUZNI6K4NENNPKUGAZIJ545ZM\/\" target=\"_self\" class=\"ap-StoryInterstitialLink ap-StoryElement ap-StoryElement--mb\" rel=\"nofollow noopener\">Le bilan est lourd pour Tadej Pogacar apr\u00e8s sa chute sur la Vuelta: voici ce dont souffre le Slov\u00e8ne<\/a><\/p>\n<p class=\"ap-StoryElement ap-StoryElement--mb ap-StoryText\">Une intervention chirurgicale de la clavicule est n\u00e9cessaire, mais celle-ci sera report\u00e9e par pr\u00e9caution en raison de sa commotion.<\/p>\n","protected":false},"excerpt":{"rendered":"Tout s&rsquo;est \u00e9croul\u00e9 en une fraction de seconde pour Tadej Pogacar sur la Vuelta. Solide leader de l&rsquo;\u00e9preuve&hellip;\n","protected":false},"author":2,"featured_media":231568,"comment_status":"","ping_status":"","sticky":false,"template":"","format":"standard","meta":{"footnotes":"","_share_on_mastodon":"0"},"categories":[8],"tags":[10,12,13,18,17,4502,365,753,103,34305,11,906,369],"class_list":["post-231567","post","type-post","status-publish","format-standard","has-post-thumbnail","category-actualites","tag-actualites","tag-be","tag-be-fr","tag-belgique","tag-belgium","tag-club-soccer","tag-color-image","tag-gettyimagerank2","tag-horizontal","tag-major-league-soccer","tag-news","tag-soccer","tag-sport"],"share_on_mastodon":{"url":"https:\/\/pubeurope.com\/@be_fr\/117183460512249104","error":""},"_links":{"self":[{"href":"https:\/\/www.europesays.com\/be-fr\/wp-json\/wp\/v2\/posts\/231567","targetHints":{"allow":["GET"]}}],"collection":[{"href":"https:\/\/www.europesays.com\/be-fr\/wp-json\/wp\/v2\/posts"}],"about":[{"href":"https:\/\/www.europesays.com\/be-fr\/wp-json\/wp\/v2\/types\/post"}],"author":[{"embeddable":true,"href":"https:\/\/www.europesays.com\/be-fr\/wp-json\/wp\/v2\/users\/2"}],"replies":[{"embeddable":true,"href":"https:\/\/www.europesays.com\/be-fr\/wp-json\/wp\/v2\/comments?post=231567"}],"version-history":[{"count":0,"href":"https:\/\/www.europesays.com\/be-fr\/wp-json\/wp\/v2\/posts\/231567\/revisions"}],"wp:featuredmedia":[{"embeddable":true,"href":"https:\/\/www.europesays.com\/be-fr\/wp-json\/wp\/v2\/media\/231568"}],"wp:attachment":[{"href":"https:\/\/www.europesays.com\/be-fr\/wp-json\/wp\/v2\/media?parent=231567"}],"wp:term":[{"taxonomy":"category","embeddable":true,"href":"https:\/\/www.europesays.com\/be-fr\/wp-json\/wp\/v2\/categories?post=231567"},{"taxonomy":"post_tag","embeddable":true,"href":"https:\/\/www.europesays.com\/be-fr\/wp-json\/wp\/v2\/tags?post=231567"}],"curies":[{"name":"wp","href":"https:\/\/api.w.org\/{rel}","templated":true}]}}