{"id":231577,"date":"2026-08-30T08:26:30","date_gmt":"2026-08-30T08:26:30","guid":{"rendered":"https:\/\/www.europesays.com\/be-fr\/231577\/"},"modified":"2026-08-30T08:26:30","modified_gmt":"2026-08-30T08:26:30","slug":"alix-gerniers-apres-le-bronze-des-red-panthers-je-nai-jamais-vu-un-tel-niveau-dans-cette-equipe","status":"publish","type":"post","link":"https:\/\/www.europesays.com\/be-fr\/231577\/","title":{"rendered":"Alix Gerniers apr\u00e8s le bronze des Red Panthers : \u00ab\u00a0Je n&rsquo;ai jamais vu un tel niveau dans cette \u00e9quipe\u00a0\u00bb"},"content":{"rendered":"<p class=\"ap-StoryElement ap-StoryElement--mb ap-StoryText\">Apr\u00e8s ce 1-0, elles ont tenu bon et bien r\u00e9sist\u00e9 face \u00e0 des Australiennes qui \u00e9taient vraiment tr\u00e8s solides.<\/p>\n<p class=\"ap-StoryElement ap-StoryElement--mb ap-StoryText\">\u00ab\u00a0Je suis tr\u00e8s contente avec cette m\u00e9daille\u00a0\u00bb, dit Alix Gerniers. \u00ab\u00a0C&rsquo;est la premi\u00e8re fois que j&rsquo;ai cela, mais j&rsquo;aurais \u00e9t\u00e9 heureuse aussi avec une quatri\u00e8me place car je suis fi\u00e8re de la fa\u00e7on avec laquelle nous avons jou\u00e9 depuis le premier match de ce tournoi. Nous avons \u00e9t\u00e9 constantes. Je n&rsquo;ai rien \u00e0 dire de n\u00e9gatif sur ce groupe. Par le pass\u00e9, j&rsquo;\u00e9tais la premi\u00e8re \u00e0 \u00eatre n\u00e9gative. Je n&rsquo;ai jamais vu un tel niveau dans cette \u00e9quipe\u00a0\u00bb, poursuit Alix Gerniers qui \u00e9tait d\u00e9j\u00e0 l\u00e0 en 2014. \u00ab\u00a0Pour moi, nous avons fait le tournoi parfait. Il y a deux jours, des d\u00e9cisions et facteurs externes nous ont conduits sur un autre chemin. Nous n&rsquo;avions rien \u00e0 nous reprocher. C&rsquo;est ainsi. Nous avons beaucoup parl\u00e9 en \u00e9quipe de ce qui s&rsquo;\u00e9tait pass\u00e9 face aux Pays-Bas en demi-finale. Peut-\u00eatre que cela nous a soud\u00e9s encore plus.\u00a0\u00bb<\/p>\n<p><a href=\"https:\/\/www.lalibre.be\/sports\/hockey\/2026\/08\/29\/la-medaille-de-bronze-que-les-red-panthers-attendaient-depuis-48-ans-55S7BOJHWFD6XAOZFFBJV7ASEY\/\" target=\"_self\" class=\"ap-StoryInterstitialLink ap-StoryElement ap-StoryElement--mb\" rel=\"nofollow noopener\">La m\u00e9daille de bronze que les Red Panthers attendaient depuis 48 ans<\/a><\/p>\n<p class=\"ap-StoryElement ap-StoryElement--mb ap-StoryText\">\u00c0 33 ans, Alix Gerniers s&rsquo;interroge sur son avenir. Cette m\u00e9daille de bronze ainsi que l&rsquo;ambiance dans le groupe la poussent \u00e0 prolonger. En tout cas, elle ne voulait pas prendre de d\u00e9cision \u00e0 chaud. \u00ab\u00a0Je ne sais vraiment pas. La d\u00e9cision m&rsquo;appartient. Il faut aussi voir si le coach voudra toujours de moi. Est-il pr\u00e9f\u00e9rable de laisser ma place \u00e0 une jeune. J&rsquo;esp\u00e8re que la d\u00e9cision m&rsquo;appartiendra.\u00a0\u00bb<\/p>\n<p class=\"ap-StoryElement ap-StoryElement--mb ap-StoryText\">Plusieurs Red Panthers pourraient partir \u00e0 la retraite : Alix Gerniers, Judith Vandermeiren, Elena Sotgiu, St\u00e9phanie Vanden Borre. Aucune n&rsquo;a officialis\u00e9 un d\u00e9part \u00e0 la retraite.<\/p>\n","protected":false},"excerpt":{"rendered":"Apr\u00e8s ce 1-0, elles ont tenu bon et bien r\u00e9sist\u00e9 face \u00e0 des Australiennes qui \u00e9taient vraiment tr\u00e8s&hellip;\n","protected":false},"author":2,"featured_media":231578,"comment_status":"","ping_status":"","sticky":false,"template":"","format":"standard","meta":{"footnotes":"","_share_on_mastodon":"0"},"categories":[8],"tags":[2821,41,10,70956,10222,70957,12,13,1526,18,17,70958,15263,70959,2828,7555,1936,67399,67400,2832,326,11921,70960,894,33759,33682,11,8131,70961,58206,369,2861,2265,1549,2266,4080],"class_list":["post-231577","post","type-post","status-publish","format-standard","has-post-thumbnail","category-actualites","tag-vkalut","tag-41","tag-actualites","tag-amstelveen","tag-australia","tag-autralie","tag-be","tag-be-fr","tag-belgie","tag-belgique","tag-belgium","tag-bronmedaille","tag-bronze","tag-bronzen","tag-cup","tag-derde","tag-femmes","tag-fih","tag-fih-world-cup","tag-final","tag-finale","tag-hockey","tag-kleine","tag-match","tag-medaille","tag-medal","tag-news","tag-petite","tag-plaats","tag-red-panthers","tag-sport","tag-vincent-kalut","tag-vrouwen","tag-wedstrijd","tag-women","tag-world"],"share_on_mastodon":{"url":"https:\/\/pubeurope.com\/@be_fr\/117183511630211445","error":""},"_links":{"self":[{"href":"https:\/\/www.europesays.com\/be-fr\/wp-json\/wp\/v2\/posts\/231577","targetHints":{"allow":["GET"]}}],"collection":[{"href":"https:\/\/www.europesays.com\/be-fr\/wp-json\/wp\/v2\/posts"}],"about":[{"href":"https:\/\/www.europesays.com\/be-fr\/wp-json\/wp\/v2\/types\/post"}],"author":[{"embeddable":true,"href":"https:\/\/www.europesays.com\/be-fr\/wp-json\/wp\/v2\/users\/2"}],"replies":[{"embeddable":true,"href":"https:\/\/www.europesays.com\/be-fr\/wp-json\/wp\/v2\/comments?post=231577"}],"version-history":[{"count":0,"href":"https:\/\/www.europesays.com\/be-fr\/wp-json\/wp\/v2\/posts\/231577\/revisions"}],"wp:featuredmedia":[{"embeddable":true,"href":"https:\/\/www.europesays.com\/be-fr\/wp-json\/wp\/v2\/media\/231578"}],"wp:attachment":[{"href":"https:\/\/www.europesays.com\/be-fr\/wp-json\/wp\/v2\/media?parent=231577"}],"wp:term":[{"taxonomy":"category","embeddable":true,"href":"https:\/\/www.europesays.com\/be-fr\/wp-json\/wp\/v2\/categories?post=231577"},{"taxonomy":"post_tag","embeddable":true,"href":"https:\/\/www.europesays.com\/be-fr\/wp-json\/wp\/v2\/tags?post=231577"}],"curies":[{"name":"wp","href":"https:\/\/api.w.org\/{rel}","templated":true}]}}