{"id":231647,"date":"2026-08-30T09:26:13","date_gmt":"2026-08-30T09:26:13","guid":{"rendered":"https:\/\/www.europesays.com\/be-fr\/231647\/"},"modified":"2026-08-30T09:26:13","modified_gmt":"2026-08-30T09:26:13","slug":"mercato-cycliste-le-champion-de-belgique-rune-herregodts-va-quitter-lequipe-uae-pour-une-destination-surprenante","status":"publish","type":"post","link":"https:\/\/www.europesays.com\/be-fr\/231647\/","title":{"rendered":"Mercato cycliste\u00a0: le champion de Belgique Rune Herregodts va quitter l&rsquo;\u00e9quipe UAE pour une destination surprenante"},"content":{"rendered":"<p class=\"ap-StoryElement ap-StoryElement--mb ap-StoryText\">C&rsquo;\u00e9tait un secret de polichinelle : le r\u00e9cent champion de Belgique Rune Herregodts va quitter la formation UAE Team Emirates \u00e0 la fin de la saison. Au sein de l&rsquo;\u00e9quipe de Tadej Pogacar, le Belge estimait ne pas pouvoir rouler suffisamment pour son propre compte, ce qui l&rsquo;a pouss\u00e9 \u00e0 changer d&rsquo;air.<\/p>\n<p class=\"ap-StoryElement ap-StoryElement--mb ap-StoryText\">Aur\u00e9ol\u00e9 de <a href=\"https:\/\/www.dhnet.be\/sports\/cyclisme\/2026\/06\/28\/cyclisme-rune-herregodts-cree-la-surprise-et-devient-champion-de-belgique-au-terme-dune-course-folle-VBCWGN7S5ND53MPVDMVGCXCNIY\/\" target=\"_self\" rel=\"nofollow noopener\">son titre (surprise) \u00e0 Brasschaat lors du championnat de Belgique<\/a>, Herregodts a pu faire monter les ench\u00e8res entre les diff\u00e9rents candidats pour le recruter. Les \u00e9quipes belges Alpecin-Premier Tech et Lotto Intermarch\u00e9 \u00e9taient r\u00e9guli\u00e8rement cit\u00e9es, tout comme les Fran\u00e7ais de Cofidis.<\/p>\n","protected":false},"excerpt":{"rendered":"C&rsquo;\u00e9tait un secret de polichinelle : le r\u00e9cent champion de Belgique Rune Herregodts va quitter la formation UAE&hellip;\n","protected":false},"author":2,"featured_media":231648,"comment_status":"","ping_status":"","sticky":false,"template":"","format":"standard","meta":{"footnotes":"","_share_on_mastodon":"0"},"categories":[81],"tags":[1748,4046,41,12,13,18,17,4050,271,4051,4052,151,3029,2311,71015,4058,4059,4060,4061,968,1762,4063,406,4064,4065,4066,3566,369,84,4067,4068,40972,661,4075,3904,4076,4077,4078,4079,4080,4081],"class_list":["post-231647","post","type-post","status-publish","format-standard","has-post-thumbnail","category-sports","tag-peterdevoecht","tag-2-uwt","tag-41","tag-be","tag-be-fr","tag-belgique","tag-belgium","tag-cycling","tag-cyclisme","tag-elite","tag-etape","tag-france","tag-frankrijk","tag-hommes","tag-le-markstein","tag-le-tour","tag-le-tour-de-france","tag-letour","tag-mannen","tag-men","tag-peter-de-voecht","tag-rit","tag-road","tag-roadcycling","tag-ronde","tag-ronde-van-frankrijk","tag-route","tag-sport","tag-sports","tag-stage","tag-tdf","tag-tdf2026","tag-tour","tag-tour-de-france","tag-uci","tag-uwt","tag-weg","tag-wegrit","tag-wielrennen","tag-world","tag-world-tour"],"share_on_mastodon":{"url":"https:\/\/pubeurope.com\/@be_fr\/117183747569933050","error":""},"_links":{"self":[{"href":"https:\/\/www.europesays.com\/be-fr\/wp-json\/wp\/v2\/posts\/231647","targetHints":{"allow":["GET"]}}],"collection":[{"href":"https:\/\/www.europesays.com\/be-fr\/wp-json\/wp\/v2\/posts"}],"about":[{"href":"https:\/\/www.europesays.com\/be-fr\/wp-json\/wp\/v2\/types\/post"}],"author":[{"embeddable":true,"href":"https:\/\/www.europesays.com\/be-fr\/wp-json\/wp\/v2\/users\/2"}],"replies":[{"embeddable":true,"href":"https:\/\/www.europesays.com\/be-fr\/wp-json\/wp\/v2\/comments?post=231647"}],"version-history":[{"count":0,"href":"https:\/\/www.europesays.com\/be-fr\/wp-json\/wp\/v2\/posts\/231647\/revisions"}],"wp:featuredmedia":[{"embeddable":true,"href":"https:\/\/www.europesays.com\/be-fr\/wp-json\/wp\/v2\/media\/231648"}],"wp:attachment":[{"href":"https:\/\/www.europesays.com\/be-fr\/wp-json\/wp\/v2\/media?parent=231647"}],"wp:term":[{"taxonomy":"category","embeddable":true,"href":"https:\/\/www.europesays.com\/be-fr\/wp-json\/wp\/v2\/categories?post=231647"},{"taxonomy":"post_tag","embeddable":true,"href":"https:\/\/www.europesays.com\/be-fr\/wp-json\/wp\/v2\/tags?post=231647"}],"curies":[{"name":"wp","href":"https:\/\/api.w.org\/{rel}","templated":true}]}}