{"id":231751,"date":"2026-08-30T11:11:14","date_gmt":"2026-08-30T11:11:14","guid":{"rendered":"https:\/\/www.europesays.com\/be-fr\/231751\/"},"modified":"2026-08-30T11:11:14","modified_gmt":"2026-08-30T11:11:14","slug":"un-golden-boy-un-profil-phenomenal-et-un-frenkie-de-jong-lex-coach-a-anderlecht-naim-aarab-nous-parle-des-jeunes-pepites-du-sporting","status":"publish","type":"post","link":"https:\/\/www.europesays.com\/be-fr\/231751\/","title":{"rendered":"\u00ab\u00a0Un golden-boy\u00a0\u00bb, \u00ab\u00a0un profil ph\u00e9nom\u00e9nal\u00a0\u00bb et \u00ab\u00a0un Frenkie de Jong\u00a0\u00bb\u00a0: l&rsquo;ex-coach \u00e0 Anderlecht Na\u00efm Aarab nous parle des jeunes p\u00e9pites du Sporting"},"content":{"rendered":"<p><img loading=\"lazy\" decoding=\"async\" class=\"w-full lazyload lazyload--opacity object-contain\" style=\"aspect-ratio:150 \/ 100;opacity:1\" alt=\"ANDERLECHT, BELGIUM - AUGUST 09 : Nga Kana Joshua midfielder of RSC Anderlecht during the Jupiler Pro League match between RSC Anderlecht and RAAL La Louviere on August 9, 2026 in Anderlecht, Belgium, 09\/08\/2026 ( Photo by David Hagemann \/ Photonews\" width=\"768\" height=\"512\" fetchpriority=\"auto\" src=\"https:\/\/www.europesays.com\/be-fr\/wp-content\/uploads\/2026\/08\/1788088272_897_S5VKD3X55FFF3BW6V4SEHXNP7I.png\"  data- data-optimumx=\"1\"\/><img loading=\"lazy\" decoding=\"async\" src=\"https:\/\/www.europesays.com\/be-fr\/wp-content\/uploads\/2026\/08\/1788088274_285_PQY7FPFE3ZC6ZHSXLTN2KWKKFY.JPG\" width=\"768\" height=\"512\" alt=\"ANDERLECHT, BELGIUM - AUGUST 09 : Nga Kana Joshua midfielder of RSC Anderlecht during the Jupiler Pro League match between RSC Anderlecht and RAAL La Louviere on August 9, 2026 in Anderlecht, Belgium, 09\/08\/2026 ( Photo by David Hagemann \/ Photonews\" class=\"absolute inset-0 w-full\"\/>Joshua Nga Kana fait forte impression avec Anderlecht en ce d\u00e9but de saison. \u00a9DHA<a href=\"https:\/\/www.dhnet.be\/sports\/football\/division-1a\/anderlecht\/2026\/08\/28\/europa-league-anderlecht-et-lunion-dans-le-deuxieme-chapeau-pour-le-tirage-direct-13h00-WUKONQQHX5E67GZ6VCBV7RFZ6Q\/\" target=\"_self\" class=\"ap-StoryInterstitialLink ap-StoryElement ap-StoryElement--mb\" rel=\"nofollow noopener\">De Cat de retour au Lotto Park, Lyon affrontera l&rsquo;Union et Anderlecht : voici le tirage au sort de l&rsquo;Europa League<\/a><\/p>\n<p class=\"ap-StoryElement ap-StoryElement--mb ap-StoryText\">Jayden Onia Seke (17 ans) est lui aussi l&rsquo;un des jeunes mis en avant en ce d\u00e9but de saison 2026-2027, avec d\u00e9j\u00e0 trois titularisations europ\u00e9ennes. \u00ab\u00a0Il faudra y aller \u00e9tape par \u00e9tape pour Joshua et Jayden, explique Aarab. Ils devront \u00eatre entour\u00e9s de joueurs exp\u00e9riment\u00e9s pour pouvoir laisser parler leur talent et leur intuition. De toute fa\u00e7on, Anderlecht sait comment accompagner les jeunes.\u00a0\u00bb<\/p>\n<p>guillement<\/p>\n<p class=\"ap-StoryQuote-text\">Noa Ojea est un profil ph\u00e9nom\u00e9nal, un tr\u00e8s bon joueur avec un pied gauche de grande qualit\u00e9.<\/p>\n<p class=\"ap-StoryElement ap-StoryElement--mb ap-StoryText\"><a href=\"https:\/\/www.dhnet.be\/sports\/football\/division-1a\/anderlecht\/2026\/08\/21\/marco-kana-a-joue-un-de-ses-meilleurs-matchs-pour-anderlecht-le-kairat-netait-pas-mauvais-H75WHONNXFBQBL4W46DVIKWATM\/\" target=\"_self\" rel=\"nofollow noopener\">Derri\u00e8re ces deux noms, d&rsquo;autres jeunes pointent le bout de leur nez<\/a> au Sporting. C&rsquo;est le cas de Noa Ojea (17), mont\u00e9 au jeu face \u00e0 La Louvi\u00e8re mais aussi lors des deux matchs face \u00e0 Kairat Almaty. \u00ab\u00a0C&rsquo;\u00e9tait un U18 qui s&rsquo;entra\u00eenait avec les U23 en d\u00e9but de saison. Je ne comprenais d&rsquo;ailleurs pas pourquoi il n&rsquo;\u00e9tait pas toujours avec les U23\u2026 C&rsquo;est un profil ph\u00e9nom\u00e9nal, un tr\u00e8s bon joueur avec un pied gauche de grande qualit\u00e9. Il sait jouer entre les lignes, donner la derni\u00e8re passe et poss\u00e8de une tr\u00e8s bonne frappe.\u00a0\u00bb<\/p>\n<p><img loading=\"lazy\" decoding=\"async\" class=\"w-full lazyload lazyload--opacity object-contain\" style=\"aspect-ratio:150 \/ 100;opacity:1\" alt=\"NEERPEDE, BELGIUM - JULY 29 :  Vroninks Basile defender of RSC Anderlecht pictured during a training session ahead of the UEFA Europa League 2026\/27 second qualifying round second leg between RSC Anderlecht and Hammarby IF on July 29, 2026 in Neerpede, Belgium, 29\/07\/2026 ( Photo by Tomas Sisk \/ Photonews\" width=\"768\" height=\"512\" fetchpriority=\"auto\" src=\"https:\/\/www.europesays.com\/be-fr\/wp-content\/uploads\/2026\/08\/1788088272_897_S5VKD3X55FFF3BW6V4SEHXNP7I.png\"  data- data-optimumx=\"1\"\/><img loading=\"lazy\" decoding=\"async\" src=\"https:\/\/www.europesays.com\/be-fr\/wp-content\/uploads\/2026\/08\/WCSLCMEYMZGGVLIPZR4FRXERDA.JPG\" width=\"768\" height=\"512\" alt=\"NEERPEDE, BELGIUM - JULY 29 :  Vroninks Basile defender of RSC Anderlecht pictured during a training session ahead of the UEFA Europa League 2026\/27 second qualifying round second leg between RSC Anderlecht and Hammarby IF on July 29, 2026 in Neerpede, Belgium, 29\/07\/2026 ( Photo by Tomas Sisk \/ Photonews\" class=\"absolute inset-0 w-full\"\/>Basile Vroninks fait partie du groupe anderlechtois. \u00a9TSI<a href=\"https:\/\/www.dhnet.be\/sports\/football\/division-1a\/union-saint-gilloise\/2026\/08\/28\/apres-un-ete-mouvemente-voici-les-cinq-raisons-pour-lesquelles-le-derby-face-a-anderlecht-est-deja-un-match-essentiel-pour-lunion-RAMQ6BNIPFEWVLKJIKMEZCT6FE\/\" target=\"_self\" class=\"ap-StoryInterstitialLink ap-StoryElement ap-StoryElement--mb\" rel=\"nofollow noopener\">Apr\u00e8s un \u00e9t\u00e9 mouvement\u00e9, voici les cinq raisons pour lesquelles le derby face \u00e0 Anderlecht est d\u00e9j\u00e0 un match essentiel pour l&rsquo;Union<\/a>Profil \u00e0 la Boussoufa<\/p>\n<p class=\"ap-StoryElement ap-StoryElement--mb ap-StoryText\">Basile Vroninks (19), qui n&rsquo;a pas encore re\u00e7u de temps de jeu cette saison, \u00e9tait mont\u00e9 deux fois en d\u00e9but de saison derni\u00e8re. Dont lors de l&rsquo;importantissime rencontre face \u00e0 H\u00e4cken, o\u00f9 il \u00e9tait sorti apr\u00e8s 36 minutes\u2026 \u00ab\u00a0C&rsquo;\u00e9tait all\u00e9 trop vite pour lui \u00e0 l&rsquo;\u00e9poque, se souvient Na\u00efm Aarab. Tous les jeunes ne sont pas comme Kompany ou Vanden Borre, donc il faut parfois \u00eatre patient. Vroninks peut jouer piston droit, lat\u00e9ral droit ou central droit dans une d\u00e9fense \u00e0 cinq. Il est bon techniquement et poss\u00e8de une bonne intelligence de jeu. Il devrait \u00eatre pr\u00eat\u00e9 dans un club comme Westerlo ou Saint-Trond pour encha\u00eener les matchs dans un environnement d&rsquo;adultes.\u00a0\u00bb<\/p>\n<p class=\"ap-StoryElement ap-StoryElement--mb ap-StoryText\">D&rsquo;autres jeunes pourraient aussi \u00e9clater cette saison. Comme Noah Kalonji, 17 ans (\u00ab\u00a0Il a d\u00e9j\u00e0 une morphologie tr\u00e8s d\u00e9velopp\u00e9e et a besoin de jouer avec des adultes\u00a0\u00bb), Enzo Sternal, 19 ans (\u00ab\u00a0Un profil \u00e0 la Boussoufa\u00a0\u00bb) ou Alex de Ridder, 18 ans (\u00ab\u00a0Il me fait penser \u00e0 Frenkie De Jong, il est tr\u00e8s fort avec le ballon et tr\u00e8s agressif dans le pressing et le contre-pressing\u00a0\u00bb). De quoi perp\u00e9tuer la tradition des jeunes pousses talentueuses anderlechtoises\u2026<\/p>\n<p><a href=\"https:\/\/www.dhnet.be\/sports\/football\/division-1a\/anderlecht\/2026\/08\/28\/vitor-bruno-veut-des-costumes-de-singe-mais-avec-un-ojea-anderlecht-pourra-se-presenter-a-un-bal-de-gala-SWDYX3MVE5AVFFYVYX7FIZPAFM\/\" target=\"_self\" class=\"ap-StoryInterstitialLink ap-StoryElement ap-StoryElement--mb\" rel=\"nofollow noopener\">Vitor Bruno veut des \u00ab\u00a0costumes de singe\u00a0\u00bb mais avec un Ojea, Anderlecht pourra se pr\u00e9senter \u00e0 un bal de gala<\/a><\/p>\n","protected":false},"excerpt":{"rendered":"Joshua Nga Kana fait forte impression avec Anderlecht en ce d\u00e9but de saison. \u00a9DHADe Cat de retour au&hellip;\n","protected":false},"author":2,"featured_media":231752,"comment_status":"","ping_status":"","sticky":false,"template":"","format":"standard","meta":{"footnotes":"","_share_on_mastodon":"0"},"categories":[81],"tags":[9801,41,142,12,13,18,17,6098,1080,482,1752,1753,628,4754,4142,1535,6099,1758,6100,6101,894,1759,1760,1761,1763,6102,6103,1765,1766,906,369,1767,84,6104,1082,1549],"class_list":["post-231751","post","type-post","status-publish","format-standard","has-post-thumbnail","category-sports","tag-david-hagemann","tag-41","tag-anderlecht","tag-be","tag-be-fr","tag-belgique","tag-belgium","tag-de-wolven","tag-foot","tag-football","tag-jpl","tag-jupiler","tag-jupiler-pro-league","tag-la","tag-la-louviere","tag-league","tag-les-loups","tag-les-mauves","tag-loups","tag-louviere","tag-match","tag-mauves","tag-paars","tag-paarswit","tag-r-s-c-a","tag-raal","tag-raal-la-louviere","tag-rsc","tag-rsca","tag-soccer","tag-sport","tag-sporting","tag-sports","tag-tivoli","tag-voetbal","tag-wedstrijd"],"share_on_mastodon":{"url":"https:\/\/pubeurope.com\/@be_fr\/117184160730723443","error":""},"_links":{"self":[{"href":"https:\/\/www.europesays.com\/be-fr\/wp-json\/wp\/v2\/posts\/231751","targetHints":{"allow":["GET"]}}],"collection":[{"href":"https:\/\/www.europesays.com\/be-fr\/wp-json\/wp\/v2\/posts"}],"about":[{"href":"https:\/\/www.europesays.com\/be-fr\/wp-json\/wp\/v2\/types\/post"}],"author":[{"embeddable":true,"href":"https:\/\/www.europesays.com\/be-fr\/wp-json\/wp\/v2\/users\/2"}],"replies":[{"embeddable":true,"href":"https:\/\/www.europesays.com\/be-fr\/wp-json\/wp\/v2\/comments?post=231751"}],"version-history":[{"count":0,"href":"https:\/\/www.europesays.com\/be-fr\/wp-json\/wp\/v2\/posts\/231751\/revisions"}],"wp:featuredmedia":[{"embeddable":true,"href":"https:\/\/www.europesays.com\/be-fr\/wp-json\/wp\/v2\/media\/231752"}],"wp:attachment":[{"href":"https:\/\/www.europesays.com\/be-fr\/wp-json\/wp\/v2\/media?parent=231751"}],"wp:term":[{"taxonomy":"category","embeddable":true,"href":"https:\/\/www.europesays.com\/be-fr\/wp-json\/wp\/v2\/categories?post=231751"},{"taxonomy":"post_tag","embeddable":true,"href":"https:\/\/www.europesays.com\/be-fr\/wp-json\/wp\/v2\/tags?post=231751"}],"curies":[{"name":"wp","href":"https:\/\/api.w.org\/{rel}","templated":true}]}}