{"id":231829,"date":"2026-08-30T12:17:13","date_gmt":"2026-08-30T12:17:13","guid":{"rendered":"https:\/\/www.europesays.com\/be-fr\/231829\/"},"modified":"2026-08-30T12:17:13","modified_gmt":"2026-08-30T12:17:13","slug":"deux-nouveaux-absents-cote-unioniste-bentayeb-qualifie-bertaccini-incertain-les-compos-probables-avant-union-anderlecht","status":"publish","type":"post","link":"https:\/\/www.europesays.com\/be-fr\/231829\/","title":{"rendered":"Deux nouveaux absents c\u00f4t\u00e9 unioniste, Bentayeb qualifi\u00e9, Bertaccini incertain\u00a0: les compos probables avant Union &#8211; Anderlecht"},"content":{"rendered":"<p>Les compos probables<\/p>\n<p class=\"ap-StoryElement ap-StoryElement--mb ap-StoryText\">Arbitre : L. Visser.<\/p>\n<p class=\"ap-StoryElement ap-StoryElement--mb ap-StoryText\">UNION SG : Koffi, Mac Allister, Sylla, Havenaar, Van de Perre, Zorgane, Zeneli, Patris, Guilherme, Rodriguez, Fuseini (Chambaere, Kavlashvili, Patris, Kricfalusi, Schoofs, Pavlic, Niang, Ait El Hadj, Olaru, Mofokeng, Raul, Biondic).<\/p>\n<p class=\"ap-StoryElement ap-StoryElement--mb ap-StoryText\">Bless\u00e9s : Sykes, Chibani, Hurtevent.<\/p>\n<p class=\"ap-StoryElement ap-StoryElement--mb ap-StoryText\">ANDERLECHT : Coosemans ; Maamar, Biancone, P\u00e9trot, Augustinsson ; Kana, Llansana, Ambros ; Nga Kana, Sikan, Cvetkovic (Heekeren, Seghers, Keita, Barry, Vroninks, Kalonji, Ojea, Antman, Degreef, Winkler, Bentayeb).<\/p>\n<p class=\"ap-StoryElement ap-StoryElement--mb ap-StoryText\">Bless\u00e9s : Bertaccini, Hey, Camara, Sardella.<\/p>\n<p>Suivez la rencontre en direct d\u00e8s 18h30 :        <\/p>\n<p>Bonjour \u00e0 tous<\/p>\n<p>Bienvenue sur ce live comment\u00e9 du derby bruxellois entre l&rsquo;Union Saint-Gilloise et Anderlecht.<\/p>\n<p>Le coup d&rsquo;envoi de la partie sera donn\u00e9 \u00e0 18h30.<\/p>\n<p>            Load more        <\/p>\n","protected":false},"excerpt":{"rendered":"Les compos probables Arbitre : L. Visser. UNION SG : Koffi, Mac Allister, Sylla, Havenaar, Van de Perre,&hellip;\n","protected":false},"author":2,"featured_media":231830,"comment_status":"","ping_status":"","sticky":false,"template":"","format":"standard","meta":{"footnotes":"","_share_on_mastodon":"0"},"categories":[81],"tags":[961,3847,12,13,18,17,3026,68522,68523,4423,4424,1079,1080,482,3961,71066,3914,968,969,901,1541,71067,71068,26361,71069,71070,906,84,4430,1082],"class_list":["post-231829","post","type-post","status-publish","format-standard","has-post-thumbnail","category-sports","tag-adult","tag-athlete","tag-be","tag-be-fr","tag-belgique","tag-belgium","tag-clothing","tag-d1b","tag-d2","tag-deuxieme-division","tag-division-deux","tag-first-division","tag-foot","tag-football","tag-football-player","tag-francs-borains","tag-luik","tag-men","tag-one-person","tag-player","tag-red","tag-rfb","tag-rfc-liege","tag-rfcl","tag-royal-fc-liege","tag-royal-francs-borains","tag-soccer","tag-sports","tag-tweede-klasse","tag-voetbal"],"share_on_mastodon":{"url":"https:\/\/pubeurope.com\/@be_fr\/117184419770156564","error":""},"_links":{"self":[{"href":"https:\/\/www.europesays.com\/be-fr\/wp-json\/wp\/v2\/posts\/231829","targetHints":{"allow":["GET"]}}],"collection":[{"href":"https:\/\/www.europesays.com\/be-fr\/wp-json\/wp\/v2\/posts"}],"about":[{"href":"https:\/\/www.europesays.com\/be-fr\/wp-json\/wp\/v2\/types\/post"}],"author":[{"embeddable":true,"href":"https:\/\/www.europesays.com\/be-fr\/wp-json\/wp\/v2\/users\/2"}],"replies":[{"embeddable":true,"href":"https:\/\/www.europesays.com\/be-fr\/wp-json\/wp\/v2\/comments?post=231829"}],"version-history":[{"count":0,"href":"https:\/\/www.europesays.com\/be-fr\/wp-json\/wp\/v2\/posts\/231829\/revisions"}],"wp:featuredmedia":[{"embeddable":true,"href":"https:\/\/www.europesays.com\/be-fr\/wp-json\/wp\/v2\/media\/231830"}],"wp:attachment":[{"href":"https:\/\/www.europesays.com\/be-fr\/wp-json\/wp\/v2\/media?parent=231829"}],"wp:term":[{"taxonomy":"category","embeddable":true,"href":"https:\/\/www.europesays.com\/be-fr\/wp-json\/wp\/v2\/categories?post=231829"},{"taxonomy":"post_tag","embeddable":true,"href":"https:\/\/www.europesays.com\/be-fr\/wp-json\/wp\/v2\/tags?post=231829"}],"curies":[{"name":"wp","href":"https:\/\/api.w.org\/{rel}","templated":true}]}}