{"id":231837,"date":"2026-08-30T12:23:10","date_gmt":"2026-08-30T12:23:10","guid":{"rendered":"https:\/\/www.europesays.com\/be-fr\/231837\/"},"modified":"2026-08-30T12:23:10","modified_gmt":"2026-08-30T12:23:10","slug":"tiphaine-auziere-en-couple-avec-un-homme-de-20-ans-son-cadet-leur-belle-histoire-officialisee-a-amsterdam","status":"publish","type":"post","link":"https:\/\/www.europesays.com\/be-fr\/231837\/","title":{"rendered":"Tiphaine Auzi\u00e8re en couple avec un homme de 20 ans son cadet : leur belle histoire officialis\u00e9e \u00e0 Amsterdam"},"content":{"rendered":"<p>        R\u00e9sum\u00e9<\/p>\n<p>Tiphaine Auzi\u00e8re et Antoine Lecomte officialisent leur relation avec un s\u00e9jour complice \u00e0 Amsterdam, r\u00e9v\u00e9lant une histoire sinc\u00e8re et un entourage heureux pour la jeune avocate.<\/p>\n<p>          Sommaire<\/p>\n<p>\n        Couverture compl\u00e8te sur<\/p>\n<p>          Tiphaine Auzi\u00e8re\n      <\/p>\n<p><a href=\"https:\/\/www.public.fr\/tiphaine-auziere-plus-un-coeur-a-prendre-lavocate-et-fille-de-brigitte-macron-a-craque-pour-un-charmant-kitesurfeur-au-touquet\" rel=\"nofollow noopener\" target=\"_blank\">Entre Tiphaine Auzi\u00e8re et Antoine Lecomte<\/a>, les choses semblent plus s\u00e9rieuses que jamais. Apr\u00e8s avoir officialis\u00e9 leur relation, les deux amoureux ont d\u00e9cid\u00e9 de partager leur premi\u00e8re escapade \u00e0 deux sur Instagram. <\/p>\n<p>Et pour cette vir\u00e9e romantique, direction Amsterdam, o\u00f9 ils ont profit\u00e9 de quelques jours loin du quotidien.<\/p>\n<p>Pour rejoindre les Pays-Bas, Tiphaine Auzi\u00e8re et son compagnon ont choisi de prendre la route en van. Une fois arriv\u00e9s \u00e0 Amsterdam, ils ont pos\u00e9 leurs valises dans un endroit pour le moins original. Le couple a effectivement s\u00e9journ\u00e9 au Faralda Hotel, install\u00e9 dans une ancienne grue portuaire de 50 m\u00e8tres de haut, au c\u0153ur du chantier naval NDSM. Un d\u00e9cor assez incroyable qui leur a permis de profiter d&rsquo;un cadre avec vue sur la ville.<\/p>\n<p>Un s\u00e9jour plac\u00e9 sous le signe de la complicit\u00e9<\/p>\n<p>Sur Instagram, les deux tourtereaux ont d\u00e9voil\u00e9 quelques images de leur s\u00e9jour. Au programme, des balades, des glaces, des moments de d\u00e9tente et surtout beaucoup de complicit\u00e9. Ils ont aussi profit\u00e9 de l&rsquo;ambiance tr\u00e8s particuli\u00e8re du quartier NDSM, connu pour son street art et son atmosph\u00e8re artistique.<\/p>\n<p>Si Tiphaine Auzi\u00e8re et Antoine Lecomte viennent tout juste de rendre leur histoire publique, leur rencontre ne daterait pas d&rsquo;hier. Selon Gala, la fille de Brigitte Macron aurait fait la connaissance du jeune homme durant ses vacances au Touquet. <\/p>\n<p>Originaire de Lille et \u00e2g\u00e9 de 22 ans, Antoine Lecomte est passionn\u00e9 de kitesurf. Tiphaine aurait d&rsquo;ailleurs pris des cours d&rsquo;e-foil aupr\u00e8s de lui. Et visiblement, le courant est vite pass\u00e9 entre eux.<\/p>\n<p>Brigitte Macron ravie pour Tiphaine Auzi\u00e8re<\/p>\n<p>Leur histoire serait aussi connue de leur entourage depuis quelque temps d\u00e9j\u00e0. <a href=\"https:\/\/www.public.fr\/brigitte-macron-sa-fille-tiphaine-auziere-en-couple-avec-un-homme-de-20-ans-son-cadet-sa-reaction-est-sans-appel\" rel=\"nofollow noopener\" target=\"_blank\">Brigitte Macron aurait notamment \u00e9t\u00e9 mise au courant de cette nouvelle relation<\/a>. Une source proche a confi\u00e9 \u00e0 Gala qu&rsquo;elle \u00e9tait heureuse de voir sa fille \u00e9panouie : \u00ab\u00a0Comme toutes les mamans. Tout ce qui compte pour elle, c&rsquo;est le bonheur de sa fille, donc elle est tr\u00e8s contente de la voir \u00e9panouie\u00a0\u00bb. <\/p>\n<p>Quant \u00e0 leur diff\u00e9rence d&rsquo;\u00e2ge, elle ne semble pas vraiment pr\u00e9occuper l&rsquo;avocate : \u00ab\u00a0Antoine est un aventurier qui n&rsquo;a peur de rien, tandis que Tiphaine ressemble beaucoup \u00e0 sa m\u00e8re. Comme Brigitte, elle n&rsquo;\u00e9coute que son c\u0153ur et ne se soucie pas du regard des autres. Seul l&rsquo;avis de sa famille est important \u00e0 ses yeux\u00a0\u00bb.<\/p>\n<p>Apr\u00e8s cette jolie escapade \u00e0 Amsterdam, les deux amoureux semblent donc bien d\u00e9cid\u00e9s \u00e0 profiter de leur histoire. Et \u00e0 voir les images partag\u00e9es sur Instagram, Tiphaine Auzi\u00e8re et Antoine Lecomte n&rsquo;ont pas fini de nous faire partager leurs petits moments \u00e0 deux. <\/p>\n<p>      Mentionn\u00e9s dans cet article<\/p>\n<p>      Sur le m\u00eame sujet<\/p>\n","protected":false},"excerpt":{"rendered":"R\u00e9sum\u00e9 Tiphaine Auzi\u00e8re et Antoine Lecomte officialisent leur relation avec un s\u00e9jour complice \u00e0 Amsterdam, r\u00e9v\u00e9lant une histoire&hellip;\n","protected":false},"author":2,"featured_media":231838,"comment_status":"","ping_status":"","sticky":false,"template":"","format":"standard","meta":{"footnotes":"","_share_on_mastodon":"0"},"categories":[102],"tags":[12,13,18,17,27958,129,128,1083,96,95,109,17385],"class_list":["post-231837","post","type-post","status-publish","format-standard","has-post-thumbnail","category-people","tag-be","tag-be-fr","tag-belgique","tag-belgium","tag-brigitte-macron","tag-celebrities","tag-celebrity","tag-couple","tag-divertissement","tag-entertainment","tag-people","tag-tiphaine-auziere"],"share_on_mastodon":{"url":"https:\/\/pubeurope.com\/@be_fr\/117184443531476050","error":""},"_links":{"self":[{"href":"https:\/\/www.europesays.com\/be-fr\/wp-json\/wp\/v2\/posts\/231837","targetHints":{"allow":["GET"]}}],"collection":[{"href":"https:\/\/www.europesays.com\/be-fr\/wp-json\/wp\/v2\/posts"}],"about":[{"href":"https:\/\/www.europesays.com\/be-fr\/wp-json\/wp\/v2\/types\/post"}],"author":[{"embeddable":true,"href":"https:\/\/www.europesays.com\/be-fr\/wp-json\/wp\/v2\/users\/2"}],"replies":[{"embeddable":true,"href":"https:\/\/www.europesays.com\/be-fr\/wp-json\/wp\/v2\/comments?post=231837"}],"version-history":[{"count":0,"href":"https:\/\/www.europesays.com\/be-fr\/wp-json\/wp\/v2\/posts\/231837\/revisions"}],"wp:featuredmedia":[{"embeddable":true,"href":"https:\/\/www.europesays.com\/be-fr\/wp-json\/wp\/v2\/media\/231838"}],"wp:attachment":[{"href":"https:\/\/www.europesays.com\/be-fr\/wp-json\/wp\/v2\/media?parent=231837"}],"wp:term":[{"taxonomy":"category","embeddable":true,"href":"https:\/\/www.europesays.com\/be-fr\/wp-json\/wp\/v2\/categories?post=231837"},{"taxonomy":"post_tag","embeddable":true,"href":"https:\/\/www.europesays.com\/be-fr\/wp-json\/wp\/v2\/tags?post=231837"}],"curies":[{"name":"wp","href":"https:\/\/api.w.org\/{rel}","templated":true}]}}