{"id":231901,"date":"2026-08-30T13:14:15","date_gmt":"2026-08-30T13:14:15","guid":{"rendered":"https:\/\/www.europesays.com\/be-fr\/231901\/"},"modified":"2026-08-30T13:14:15","modified_gmt":"2026-08-30T13:14:15","slug":"les-europeens-sont-ils-trop-timides-face-a-la-multiplication-des-attaques-hybrides-ca-nempechera-pas-la-russie-de-poursuivre","status":"publish","type":"post","link":"https:\/\/www.europesays.com\/be-fr\/231901\/","title":{"rendered":"\u200b\u200bLes Europ\u00e9ens sont-ils trop timides face \u00e0 la multiplication des attaques hybrides\u00a0? \u00ab\u00a0\u00c7a n&#8217;emp\u00eachera pas la Russie de poursuivre\u00a0\u00bb"},"content":{"rendered":"<p class=\"ap-StoryElement ap-StoryElement--mb ap-StoryText\">\u00ab\u00a0Je pense que certains drones arrivent par accident et que d&rsquo;autres sont envoy\u00e9s d\u00e9lib\u00e9r\u00e9ment\u00a0\u00bb par la Russie estimait mi-ao\u00fbt la pr\u00e9sidente moldave Maia Sandu, avant de pr\u00e9ciser que les autorit\u00e9s avaient clairement identifi\u00e9 l&rsquo;origine des engins concern\u00e9s. \u00ab\u00a0Dans un cas comme dans l&rsquo;autre, ces drones violent l&rsquo;espace a\u00e9rien de notre pays [\u2026] et repr\u00e9sentent un danger pour la population\u00a0\u00bb.<\/p>\n<p><img loading=\"lazy\" decoding=\"async\" class=\"w-full lazyload lazyload--opacity object-contain\" style=\"aspect-ratio:100 \/ 100;opacity:1\" alt=\"Moldavie\" width=\"768\" height=\"768\" fetchpriority=\"auto\" src=\"https:\/\/www.europesays.com\/be-fr\/wp-content\/uploads\/2026\/08\/1788095653_658_S5VKD3X55FFF3BW6V4SEHXNP7I.png\"  data- data-optimumx=\"1\"\/><img loading=\"lazy\" decoding=\"async\" src=\"https:\/\/www.europesays.com\/be-fr\/wp-content\/uploads\/2026\/08\/UTLFYLTODZGATFM6BGNRTBEZLY.jpg\" width=\"768\" height=\"768\" alt=\"Moldavie\" class=\"absolute inset-0 w-full\"\/>Moldavie \u00a9IPM GraphicsL&rsquo;Allemagne dans le viseur<\/p>\n<p class=\"ap-StoryElement ap-StoryElement--mb ap-StoryText\">Les pays frontaliers de l&rsquo;Ukraine ne sont pas les seuls \u00e0 faire face \u00e0 une multiplication de ce type d'\u00a0\u00bbincidents\u00a0\u00bb. Premier contributeur europ\u00e9en de l&rsquo;aide \u00e0 l&rsquo;Ukraine, l&rsquo;Allemagne est m\u00eame cibl\u00e9e de plus en plus ouvertement. Le 4 ao\u00fbt, un drone charg\u00e9 d&rsquo;explosifs \u00e9tait d\u00e9couvert dans la zone de transport de fret de l&rsquo;a\u00e9roport de Leipzig, juste \u00e0 c\u00f4t\u00e9 de plusieurs avions-cargos ukrainiens charg\u00e9s d&rsquo;armes et de mat\u00e9riel.<\/p>\n<p><a href=\"https:\/\/www.lalibre.be\/international\/europe\/2026\/08\/06\/lallemagne-redoute-une-escalade-dans-les-attaques-hybrides-apres-la-decouverte-dun-drone-arme-dexplosif-a-laeroport-de-leipzig-F6UOU2FJ6FE2HPBF6QDGJ4PDAM\/\" target=\"_self\" class=\"ap-StoryInterstitialLink ap-StoryElement ap-StoryElement--mb\" rel=\"nofollow noopener\">L&rsquo;Allemagne redoute \u00ab\u00a0une escalade\u00a0\u00bb dans les attaques hybrides apr\u00e8s la d\u00e9couverte d&rsquo;un drone arm\u00e9 d&rsquo;explosif \u00e0 l&rsquo;a\u00e9roport de Leipzig<\/a><\/p>\n<p class=\"ap-StoryElement ap-StoryElement--mb ap-StoryText\">Un deuxi\u00e8me engin aurait heurt\u00e9 un avion DHL quelques minutes plus tard, et un troisi\u00e8me aurait \u00e9t\u00e9 retrouv\u00e9 dans un champ situ\u00e9 \u00e0 proximit\u00e9 charg\u00e9 d&rsquo;explosifs. L&rsquo;Allemagne \u00ab\u00a0est davantage entr\u00e9e dans le viseur d&rsquo;attaques hybrides\u00a0\u00bb a sobrement confirm\u00e9 le chancelier Friedrich Merz, avant que pr\u00e9ciser que Berlin ferait \u00ab\u00a0payer leurs actes\u00a0\u00bb aux auteurs de ces attentats, sans donner davantage de pr\u00e9cisions.<\/p>\n<p><img loading=\"lazy\" decoding=\"async\" class=\"w-full lazyload lazyload--opacity object-contain\" style=\"aspect-ratio:150 \/ 100;opacity:1\" alt=\"Police officers are walking across a field on the grounds of Leipzig Airport, in Schkeuditz, Germany, Friday, Aug. 7, 2026, searching for a drone that may be connected to a suspected attack. (Sebastian Willnow\/dpa via AP)\" width=\"768\" height=\"512\" fetchpriority=\"auto\" src=\"https:\/\/www.europesays.com\/be-fr\/wp-content\/uploads\/2026\/08\/1788095653_658_S5VKD3X55FFF3BW6V4SEHXNP7I.png\"  data- data-optimumx=\"1\"\/><img loading=\"lazy\" decoding=\"async\" src=\"https:\/\/www.europesays.com\/be-fr\/wp-content\/uploads\/2026\/08\/H6UXVB4ZCBBLXNTPXCF2SR5DUE.jpg\" width=\"768\" height=\"512\" alt=\"Police officers are walking across a field on the grounds of Leipzig Airport, in Schkeuditz, Germany, Friday, Aug. 7, 2026, searching for a drone that may be connected to a suspected attack. (Sebastian Willnow\/dpa via AP)\" class=\"absolute inset-0 w-full\"\/>Police officers are walking across a field on the grounds of Leipzig Airport, in Schkeuditz, Germany, Friday, Aug. 7, 2026, searching for a drone that may be connected to a suspected attack. (Sebastian Willnow\/dpa via AP) \u00a9(c) Copyright 2026, dpa (www.dpa.de). Alle Rechte vorbehaltenAttaques en hausse<\/p>\n<p class=\"ap-StoryElement ap-StoryElement--mb ap-StoryText\">\u00ab\u00a0On assiste effectivement \u00e0 une nouvelle recrudescence de ce type d&rsquo;attaques ces derni\u00e8res semaines\u00a0\u00bb, commente Maxime Lebrun, ancien chercheur au Centre d&rsquo;excellence europ\u00e9en pour la lutte contre les menaces hybrides, d\u00e9sormais directeur de l&rsquo;entreprise de conseil en gestion de crise, Stave Advisory. \u00ab\u00a0Le choix des cibles n&rsquo;est jamais anodin. Dans le cas de la Moldavie, par exemple, la Commission europ\u00e9enne a accept\u00e9 d&rsquo;ouvrir au mois de juin un nouveau chapitre dans les n\u00e9gociations d&rsquo;adh\u00e9sion du pays \u00e0 l&rsquo;Union europ\u00e9enne. Ce qui explique l&rsquo;accentuation de la campagne de harc\u00e8lement dont Chisinau fait l&rsquo;objet\u00a0\u00bb.<\/p>\n<p class=\"ap-StoryElement ap-StoryElement--mb ap-StoryText\">Alors que d&rsquo;importantes \u00e9lections se profilent sur le continent en 2026 et 2027, la Su\u00e8de, la Finlande, les \u00c9tats baltes et les pays du flanc oriental de l&rsquo;Europe dont la Pologne et la Roumanie, ne cessent d&rsquo;alerter sur les risques d&rsquo;ing\u00e9rence russes. Il se dit par ailleurs que la visite surprise du nouveau directeur de la CIA, John Ratcliffe, \u00e0 Moscou ce mardi avait pour but de dissuader le Kremlin de s&rsquo;en prendre directement ou indirectement aux pays membres de l&rsquo;Otan (lire ci-dessous).<\/p>\n<p><a href=\"https:\/\/www.lalibre.be\/international\/europe\/guerre-ukraine-russie\/2026\/08\/21\/lukraine-a-t-elle-pris-lascendant-sur-la-russie-kiev-a-reussi-a-mettre-fin-a-la-spirale-negative-36EGXFWUIBFTVMTM5ALY5M3AJA\/\" target=\"_self\" class=\"ap-StoryInterstitialLink ap-StoryElement ap-StoryElement--mb\" rel=\"nofollow noopener\">L&rsquo;Ukraine a-t-elle pris l&rsquo;ascendant sur la Russie ? \u00ab\u00a0Kiev a r\u00e9ussi \u00e0 mettre fin \u00e0 la spirale n\u00e9gative\u00a0\u00bb<\/a>Ne pas r\u00e9agir, la bonne r\u00e9ponse ?<\/p>\n<p class=\"ap-StoryElement ap-StoryElement--mb ap-StoryText\">Tous les \u00c9tats cibl\u00e9s ont toutefois r\u00e9agi avec prudence jusqu&rsquo;\u00e0 pr\u00e9sent. <a href=\"https:\/\/www.lalibre.be\/international\/europe\/2026\/05\/06\/ils-tentent-de-renverser-la-table-en-roumanie-la-cure-dausterite-du-gouvernement-fait-craindre-le-pire-SWXDM2K7PVEL7EI6MZURTFH2XE\/\" target=\"_self\" rel=\"nofollow noopener\">La Roumanie <\/a>a expuls\u00e9 le consul russe, la Moldavie a exclu d&rsquo;agir de la sorte \u00ab\u00a0car \u00e7a n&#8217;emp\u00eachera pas la Russie de poursuivre ses actions\u00a0\u00bb, et les dirigeants allemands se sont content\u00e9s de d\u00e9plorer les incidents. Au risque d&rsquo;encourager Moscou \u00e0 aller plus loin ?<\/p>\n<p class=\"ap-StoryElement ap-StoryElement--mb ap-StoryText\">\u00ab\u00a0Quand une attaque ne fait pas ou peu de dommages, il serait totalement contre-productif de surr\u00e9agir\u00a0\u00bb commente Maxime Lebrun. \u00ab\u00a0Parce que la cible des op\u00e9rations hybrides, c&rsquo;est la population. Il s&rsquo;agit de d\u00e9courager et de polariser les soci\u00e9t\u00e9s des pays qui soutiennent l&rsquo;Ukraine pour rendre ce soutien moins vendable aupr\u00e8s des opinions publiques\u00a0\u00bb.<\/p>\n<p class=\"ap-StoryElement ap-StoryElement--mb ap-StoryText\">\u00ab\u00a0Si on reste sous le seuil de la guerre ou des menaces militaires ouvertes, la premi\u00e8re r\u00e9ponse est de travailler sur la connaissance de la situation et la d\u00e9tection de ce qui se passe\u00a0\u00bb, ajoute le conseiller en gestion de crise. \u00ab\u00a0De mani\u00e8re \u00e0 prouver ce que l&rsquo;on avance politiquement pour consolider un r\u00e9gime de sanctions. Parce qu&rsquo;il ne faut pas oublier que tout ce qui \u00e9mane de la Russie \u2013 en termes de harc\u00e8lement par exemple \u2013 ne vient pas forc\u00e9ment de l&rsquo;\u00c9tat russe centralis\u00e9, mais d&rsquo;un tas de petites entit\u00e9s priv\u00e9es dans le domaine de la communication ou des relations publiques qui sont en comp\u00e9tition dans un microcosme malsain o\u00f9 le but est de toucher plus de financements publics et des contrats. Or, ces acteurs-l\u00e0 ont beaucoup \u00e0 perdre s&rsquo;ils sont sp\u00e9cifiquement sanctionn\u00e9s. C&rsquo;est ce qui rend la lutte contre la menace hybride si complexe : il s&rsquo;agit d&rsquo;une menace \u00e0 360\u00b0 qui implique tous les secteurs de la soci\u00e9t\u00e9\u00a0\u00bb.<\/p>\n<p>Toujours pas assez de drones<\/p>\n<p class=\"ap-StoryElement ap-StoryElement--mb ap-StoryText\">La \u00ab\u00a0guerre des drones\u00a0\u00bb, elle, est nettement plus centralis\u00e9e par Moscou. Face \u00e0 cette menace, il s&rsquo;agit \u00e9videmment de pr\u00e9parer et adapter les infrastructures jug\u00e9es critiques \u2013 dans le domaine de l&rsquo;\u00e9nergie ou des transports notamment \u2013 tout en montant en gamme dans la production, l&rsquo;usage et la r\u00e9glementation des drones en Europe.<\/p>\n<p><a href=\"https:\/\/www.lalibre.be\/international\/europe\/2025\/10\/16\/comme-lotan-la-commission-fait-de-la-defense-contre-les-drones-un-objectif-prioritaire-GGXUCCXGYZESBGMLCXXJBAW2F4\/\" target=\"_self\" class=\"ap-StoryInterstitialLink ap-StoryElement ap-StoryElement--mb\" rel=\"nofollow noopener\">Comme l&rsquo;Otan, la Commission fait de la d\u00e9fense contre les drones un objectif prioritaire<\/a><\/p>\n<p class=\"ap-StoryElement ap-StoryElement--mb ap-StoryText\">La Commission europ\u00e9enne a ouvert la voie \u00e0 cette \u00ab\u00a0dronisation\u00a0\u00bb, mais il revient \u00e0 chaque \u00e9tat de d\u00e9finir son protocole, sa politique et de former son personnel dans le domaine. La cha\u00eene de production, quoique plus rapide que celle d&rsquo;un armement \u00ab\u00a0lourd\u00a0\u00bb, met par ailleurs du temps \u00e0 se mettre en place. \u00ab\u00a0L&rsquo;ampleur de la menace est telle qu&rsquo;il est difficile de coordonner, voire de centraliser la r\u00e9ponse\u00a0\u00bb, estime Maxime Lebrun. \u00ab\u00a0Et ce n&rsquo;est pas plus mal, car il serait \u00e9galement assez facile de mettre un ministre ou un responsable de la menace hybride en situation d&rsquo;\u00e9chec\u00a0\u00bb.<\/p>\n<p>Le seuil tr\u00e8s \u00e9lev\u00e9 de l&rsquo;article 5<\/p>\n<p class=\"ap-StoryElement ap-StoryElement--mb ap-StoryText\">Reste, la crainte largement relay\u00e9e dans les m\u00e9dias, de voir <a href=\"https:\/\/www.lalibre.be\/international\/europe\/guerre-ukraine-russie\/2026\/08\/26\/vladimir-poutine-de-plus-en-plus-menacant-la-russie-envisage-une-nouvelle-escalade-KQQ2NSTQNVBWPJL2QGSGP6PUHY\/\" target=\"_self\" rel=\"nofollow noopener\">la Russie <\/a>augmenter son niveau de menace pour tester la solidit\u00e9 de l&rsquo;Otan et prendre l&rsquo;Alliance atlantique en d\u00e9faut. Notamment en ce qui concerne la mise en \u0153uvre du fameux article 5 qui fonde le principe d&rsquo;une r\u00e9ponse collective en cas d&rsquo;attaque d&rsquo;un de ses membres. D&rsquo;aucuns consid\u00e8rent d&rsquo;ailleurs que les attaques hybrides actuelles ne sont que la premi\u00e8re \u00e9tape, la \u00ab\u00a0phase z\u00e9ro\u00a0\u00bb, d&rsquo;une guerre entre la Russie et l&rsquo;Otan.<\/p>\n<p><a href=\"https:\/\/www.lalibre.be\/international\/europe\/guerre-ukraine-russie\/2026\/07\/14\/a-paris-leurope-renforce-son-soutien-a-lukraine-et-vante-son-reveil-strategique-T4LVBLBYONHQBIJJZQQZWLQFJU\/\" target=\"_self\" class=\"ap-StoryInterstitialLink ap-StoryElement ap-StoryElement--mb\" rel=\"nofollow noopener\">\u00c0 Paris, l&rsquo;Europe renforce son soutien \u00e0 l&rsquo;Ukraine et vante son \u00ab\u00a0r\u00e9veil strat\u00e9gique\u00a0\u00bb<\/a><\/p>\n<p class=\"ap-StoryElement ap-StoryElement--mb ap-StoryText\">\u00ab\u00a0On parle effectivement beaucoup de l&rsquo;article 5\u00a0\u00bb, confirme l&rsquo;ancien chercheur en menace hybride. \u00ab\u00a0Mais il faut garder \u00e0 l&rsquo;esprit qu&rsquo;avant l&rsquo;article 5, il y a les articles 3 et 4. Face \u00e0 une attaque ou une crise majeure, chaque \u00c9tat membre doit d&rsquo;abord \u00eatre en mesure d&rsquo;y faire face individuellement, proportionnellement, et\/ou de consulter d&rsquo;autres \u00c9tats membres pour agir conjointement le cas \u00e9ch\u00e9ant. Si \u00e7a ne permet pas de mettre fin \u00e0 la menace, et que l&rsquo;\u00c9tat concern\u00e9 demande la mise en application de l&rsquo;article 5, le Conseil de l&rsquo;Alliance doit encore valider celle-ci \u00e0 l&rsquo;unanimit\u00e9. Le seuil d&rsquo;activation de cet article 5 est tr\u00e8s haut et c&rsquo;est une tr\u00e8s bonne chose, car une fois qu&rsquo;on l&rsquo;active, il n&rsquo;y a pas vraiment de possible retour en arri\u00e8re\u00a0\u00bb.<\/p>\n","protected":false},"excerpt":{"rendered":"\u00ab\u00a0Je pense que certains drones arrivent par accident et que d&rsquo;autres sont envoy\u00e9s d\u00e9lib\u00e9r\u00e9ment\u00a0\u00bb par la Russie estimait&hellip;\n","protected":false},"author":2,"featured_media":231902,"comment_status":"","ping_status":"","sticky":false,"template":"","format":"standard","meta":{"footnotes":"","_share_on_mastodon":"0"},"categories":[9],"tags":[12,13,18,17,1276,31,32],"class_list":["post-231901","post","type-post","status-publish","format-standard","has-post-thumbnail","category-international","tag-be","tag-be-fr","tag-belgique","tag-belgium","tag-conflit-russie-ukraine","tag-international","tag-world-news"],"share_on_mastodon":{"url":"https:\/\/pubeurope.com\/@be_fr\/117184644349157311","error":""},"_links":{"self":[{"href":"https:\/\/www.europesays.com\/be-fr\/wp-json\/wp\/v2\/posts\/231901","targetHints":{"allow":["GET"]}}],"collection":[{"href":"https:\/\/www.europesays.com\/be-fr\/wp-json\/wp\/v2\/posts"}],"about":[{"href":"https:\/\/www.europesays.com\/be-fr\/wp-json\/wp\/v2\/types\/post"}],"author":[{"embeddable":true,"href":"https:\/\/www.europesays.com\/be-fr\/wp-json\/wp\/v2\/users\/2"}],"replies":[{"embeddable":true,"href":"https:\/\/www.europesays.com\/be-fr\/wp-json\/wp\/v2\/comments?post=231901"}],"version-history":[{"count":0,"href":"https:\/\/www.europesays.com\/be-fr\/wp-json\/wp\/v2\/posts\/231901\/revisions"}],"wp:featuredmedia":[{"embeddable":true,"href":"https:\/\/www.europesays.com\/be-fr\/wp-json\/wp\/v2\/media\/231902"}],"wp:attachment":[{"href":"https:\/\/www.europesays.com\/be-fr\/wp-json\/wp\/v2\/media?parent=231901"}],"wp:term":[{"taxonomy":"category","embeddable":true,"href":"https:\/\/www.europesays.com\/be-fr\/wp-json\/wp\/v2\/categories?post=231901"},{"taxonomy":"post_tag","embeddable":true,"href":"https:\/\/www.europesays.com\/be-fr\/wp-json\/wp\/v2\/tags?post=231901"}],"curies":[{"name":"wp","href":"https:\/\/api.w.org\/{rel}","templated":true}]}}