{"id":232019,"date":"2026-08-30T15:03:25","date_gmt":"2026-08-30T15:03:25","guid":{"rendered":"https:\/\/www.europesays.com\/be-fr\/232019\/"},"modified":"2026-08-30T15:03:25","modified_gmt":"2026-08-30T15:03:25","slug":"sara-de-paduwa-aux-commandes-de-c-tout-vu-un-nouveau-jeu-sur-la-une-je-suis-a-lantenne-exactement-la-meme-que-dans-la-vraie-vie","status":"publish","type":"post","link":"https:\/\/www.europesays.com\/be-fr\/232019\/","title":{"rendered":"Sara De Paduwa aux commandes de C tout vu, un nouveau jeu sur La Une: \u00ab\u00a0Je suis \u00e0 l&rsquo;antenne exactement la m\u00eame que dans la vraie vie\u00a0\u00bb"},"content":{"rendered":"<p class=\"ap-StoryElement ap-StoryElement--mb ap-StoryText\">Qu&rsquo;est-ce qui vous a donn\u00e9 envie d&rsquo;accepter ce projet ?<\/p>\n<p class=\"ap-StoryElement ap-StoryElement--mb ap-StoryText\">\u00ab\u00a0L&rsquo;id\u00e9e venait de la RTBF, qui a choisi le format. Quand ils me l&rsquo;ont propos\u00e9, j&rsquo;ai dit oui tout de suite avec un grand bonheur. J&rsquo;adore le jeu et le partage avec le public. C&rsquo;est une vraie bulle d&rsquo;air : le temps de quelques minutes, on oublie les soucis du quotidien, la morosit\u00e9 et le flux des mauvaises nouvelles. Dans le contexte m\u00e9diatique actuel, se voir confier une telle \u00e9mission est une grande chance. Je me sens avant tout tr\u00e8s chanceuse et remplie de gratitude.\u00a0\u00bb<\/p>\n<p><a href=\"https:\/\/www.dhnet.be\/medias\/television\/2025\/12\/17\/jessaye-daller-puiser-mon-energie-dans-les-petits-bonheurs-de-la-vie-sara-de-paduwa-sur-sa-vie-apres-le-6-8-DNPFKTYCMBAFVKP6KBTRWZLCEY\/\" target=\"_self\" class=\"ap-StoryInterstitialLink ap-StoryElement ap-StoryElement--mb\" rel=\"nofollow noopener\">\u00ab\u00a0J&rsquo;essaye d&rsquo;aller puiser mon \u00e9nergie dans les petits bonheurs de la vie\u00a0\u00bb: Sara de Paduwa sur sa vie apr\u00e8s le \u00ab\u00a06-8\u00a0\u00bb<\/a><\/p>\n<p class=\"ap-StoryElement ap-StoryElement--mb ap-StoryText\">Vous vous \u00eates lanc\u00e9e sans pression ?<\/p>\n<p class=\"ap-StoryElement ap-StoryElement--mb ap-StoryText\">\u00ab\u00a0<a href=\"https:\/\/www.dhnet.be\/medias\/2025\/08\/20\/sara-de-paduwa-decroche-une-nouvelle-emission-sur-vivacite-sa-remplacante-au-8-9-est-connue-F6Y4OHRFUNCGVOE45SWO4KT5LU\/\" target=\"_self\" rel=\"nofollow noopener\">La pression, je l&rsquo;apprivoise d\u00e9j\u00e0 au quotidien \u00e0 la radio o\u00f9 j&rsquo;anime du jeu tous les jours<\/a>, et j&rsquo;avais pr\u00e9sent\u00e9 Les Associ\u00e9s pendant plusieurs saisons. L&rsquo;exercice du jeu ne m&rsquo;est donc pas inconnu. Apr\u00e8s, c&rsquo;est vrai qu&rsquo;au moment d&rsquo;aborder un format totalement in\u00e9dit, il y a toujours une petite pointe de trac l\u00e9gitime. Mais l&rsquo;enthousiasme a tr\u00e8s vite pris le dessus.\u00a0\u00bb<\/p>\n<p class=\"ap-StoryElement ap-StoryElement--mb ap-StoryText\">Comment parvenez-vous \u00e0 imposer votre personnalit\u00e9 dans un jeu tr\u00e8s codifi\u00e9 ?<\/p>\n<p class=\"ap-StoryElement ap-StoryElement--mb ap-StoryText\">\u00ab\u00a0C&rsquo;est vrai qu&rsquo;un jeu est m\u00e9canique par d\u00e9finition : il y a des manches, des r\u00e8gles, et les gens jouent pour de l&rsquo;argent r\u00e9el, donc le cadre doit \u00eatre respect\u00e9. Ce que j&rsquo;apporte, c&rsquo;est mon sourire, une vraie \u00e9coute et le plaisir sinc\u00e8re de jouer avec eux. Que ce soit en talk-show ou dans un jeu, ma marque de fabrique a toujours \u00e9t\u00e9 le naturel, la simplicit\u00e9, la spontan\u00e9it\u00e9, l&rsquo;humour et l&rsquo;autod\u00e9rision. Je n&rsquo;ai pas de r\u00f4le : je suis \u00e0 l&rsquo;antenne exactement la m\u00eame que dans la vie de tous les jours.\u00a0\u00bb<\/p>\n<p class=\"ap-StoryElement ap-StoryElement--mb ap-StoryText\">Quel est votre r\u00f4le exact aupr\u00e8s des candidats ?<\/p>\n<p class=\"ap-StoryElement ap-StoryElement--mb ap-StoryText\">\u00ab\u00a0Je suis simplement une passeuse ! Ce moment appartient aux candidats. Ce sont des gens du public qui se sont pr\u00e9par\u00e9s, qui sont ravis de venir \u00e0 la t\u00e9l\u00e9vision et de jouer. Mon r\u00f4le est de les mettre en valeur, de les d\u00e9tendre et de partager ce moment de plaisir avec eux. C&rsquo;est magique de vivre \u00e7a dans la rigolade.\u00a0\u00bb<\/p>\n<p><a href=\"https:\/\/www.dhnet.be\/medias\/television\/2026\/08\/26\/la-rtbf-fait-sa-rentree-voici-les-nouveautes-qui-attendent-les-telespectateurs-QH72GXAVXZA5RIKNCF7OLODGSY\/\" target=\"_self\" class=\"ap-StoryInterstitialLink ap-StoryElement ap-StoryElement--mb\" rel=\"nofollow noopener\">La RTBF fait sa rentr\u00e9e: voici les nouveaut\u00e9s qui attendent les t\u00e9l\u00e9spectateurs<\/a><\/p>\n<p class=\"ap-StoryElement ap-StoryElement--mb ap-StoryText\">Le dimanche soir est tr\u00e8s concurrentiel. Redoutez-vous les audiences ?<\/p>\n<p class=\"ap-StoryElement ap-StoryElement--mb ap-StoryText\">\u00ab\u00a0Aujourd&rsquo;hui, les audiences sont un sujet complexe parce que les habitudes de consommation et les \u00e9crans changent. Mais au final, c&rsquo;est toujours le public qui a raison. Malgr\u00e9 la concurrence du dimanche, je pense qu&rsquo;une maison comme la RTBF se doit de proposer un jeu 100 % belge, avec des questions de chez nous et des candidats de chez nous. Notre public est tr\u00e8s joueur, il y avait une r\u00e9elle attente.\u00a0\u00bb<\/p>\n<p class=\"ap-StoryElement ap-StoryElement--mb ap-StoryText\">Vous avez fait une pause t\u00e9l\u00e9. L&rsquo;obligation d&rsquo;image devenait lourde \u00e0 porter ?<\/p>\n<p class=\"ap-StoryElement ap-StoryElement--mb ap-StoryText\">\u00ab\u00a0Ce qui a pu me peser \u00e0 un moment, c&rsquo;est effectivement le c\u00f4t\u00e9 \u00ab\u00a0image\u00a0\u00bb : le maquillage, la coiffure, le choix des v\u00eatements\u2026 Dans la vraie vie, je m&rsquo;en fous compl\u00e8tement de tout \u00e7a ! J&rsquo;avais besoin de prendre un peu de distance pour revenir \u00e0 la radio, mon m\u00e9dia de c\u0153ur. La radio offre une simplicit\u00e9 et une spontan\u00e9it\u00e9 que la t\u00e9l\u00e9 n&rsquo;a pas, car l&rsquo;image alourdit toujours un peu le message.\u00a0\u00bb<\/p>\n<p class=\"ap-StoryElement ap-StoryElement--mb ap-StoryText\">On vous qualifie souvent de fille sympa. Avez-vous d\u00fb vous battre pour prouver votre l\u00e9gitimit\u00e9 ?<\/p>\n<p class=\"ap-StoryElement ap-StoryElement--mb ap-StoryText\">\u00ab\u00a0\u00catre per\u00e7ue comme la fille sympa ou la bonne copine est un immense compliment pour moi. Je n&rsquo;ai aucun probl\u00e8me d&rsquo;ego ou de besoin de reconnaissance culturelle ou intellectuelle.<a href=\"https:\/\/www.dhnet.be\/medias\/television\/2025\/06\/27\/ca-restera-grave-en-moi-a-tout-jamais-sara-de-paduwa-a-fait-ses-adieux-au-6-8-et-au-8-9-BDLYJLH44VGHFAQINS5WBYNOWY\/\" target=\"_self\" rel=\"nofollow noopener\"> Quand j&rsquo;ai cr\u00e9\u00e9 le 6-8, c&rsquo;\u00e9tait dans cet esprit convivial et accessible.<\/a> Si les gens m&rsquo;aiment pour ma simplicit\u00e9, j&rsquo;en suis tr\u00e8s fi\u00e8re.\u00a0\u00bb<\/p>\n<p><a href=\"https:\/\/www.dhnet.be\/medias\/television\/2026\/08\/19\/quotidien-a-la-belge-voici-le-casting-du-nouveau-gros-projet-tele-de-la-rtbf-GG6OIESM3FH4TINBCDZ3G3SR7E\/\" target=\"_self\" class=\"ap-StoryInterstitialLink ap-StoryElement ap-StoryElement--mb\" rel=\"nofollow noopener\">\u00ab\u00a0Quotidien\u00a0\u00bb \u00e0 la belge: voici le casting du nouveau gros projet t\u00e9l\u00e9 de la RTBF<\/a><\/p>\n<p class=\"ap-StoryElement ap-StoryElement--mb ap-StoryText\">Comment vivez-vous votre popularit\u00e9 dans ta vie personnelle au quotidien ?<\/p>\n<p class=\"ap-StoryElement ap-StoryElement--mb ap-StoryText\">\u00ab\u00a0\u00c7a a \u00e9volu\u00e9. Au d\u00e9but, je ne me rendais pas compte, puis la notori\u00e9t\u00e9 a grandi. \u00c7a ne m&rsquo;a jamais d\u00e9rang\u00e9e d&rsquo;\u00eatre interpell\u00e9e quand je fais mes courses. Mais j&rsquo;ai aussi une vie de famille avec deux enfants et un mari. Avec les ann\u00e9es, je suis devenue plus casani\u00e8re, j&rsquo;aime rester chez moi lire mes bouquins. Quand on traverse des moments plus difficiles dans sa vie personnelle, il est parfois d\u00e9licat de devoir garder le sourire en public car on ne peut pas \u00ab\u00a0\u00e9teindre\u00a0\u00bb sa notori\u00e9t\u00e9.\u00a0\u00bb<\/p>\n<p class=\"ap-StoryElement ap-StoryElement--mb ap-StoryText\">Vous autorisez-vous \u00e0 montrer vos coups de fatigue ou de mauvaise humeur \u00e0 l&rsquo;antenne ?<\/p>\n<p class=\"ap-StoryElement ap-StoryElement--mb ap-StoryText\">\u00ab\u00a0Par respect pour le public qui nous \u00e9coute ou nous regarde, je ne montre pas mes coups de mou. L&rsquo;humeur est communicative, alors je me fais un devoir d&rsquo;\u00eatre positive. Quand je ne vais pas bien, je pr\u00e9f\u00e8re m&rsquo;\u00e9carter poliment. C&rsquo;est aussi pour cela que j&rsquo;ai pris mes distances avec les r\u00e9seaux sociaux : plut\u00f4t que d&rsquo;alimenter les critiques ou la malveillance, je pr\u00e9f\u00e8re m&rsquo;\u00e9loigner et passer mon chemin.\u00a0\u00bb<\/p>\n<p><a href=\"https:\/\/www.dhnet.be\/medias\/television\/2025\/08\/24\/quel-flop-que-sest-il-passe-hier-soir-sur-la-rtbf-qui-a-du-interrompre-la-diffusion-de-son-alors-on-danse-presente-par-sarah-de-paduwa-7VEN45E2JJCGXIZJMQ7R33L6QQ\/\" target=\"_self\" class=\"ap-StoryInterstitialLink ap-StoryElement ap-StoryElement--mb\" rel=\"nofollow noopener\">\u00ab\u00a0Quel flop !\u00a0\u00bb: que s&rsquo;est-il pass\u00e9 hier soir sur la RTBF qui a d\u00fb interrompre la diffusion de son \u00ab\u00a0Alors on danse\u00a0\u00bb pr\u00e9sent\u00e9 par Sara De Paduwa ?<\/a><\/p>\n<p class=\"ap-StoryElement ap-StoryElement--mb ap-StoryText\">Si vous deviez donner un conseil \u00e0 la Sara qui d\u00e9butait il y a 15 ans ?<\/p>\n<p class=\"ap-StoryElement ap-StoryElement--mb ap-StoryText\">\u00ab\u00a0Je lui dirais : \u00ab\u00a0Prends le temps de r\u00e9aliser ce qui t&rsquo;arrive !\u00a0\u00bb. \u00c0 30 ans, entre le 6-8 et Viva for Life, j&rsquo;\u00e9tais tellement la t\u00eate dans le guidon que je ne mesurais pas toujours la chance et l&rsquo;ampleur de ce que je vivais. Aujourd&rsquo;hui \u00e0 46 ans, je ne regrette rien. La vie est un apprentissage : on fait des erreurs, on apprend et on avance sans ressasser.\u00a0\u00bb<\/p>\n","protected":false},"excerpt":{"rendered":"Qu&rsquo;est-ce qui vous a donn\u00e9 envie d&rsquo;accepter ce projet ? \u00ab\u00a0L&rsquo;id\u00e9e venait de la RTBF, qui a choisi&hellip;\n","protected":false},"author":2,"featured_media":232020,"comment_status":"","ping_status":"","sticky":false,"template":"","format":"standard","meta":{"footnotes":"","_share_on_mastodon":"0"},"categories":[102],"tags":[8419,2524,12,13,18,17,46,129,128,96,95,3349,8420,273,8421,109,971,8422],"class_list":["post-232019","post","type-post","status-publish","format-standard","has-post-thumbnail","category-people","tag-administrateur-general","tag-audiovisuel","tag-be","tag-be-fr","tag-belgique","tag-belgium","tag-bruxelles","tag-celebrities","tag-celebrity","tag-divertissement","tag-entertainment","tag-inauguration","tag-jean-paul-philippot","tag-medias","tag-nouveaux-locaux","tag-people","tag-rtbf","tag-service-public"],"share_on_mastodon":{"url":"https:\/\/pubeurope.com\/@be_fr\/117185072653883249","error":""},"_links":{"self":[{"href":"https:\/\/www.europesays.com\/be-fr\/wp-json\/wp\/v2\/posts\/232019","targetHints":{"allow":["GET"]}}],"collection":[{"href":"https:\/\/www.europesays.com\/be-fr\/wp-json\/wp\/v2\/posts"}],"about":[{"href":"https:\/\/www.europesays.com\/be-fr\/wp-json\/wp\/v2\/types\/post"}],"author":[{"embeddable":true,"href":"https:\/\/www.europesays.com\/be-fr\/wp-json\/wp\/v2\/users\/2"}],"replies":[{"embeddable":true,"href":"https:\/\/www.europesays.com\/be-fr\/wp-json\/wp\/v2\/comments?post=232019"}],"version-history":[{"count":0,"href":"https:\/\/www.europesays.com\/be-fr\/wp-json\/wp\/v2\/posts\/232019\/revisions"}],"wp:featuredmedia":[{"embeddable":true,"href":"https:\/\/www.europesays.com\/be-fr\/wp-json\/wp\/v2\/media\/232020"}],"wp:attachment":[{"href":"https:\/\/www.europesays.com\/be-fr\/wp-json\/wp\/v2\/media?parent=232019"}],"wp:term":[{"taxonomy":"category","embeddable":true,"href":"https:\/\/www.europesays.com\/be-fr\/wp-json\/wp\/v2\/categories?post=232019"},{"taxonomy":"post_tag","embeddable":true,"href":"https:\/\/www.europesays.com\/be-fr\/wp-json\/wp\/v2\/tags?post=232019"}],"curies":[{"name":"wp","href":"https:\/\/api.w.org\/{rel}","templated":true}]}}