{"id":232235,"date":"2026-08-30T19:24:13","date_gmt":"2026-08-30T19:24:13","guid":{"rendered":"https:\/\/www.europesays.com\/be-fr\/232235\/"},"modified":"2026-08-30T19:24:13","modified_gmt":"2026-08-30T19:24:13","slug":"a-chelsea-le-symbole-romeo-lavia-et-le-petit-soulagement-de-mike-penders","status":"publish","type":"post","link":"https:\/\/www.europesays.com\/be-fr\/232235\/","title":{"rendered":"\u00c0 Chelsea, le symbole Rom\u00e9o Lavia et le petit soulagement de Mike Penders"},"content":{"rendered":"<p class=\"ap-StoryElement ap-StoryElement--mb ap-StoryText\">Les atouts offensifs Pedro Neto, Jo\u00e3o Pedro et Cole Palmer ont une nouvelle fois \u00e9t\u00e9 les plus en vue, mais <a href=\"https:\/\/www.dhnet.be\/sports\/football\/diablesrouges\/2026\/08\/30\/le-but-de-renard-de-romeeo-lavia-avec-chelsea-video-E7B52K6OYZGCPKCJLFIWEUZTEY\/\" target=\"_self\" rel=\"nofollow noopener\">le premier but a bien \u00e9t\u00e9 inscrit par Rom\u00e9o Lavia.<\/a> Au bon endroit pour pousser le ballon dans les filets de Bart Verbruggen, le m\u00e9dian n&rsquo;avait plus marqu\u00e9 depuis\u2026 le 30 ao\u00fbt 2022 face \u00e0\u2026 Chelsea. Un symbole \u00e9norme pour le Belge de 22 ans.<\/p>\n<p><a href=\"https:\/\/www.dhnet.be\/sports\/football\/diablesrouges\/2026\/08\/30\/le-but-de-renard-de-romeeo-lavia-avec-chelsea-video-E7B52K6OYZGCPKCJLFIWEUZTEY\/\" target=\"_self\" class=\"ap-StoryInterstitialLink ap-StoryElement ap-StoryElement--mb\" rel=\"nofollow noopener\">Le but de renard de Rom\u00e9o Lavia avec Chelsea (VIDEO)<\/a><\/p>\n<p class=\"ap-StoryElement ap-StoryElement--mb ap-StoryText\">Quatre ans jour pour jour apr\u00e8s ce but, Rom\u00e9o Lavia retrouve surtout enfin sa r\u00e9sistance physique qui lui avait permis \u2013 \u00e0 son \u00e9poque de Southampton \u2013 d&rsquo;encha\u00eener les rencontres sans p\u00e9pin. Serait-ce donc le d\u00e9but d&rsquo;une saison sans blessures musculaires \u00e0 r\u00e9p\u00e9tition ?<\/p>\n<p class=\"ap-StoryElement ap-StoryElement--mb ap-StoryText\">S&rsquo;il reste en forme, Rom\u00e9o Lavia deviendra en tout cas essentiel dans l&rsquo;entrejeu de Xabi Alonso. Surtout vu les actuels probl\u00e8mes physiques de Moises Caicedo et le probable d\u00e9part d&rsquo;Enzo Fernandez vers Manchester City qui r\u00e9duisent la concurrence. M\u00eame si Chelsea pourrait encore recruter avant la fin du mercato et le choc de dimanche prochain \u00e0 Arsenal.<\/p>\n<p class=\"ap-StoryElement ap-StoryElement--mb ap-StoryText\">Mike Penders, lui, craignait l&rsquo;arriv\u00e9e d&rsquo;Emiliano Martinez, d\u00e9j\u00e0 titularis\u00e9 ce dimanche face \u00e0 l&rsquo;\u00e9quipe de Maxim De Cuyper. Mais Xabi Alonso l&rsquo;a certainement rassur\u00e9 en choisissant de renvoyer Robert Sanchez en tribune et non lui. Le jeune gardien de 21 ans devrait donc rester num\u00e9ro 2, m\u00eame si ce transfert du champion du monde argentin r\u00e9duit ses chances de devenir num\u00e9ro 1 dans les semaines \u00e0 venir. Dans un premier temps, il devra sans doute se contenter des matchs de coupe.<\/p>\n<p><a href=\"https:\/\/www.dhnet.be\/sports\/football\/mercato\/2026\/08\/28\/on-verra-bien-quel-avenir-pour-mike-penders-avec-larrivee-dun-nouveau-concurrent-xxl-a-chelsea-TI2QEBQMC5GWTDOOFVIMZ6I4JY\/\" target=\"_self\" class=\"ap-StoryInterstitialLink ap-StoryElement ap-StoryElement--mb\" rel=\"nofollow noopener\">\u00ab\u00a0On verra bien\u00a0\u00bb : quel avenir pour Mike Penders avec l&rsquo;arriv\u00e9e d&rsquo;un nouveau concurrent XXL \u00e0 Chelsea ?<\/a><\/p>\n","protected":false},"excerpt":{"rendered":"Les atouts offensifs Pedro Neto, Jo\u00e3o Pedro et Cole Palmer ont une nouvelle fois \u00e9t\u00e9 les plus en&hellip;\n","protected":false},"author":2,"featured_media":232236,"comment_status":"","ping_status":"","sticky":false,"template":"","format":"standard","meta":{"footnotes":"","_share_on_mastodon":"0"},"categories":[81],"tags":[41,71292,1012,71293,12,13,18,17,38131,38132,71294,40058,1014,12064,18253,38134,38135,71295,482,1017,59158,38136,38138,1020,1535,12071,71296,38143,17675,2529,902,8711,906,84,1029,41666,12096,12098,1030,912,1032],"class_list":["post-232235","post","type-post","status-publish","format-standard","has-post-thumbnail","category-sports","tag-41","tag-2026-27","tag-am","tag-auge","tag-be","tag-be-fr","tag-belgique","tag-belgium","tag-brighton","tag-brightons","tag-brucke","tag-chelsea","tag-der","tag-englands","tag-english","tag-epl","tag-erstliga","tag-fangemeinde","tag-football","tag-fusball","tag-grosbritannien","tag-hochheben","tag-koenigreich","tag-landerspiels","tag-league","tag-liga","tag-londoner","tag-mens","tag-nach","tag-premier","tag-quer","tag-season","tag-soccer","tag-sports","tag-und","tag-v","tag-vereinigte","tag-volt","tag-vom","tag-x0x","tag-zwischen"],"share_on_mastodon":{"url":"https:\/\/pubeurope.com\/@be_fr\/117186098938101992","error":""},"_links":{"self":[{"href":"https:\/\/www.europesays.com\/be-fr\/wp-json\/wp\/v2\/posts\/232235","targetHints":{"allow":["GET"]}}],"collection":[{"href":"https:\/\/www.europesays.com\/be-fr\/wp-json\/wp\/v2\/posts"}],"about":[{"href":"https:\/\/www.europesays.com\/be-fr\/wp-json\/wp\/v2\/types\/post"}],"author":[{"embeddable":true,"href":"https:\/\/www.europesays.com\/be-fr\/wp-json\/wp\/v2\/users\/2"}],"replies":[{"embeddable":true,"href":"https:\/\/www.europesays.com\/be-fr\/wp-json\/wp\/v2\/comments?post=232235"}],"version-history":[{"count":0,"href":"https:\/\/www.europesays.com\/be-fr\/wp-json\/wp\/v2\/posts\/232235\/revisions"}],"wp:featuredmedia":[{"embeddable":true,"href":"https:\/\/www.europesays.com\/be-fr\/wp-json\/wp\/v2\/media\/232236"}],"wp:attachment":[{"href":"https:\/\/www.europesays.com\/be-fr\/wp-json\/wp\/v2\/media?parent=232235"}],"wp:term":[{"taxonomy":"category","embeddable":true,"href":"https:\/\/www.europesays.com\/be-fr\/wp-json\/wp\/v2\/categories?post=232235"},{"taxonomy":"post_tag","embeddable":true,"href":"https:\/\/www.europesays.com\/be-fr\/wp-json\/wp\/v2\/tags?post=232235"}],"curies":[{"name":"wp","href":"https:\/\/api.w.org\/{rel}","templated":true}]}}