{"id":232421,"date":"2026-08-31T02:37:15","date_gmt":"2026-08-31T02:37:15","guid":{"rendered":"https:\/\/www.europesays.com\/be-fr\/232421\/"},"modified":"2026-08-31T02:37:15","modified_gmt":"2026-08-31T02:37:15","slug":"lordinateur-de-bureau-ryzen-ai-max-400-de-192-go-de-framework-se-rapproche-de-son-lancement","status":"publish","type":"post","link":"https:\/\/www.europesays.com\/be-fr\/232421\/","title":{"rendered":"L&rsquo;ordinateur de bureau Ryzen AI Max 400 de 192 Go de Framework se rapproche de son lancement"},"content":{"rendered":"<p class=\"bodytext\">Framework <a href=\"https:\/\/www.notebookcheck.biz\/Framework-lance-le-premier-PC-de-bureau-mini-ITX-au-monde-equipe-d-un-processeur-Ryzen-AI-Max-Pro-495-et-de-192-Go-de-RAM.1349644.0.html\" target=\"_self\" class=\"internal-link\" rel=\"nofollow noopener\">a d\u00e9voil\u00e9 davantage d&rsquo;informations<\/a> concernant la nouvelle version 192 Go de son PC de bureau compact, \u00e9quip\u00e9 des puces Ryzen AI 400 Gorgon Halo d&rsquo;AMD, avec une <a href=\"https:\/\/frame.work\/pl\/en\/desktop?tab=192gb-coming-soon\" class=\"external-link-new-window\" data-htmlarea-external=\"1\" rtekeep=\"1\" rel=\"nofollow noopener\" target=\"_blank\">page produit d\u00e9di\u00e9e<\/a> pr\u00e9sentant ses caract\u00e9ristiques techniques. Cette configuration mise \u00e0 jour offre une bande passante m\u00e9moire accrue, ce qui pourrait permettre au syst\u00e8me de g\u00e9rer des charges de travail d\u2019IA qui n\u00e9cessiteraient habituellement plusieurs cartes graphiques haut de gamme. Jusqu\u2019\u00e0 160 Go de la m\u00e9moire totale peuvent \u00eatre allou\u00e9s au processeur graphique int\u00e9gr\u00e9.&#13;<\/p>\n<p class=\"bodytext\">Le nouveau syst\u00e8me de Framework est \u00e9quip\u00e9 de l\u2019AMD Ryzen AI Max+ 495 Pro, qui offre une bande passante m\u00e9moire de 273 Go\/s, soit 6,6 % de plus que le <a href=\"https:\/\/www.notebookcheck.biz\/AMD-Strix-Halo-Point-Zen-5-5c-Ryzen-AI-300-Ryzen-AI-Max-PRO-395-Notebook-Processor.945403.0.html\" target=\"_self\" class=\"internal-link\" rel=\"nofollow noopener\">Ryzen AI Max+ 395<\/a>. Cette am\u00e9lioration est attribu\u00e9e \u00e0 une m\u00e9moire LPDDR5X-8533 plus rapide. Le mod\u00e8le bas\u00e9 sur la carte Strix Halo utilise de la m\u00e9moire LPDDR5X-8000 sur une interface de 256 bits, offrant une bande passante d\u2019environ 256 Go\/s. Le nouveau Ryzen AI Max+ Pro 495 conserve la m\u00eame interface de 256 bits, mais les modules LPDDR5X plus rapides lui permettent d\u2019atteindre une bande passante th\u00e9orique plus \u00e9lev\u00e9e.&#13;<\/p>\n<p class=\"bodytext\">Le <a href=\"https:\/\/www.notebookcheck.biz\/AMD-Strix-Halo-Ryzen-AI-Max-PRO-495-Notebook-Processor.1302242.0.html\" target=\"_self\" class=\"internal-link\" rel=\"nofollow noopener\">Ryzen AI Max+ Pro 495<\/a> d\u2019AMD repr\u00e9sente <a href=\"https:\/\/www.notebookcheck.biz\/La-gamme-AMD-Ryzen-AI-Max-400-est-desormais-officielle-avec-jusqu-a-192-Go-de-RAM.1302053.0.html\" target=\"_self\" class=\"internal-link\" rel=\"nofollow noopener\">une mise \u00e0 jour mineure<\/a> par rapport \u00e0 la g\u00e9n\u00e9ration pr\u00e9c\u00e9dente. Il conserve 16 c\u0153urs de processeur Zen 5 et 32 threads, mais la fr\u00e9quence d\u2019horloge maximale en mode boost est port\u00e9e \u00e0 5,2 GHz. Le GPU <a href=\"https:\/\/www.notebookcheck.biz\/AMD-Radeon-8065S.1302224.0.html\" target=\"_self\" class=\"internal-link\" rel=\"nofollow noopener\">Radeon 8065S<\/a> int\u00e9gr\u00e9 conserve 40 unit\u00e9s de calcul RDNA 3.5, dont la fr\u00e9quence d\u2019horloge maximale passe de 2,9 GHz \u00e0 3,0 GHz. AMD \u00e9value la puissance de son NPU XDNA 2 \u00e0 55 TOPS maximum.&#13;<\/p>\n<p class=\"bodytext\">Le moment choisi pour cette annonce est remarquable. GMKtec a r\u00e9cemment laiss\u00e9 entendre que son mini-PC <a href=\"https:\/\/www.notebookcheck.biz\/Un-mini-PC-de-jeu-dote-d-x27-une-memoire-vive-DDR5-pouvant-atteindre-192-Go-et-d-x27-un-APU-AMD-a-16-coeurs-sera-disponible-au-debut-du-mois-prochain.1382103.0.html\" target=\"_self\" class=\"internal-link\" rel=\"nofollow noopener\">Evo X5 Pro,<\/a> \u00e9quip\u00e9 du Ryzen AI Max+ Pro 495, ferait ses d\u00e9buts \u00e0 l\u2019IFA 2026 en septembre. GMKtec a \u00e9galement laiss\u00e9 entendre que davantage de d\u00e9tails concernant le Gorgon Halo pourraient \u00eatre d\u00e9voil\u00e9s vers le 5 septembre \u00e0 l\u2019IFA de Berlin. Il serait donc raisonnable de supposer que Framework et de nombreux autres fabricants pr\u00e9senteront \u00e9galement leurs mod\u00e8les Gorgon Halo \u00e0 peu pr\u00e8s \u00e0 la m\u00eame p\u00e9riode. &#13;<\/p>\n<p class=\"bodytext\">Pour l\u2019instant, Framework indique toujours que le mod\u00e8le de bureau de 192 Go est \u00ab \u00e0 venir \u00bb. Le prix n\u2019a pas encore \u00e9t\u00e9 annonc\u00e9, mais la quantit\u00e9 importante de m\u00e9moire LPDDR5X soud\u00e9e laisse penser que la configuration haut de gamme sera probablement on\u00e9reuse.<\/p>\n","protected":false},"excerpt":{"rendered":"Framework a d\u00e9voil\u00e9 davantage d&rsquo;informations concernant la nouvelle version 192 Go de son PC de bureau compact, \u00e9quip\u00e9&hellip;\n","protected":false},"author":2,"featured_media":232422,"comment_status":"","ping_status":"","sticky":false,"template":"","format":"standard","meta":{"footnotes":"","_share_on_mastodon":"0"},"categories":[70],"tags":[71417,71415,12,13,18,17,34782,71414,68976,1289,71420,71418,9483,1285,71419,1287,1286,71416,73,71,75,72,18441,76,74,1288],"class_list":["post-232421","post","type-post","status-publish","format-standard","has-post-thumbnail","category-sciences-et-technologies","tag-192-go-de-ram","tag-amd-ryzen-ai-max-pro-495","tag-be","tag-be-fr","tag-belgique","tag-belgium","tag-framework","tag-framework-desktop","tag-gorgon-halo","tag-informations-sur-des-ordinateurs-portatifs","tag-llm-local","tag-lpddr5x-8533","tag-mini-pc","tag-nouvelles","tag-radeon-8065s","tag-rapport","tag-revues","tag-ryzen-ai-max-495","tag-science","tag-science-and-technology","tag-sciences","tag-sciences-et-technologies","tag-strix-halo","tag-technologies","tag-technology","tag-test"],"share_on_mastodon":{"url":"https:\/\/pubeurope.com\/@be_fr\/117187801690018583","error":""},"_links":{"self":[{"href":"https:\/\/www.europesays.com\/be-fr\/wp-json\/wp\/v2\/posts\/232421","targetHints":{"allow":["GET"]}}],"collection":[{"href":"https:\/\/www.europesays.com\/be-fr\/wp-json\/wp\/v2\/posts"}],"about":[{"href":"https:\/\/www.europesays.com\/be-fr\/wp-json\/wp\/v2\/types\/post"}],"author":[{"embeddable":true,"href":"https:\/\/www.europesays.com\/be-fr\/wp-json\/wp\/v2\/users\/2"}],"replies":[{"embeddable":true,"href":"https:\/\/www.europesays.com\/be-fr\/wp-json\/wp\/v2\/comments?post=232421"}],"version-history":[{"count":0,"href":"https:\/\/www.europesays.com\/be-fr\/wp-json\/wp\/v2\/posts\/232421\/revisions"}],"wp:featuredmedia":[{"embeddable":true,"href":"https:\/\/www.europesays.com\/be-fr\/wp-json\/wp\/v2\/media\/232422"}],"wp:attachment":[{"href":"https:\/\/www.europesays.com\/be-fr\/wp-json\/wp\/v2\/media?parent=232421"}],"wp:term":[{"taxonomy":"category","embeddable":true,"href":"https:\/\/www.europesays.com\/be-fr\/wp-json\/wp\/v2\/categories?post=232421"},{"taxonomy":"post_tag","embeddable":true,"href":"https:\/\/www.europesays.com\/be-fr\/wp-json\/wp\/v2\/tags?post=232421"}],"curies":[{"name":"wp","href":"https:\/\/api.w.org\/{rel}","templated":true}]}}