{"id":232437,"date":"2026-08-31T03:15:28","date_gmt":"2026-08-31T03:15:28","guid":{"rendered":"https:\/\/www.europesays.com\/be-fr\/232437\/"},"modified":"2026-08-31T03:15:28","modified_gmt":"2026-08-31T03:15:28","slug":"le-collier-de-diamants-de-la-reine-nazli-vole-dans-un-musee-a-vienne","status":"publish","type":"post","link":"https:\/\/www.europesays.com\/be-fr\/232437\/","title":{"rendered":"Le collier de diamants de la reine Nazli vol\u00e9 dans un mus\u00e9e \u00e0 Vienne"},"content":{"rendered":"<p class=\"wp-block-paragraph\">Le collier Van Cleef &amp; Arpels ayant appartenu \u00e0 la premi\u00e8re reine d\u2019\u00c9gypte a \u00e9t\u00e9 d\u00e9rob\u00e9 en plein jour dans un mus\u00e9e de Vienne, en Autriche. Le collier de la reine Nazli, serti de 673 diamants, est l\u2019un des bijoux Art D\u00e9co les plus spectaculaires.<\/p>\n<p class=\"wp-block-paragraph\">Lire aussi : <a href=\"https:\/\/histoiresroyales.fr\/collier-porte-princesse-sofia-signes-zodiaque-enfants\/\" rel=\"nofollow noopener\" target=\"_blank\">Ce collier symbolique que porte la princesse Sofia pour avoir toujours ses enfants aupr\u00e8s d\u2019elle<\/a><\/p>\n<p>Deux voleurs non masqu\u00e9s se sont empar\u00e9s du collier en plein jour \u00e0 Vienne<\/p>\n<p class=\"wp-block-paragraph\">Apr\u00e8s le vol du Louvre, en octobre 2025, et des vols de toiles de la Renaissance dans plusieurs mus\u00e9es italiens, un autre vol a eu lieu ce 27 ao\u00fbt 2026 dans un mus\u00e9e europ\u00e9en. Deux hommes non masqu\u00e9s ont achet\u00e9 des billets d\u2019entr\u00e9e au Mus\u00e9e des Arts appliqu\u00e9s de Vienne (MAK) et se sont fondus parmi les visiteurs. Les deux hommes ont bris\u00e9 la vitrine dans laquelle \u00e9tait expos\u00e9 le collier de la reine Nazli d\u2019\u00c9gypte et se sont empar\u00e9s du bijou en platine et en diamants. <\/p>\n<p class=\"wp-block-paragraph\">Lire aussi : <a href=\"https:\/\/histoiresroyales.fr\/reine-camilla-porte-imposant-collier-amethystes-banquet-detat-donald-trump-maison-blanche\/\" rel=\"nofollow noopener\" target=\"_blank\">La reine Camilla porte un imposant collier d\u2019am\u00e9thystes au banquet d\u2019\u00c9tat de Donald Trump \u00e0 la Maison-Blanche<\/a><\/p>\n<p>Le collier avait \u00e9t\u00e9 command\u00e9 \u00e0 Van Cleef &amp; Arpels par la reine Nazli<\/p>\n<p class=\"wp-block-paragraph\">En 1939, la reine Nazli d\u2019\u00c9gypte, d\u00e9j\u00e0 veuve du roi Fouad et m\u00e8re du roi Farouk d\u2019\u00c9gypte, avait command\u00e9 une parure en platine et diamants, compos\u00e9e d\u2019un collier et d\u2019un diad\u00e8me, au joaillier Van Cleef &amp; Arpels. La commande avait \u00e9t\u00e9 pass\u00e9e \u00e0 l\u2019occasion du mariage de sa fille, la princesse Faouzia, avec Mohammad Reza Pahlavi, futur chah d\u2019Iran. Par la m\u00eame occasion, la reine Nazli avait command\u00e9 une autre parure pour sa fille. Le diad\u00e8me \u00e9tait serti de plus de 700 diamants, tandis que le collier comprenait tr\u00e8s exactement 673 diamants de diff\u00e9rentes tailles. La reine Nazli a port\u00e9 le collier lors de la c\u00e9r\u00e9monie de mariage, ensuite elle a port\u00e9 le diad\u00e8me et le collier lors des banquets qui ont eu lieu au Caire et \u00e0 T\u00e9h\u00e9ran. Par la suite, la reine a port\u00e9 la parure \u00e0 plusieurs reprises, lors de banquets et de grandes occasions. <\/p>\n<p><img fetchpriority=\"high\" decoding=\"async\" width=\"1036\" height=\"1400\" src=\"https:\/\/www.europesays.com\/be-fr\/wp-content\/uploads\/2026\/08\/reine-nazli-collier-autriche-1036x1400.jpg\" alt=\"\" class=\"wp-image-257772 lazyload\" data-  \/>La reine Nazli qui porte la parure Van Cleef &amp; Arpels, compos\u00e9e d\u2019un diad\u00e8me et du collier vol\u00e9 \u00e0 Vienne (Photo : Historic Collection\/Alamy\/ABACAPRES)<\/p>\n<p class=\"wp-block-paragraph\">Lire aussi : <a href=\"https:\/\/histoiresroyales.fr\/reine-mary-porte-diademe-de-mariage-roi-frederik-collier-ordre-croix-terra-mariana-banquet-detat-estonie\/\" rel=\"nofollow noopener\" target=\"_blank\">La reine Mary porte son diad\u00e8me de mariage et le roi Frederik le collier de l\u2019ordre de la Croix de Terra Mariana au banquet d\u2019\u00c9tat en Estonie<\/a><\/p>\n<p class=\"wp-block-paragraph\">Nazli Sabri, fille du ministre de l\u2019Agriculture et gouverneur du\u00a0Caire, \u00e9tait une descendante de Soliman Pacha. Elle \u00e9pousa en 1919 le sultan Fouad d\u2019\u00c9gypte, pour qui il s\u2019agissait de son deuxi\u00e8me mariage. \u00c0 la fin du protectorat britannique, en 1922, le sultanat d\u2019\u00c9gypte devient le royaume d\u2019\u00c9gypte et Fouad 1er devient roi. Nazli sera donc la premi\u00e8re reine d\u2019\u00c9gypte. Foaud et Nazli ont eu cinq enfants, dont le fils a\u00een\u00e9 deviendra le roi Farouk 1er et leur fille Faouzia sera la premi\u00e8re \u00e9pouse de Mohammed Reza Pahlavi. Le roi Faoud 1er est mort en 1936 et Nazli a continu\u00e9 \u00e0 jouer un r\u00f4le important durant le d\u00e9but de r\u00e8gne de son fils Farouk. En 1946, Nazli quitte l\u2019\u00c9gypte pour se faire soigner aux \u00c9tats-Unis mais elle ne reviendra pas au pays, plus tard forc\u00e9e \u00e0 l\u2019exil apr\u00e8s avoir \u00e9t\u00e9 d\u00e9chue par son fils. Elle s\u2019installera \u00e0 Beverly Hills et se convertira au catholicisme et prit pour nom de bapt\u00eame Mary-Elizabeth. Elle est d\u00e9c\u00e9d\u00e9e en Californie \u00e0 83 ans, en 1978.<\/p>\n<p><img loading=\"lazy\" decoding=\"async\" width=\"1149\" height=\"1400\" src=\"https:\/\/www.europesays.com\/be-fr\/wp-content\/uploads\/2026\/08\/collier-reine-nazli-vole-1149x1400.jpg\" alt=\"\" class=\"wp-image-257771 lazyload\" data-  \/>Le collier de la reine Nazli, vol\u00e9 ce 27 ao\u00fbt 2026, \u00e0 Vienne, en Autriche (Photo : Minist\u00e8re de l\u2019Int\u00e9rieur autrichien)<\/p>\n<p class=\"wp-block-paragraph\">Lire aussi : <a href=\"https:\/\/histoiresroyales.fr\/princesses-maria-carolina-maria-chiara-de-bourbon-des-deux-siciles-ouverture-festival-de-cannes-glamours-noir-blanc-collier-damiani\/\" rel=\"nofollow noopener\" target=\"_blank\">Les princesses Maria Carolina et Maria Chiara \u00e0 l\u2019ouverture du Festival de Cannes avec un collier pr\u00e9cieux en hommage \u00e0 une reine d\u2019Italie<\/a><\/p>\n<p class=\"wp-block-paragraph\">Confront\u00e9e \u00e0 des probl\u00e8mes financiers, l\u2019ancienne reine est contrainte de vendre ses bijoux. Ceux-ci partent lors d\u2019une vente aux ench\u00e8res chez Sotheby\u2019s \u00e0 New York en 1975. Le diad\u00e8me fut adjug\u00e9 \u00e0 127\u00a0500 dollars, tandis que le collier atteignit 140\u00a0000 dollars.\u00a0On ne sait pas qui est le propri\u00e9taire du diad\u00e8me ni s\u2019il a \u00e9t\u00e9 revendu depuis lors. En 2015, le collier est r\u00e9apparu lors d\u2019une vente. C\u2019est Van Cleef &amp; Arpels qui a achet\u00e9 le collier pour 4,3 millions de dollars. Depuis lors, le joaillier pr\u00eate fr\u00e9quemment son collier lors d\u2019expositions, comme c\u2019\u00e9tait le cas \u00e0 Vienne. En 2019, le joaillier avait pr\u00eat\u00e9 son collier \u00e0 Amina El-Demirdash, arri\u00e8re-petite-fille de la reine Nazli, pour figurer en couverture de Vogue Arabie. Amina El-Demirdash est la derni\u00e8re personne \u00e0 avoir port\u00e9 le collier.<\/p>\n<p class=\"wp-block-paragraph\">La <a href=\"https:\/\/www.bbc.com\/news\/articles\/cqxvwpe0plro\" rel=\"nofollow noopener\" target=\"_blank\">BBC<\/a> rapporte que la police viennoise a diffus\u00e9 les photos des deux suspects non masqu\u00e9s, prises par des cam\u00e9ras de surveillance. Elle lance un appel \u00e0 t\u00e9moins. La police a d\u00e9clar\u00e9 dans un communiqu\u00e9 que l\u2019un des auteurs pr\u00e9sum\u00e9s \u00ab\u00a0\u00e9tait \u00e9galement soup\u00e7onn\u00e9 d\u2019avoir port\u00e9 une v\u00e9ritable arme \u00e0 feu. Apr\u00e8s s\u2019\u00eatre empar\u00e9s du collier, ils ont fui en direction du Stadtpark de Vienne \u00bb, juste au sud du mus\u00e9e. L\u2019exposition consacr\u00e9e \u00e0 Van Cleef &amp; Arpels, inaugur\u00e9e en juin dernier, a d\u00e9j\u00e0 rouvert ses portes.<\/p>\n<p>\t\t\t\t<img loading=\"lazy\" alt=\"Avatar photo\" src=\"https:\/\/www.europesays.com\/be-fr\/wp-content\/uploads\/2026\/08\/1788146128_241_cropped-nicolasfontaine-1-164x164.jpg\"  class=\"avatar avatar-164 photo lazyload\" height=\"164\" width=\"164\" decoding=\"async\"\/><br \/>\n\t\t<a href=\"https:\/\/histoiresroyales.fr\/author\/royaliste123\/\" rel=\"nofollow noopener\" target=\"_blank\">Nicolas Fontaine<\/a><br \/>\n\t\t\t\t\tR\u00e9dacteur en chef<\/p>\n<p>Nicolas Fontaine est un journaliste sp\u00e9cialis\u00e9 dans les familles royales et l&rsquo;histoire des monarchies europ\u00e9ennes et mondiales. Nicolas Fontaine a fond\u00e9 Histoires Royales, le premier m\u00e9dia en ligne d\u00e9di\u00e9 \u00e0 l&rsquo;actualit\u00e9 des t\u00eates couronn\u00e9es en 2019.&#13;<br \/>\nnicolas@histoiresroyales.fr<\/p>\n<p>\t\t\t\t\t\t\t<a href=\"https:\/\/twitter.com\/ActusRoyales\" class=\"boxed-icon fill twitter\" target=\"_blank\" rel=\"nofollow noopener\"><\/a><br \/>\n\t\t\t\t\t\t\t\t\t<a href=\"https:\/\/www.instagram.com\/histoiresroyales.fr\/\" class=\"boxed-icon fill instagram\" target=\"_blank\" rel=\"nofollow noopener\"><\/a><\/p>\n<p>\t\t\t\t\t\t\t\t\t\t\t\t\t<script async src=\"https:\/\/platform.twitter.com\/widgets.js\" charset=\"utf-8\"><\/script><script async src=\"\/\/www.instagram.com\/embed.js\"><\/script><\/p>\n","protected":false},"excerpt":{"rendered":"Le collier Van Cleef &amp; Arpels ayant appartenu \u00e0 la premi\u00e8re reine d\u2019\u00c9gypte a \u00e9t\u00e9 d\u00e9rob\u00e9 en plein&hellip;\n","protected":false},"author":2,"featured_media":232438,"comment_status":"","ping_status":"","sticky":false,"template":"","format":"standard","meta":{"footnotes":"","_share_on_mastodon":"0"},"categories":[81],"tags":[12,13,18,17,4161,25445,71441,84,4410,66764],"class_list":["post-232437","post","type-post","status-publish","format-standard","has-post-thumbnail","category-sports","tag-be","tag-be-fr","tag-belgique","tag-belgium","tag-cambriolage","tag-musu00e9e","tag-nazli-du00c9gypte","tag-sports","tag-van-cleef-arpels","tag-voleurs"],"share_on_mastodon":{"url":"https:\/\/pubeurope.com\/@be_fr\/117187951337429249","error":""},"_links":{"self":[{"href":"https:\/\/www.europesays.com\/be-fr\/wp-json\/wp\/v2\/posts\/232437","targetHints":{"allow":["GET"]}}],"collection":[{"href":"https:\/\/www.europesays.com\/be-fr\/wp-json\/wp\/v2\/posts"}],"about":[{"href":"https:\/\/www.europesays.com\/be-fr\/wp-json\/wp\/v2\/types\/post"}],"author":[{"embeddable":true,"href":"https:\/\/www.europesays.com\/be-fr\/wp-json\/wp\/v2\/users\/2"}],"replies":[{"embeddable":true,"href":"https:\/\/www.europesays.com\/be-fr\/wp-json\/wp\/v2\/comments?post=232437"}],"version-history":[{"count":0,"href":"https:\/\/www.europesays.com\/be-fr\/wp-json\/wp\/v2\/posts\/232437\/revisions"}],"wp:featuredmedia":[{"embeddable":true,"href":"https:\/\/www.europesays.com\/be-fr\/wp-json\/wp\/v2\/media\/232438"}],"wp:attachment":[{"href":"https:\/\/www.europesays.com\/be-fr\/wp-json\/wp\/v2\/media?parent=232437"}],"wp:term":[{"taxonomy":"category","embeddable":true,"href":"https:\/\/www.europesays.com\/be-fr\/wp-json\/wp\/v2\/categories?post=232437"},{"taxonomy":"post_tag","embeddable":true,"href":"https:\/\/www.europesays.com\/be-fr\/wp-json\/wp\/v2\/tags?post=232437"}],"curies":[{"name":"wp","href":"https:\/\/api.w.org\/{rel}","templated":true}]}}