{"id":232640,"date":"2026-08-31T07:31:14","date_gmt":"2026-08-31T07:31:14","guid":{"rendered":"https:\/\/www.europesays.com\/be-fr\/232640\/"},"modified":"2026-08-31T07:31:14","modified_gmt":"2026-08-31T07:31:14","slug":"islande-et-union-europeenne-pourquoi-les-islandais-disent-non","status":"publish","type":"post","link":"https:\/\/www.europesays.com\/be-fr\/232640\/","title":{"rendered":"Islande et Union europ\u00e9enne\u00a0: pourquoi les Islandais disent non"},"content":{"rendered":"<p>  <img decoding=\"async\" class=\"r-img lazyloaded\" src=\"https:\/\/www.europesays.com\/be-fr\/wp-content\/uploads\/2026\/08\/1788161474_118_nejman2.jpg\" alt=\"Jim Nejman\"\/><\/p>\n<p>Par <a href=\"https:\/\/www.rtl.be\/385024\/dpi-authors\/jim-nejman\" rel=\"nofollow noopener\" target=\"_blank\">Jim Nejman<\/a><\/p>\n<p>\tPubli\u00e9 le 31 ao\u00fbt \u00e0 07h36\n<\/p>\n<p>  <a href=\"https:\/\/www.google.com\/preferences\/source?q=rtl%20info\" class=\"r-link--google-favorites\" role=\"button\">Ajoutez-nous \u00e0 vos favoris Google<\/a><br \/>\n\tLes Islandais ont rejet\u00e9 \u00e0 52,8\u00a0% la reprise des n\u00e9gociations d\u2019adh\u00e9sion \u00e0 l\u2019Union europ\u00e9enne. Un r\u00e9sultat qui peut surprendre tant le pays est d\u00e9j\u00e0 int\u00e9gr\u00e9 \u00e0 l\u2019Europe. Mais entre la d\u00e9fense de la p\u00eache, les inqui\u00e9tudes du monde agricole et la volont\u00e9 de conserver sa souverainet\u00e9, une majorit\u00e9 pr\u00e9f\u00e8re maintenir le mod\u00e8le actuel.<\/p>\n<p>&#13;<br \/>\n&#13;<\/p>\n<p>L\u2019Islande restera en dehors de l\u2019Union europ\u00e9enne\u00a0: ce week-end, 52,8\u00a0% des Islandais ont vot\u00e9 contre la reprise des n\u00e9gociations en vue d\u2019une \u00e9ventuelle adh\u00e9sion.<\/p>\n<p>Un choix qui peut sembler paradoxal car sans \u00eatre membre de l\u2019UE, l\u2019Islande est d\u00e9j\u00e0 extr\u00eamement int\u00e9gr\u00e9e \u00e0 l\u2019ensemble europ\u00e9en. Le pays appartient \u00e0 l\u2019espace Schengen, participe au march\u00e9 unique et applique une grande partie des r\u00e8gles europ\u00e9ennes. L\u2019Union europ\u00e9enne est \u00e9galement un partenaire commercial incontournable\u00a0: 66,5\u00a0% des exportations islandaises de biens lui sont destin\u00e9es.<\/p>\n<p>&#13;<br \/>\n&#13;<\/p>\n<p>&#13;<br \/>\n&#13;<\/p>\n<p>Alors pourquoi ne pas aller plus loin\u00a0? Les partisans d\u2019une reprise des n\u00e9gociations mettaient notamment en avant la situation \u00e9conomique. L\u2019Islande a connu une forte inflation et des taux d\u2019int\u00e9r\u00eat tr\u00e8s \u00e9lev\u00e9s. Elle dispose \u00e9galement de sa propre monnaie, la couronne islandaise.<\/p>\n<p>Une adh\u00e9sion \u00e0 l\u2019Union europ\u00e9enne aurait ouvert, \u00e0 terme, la possibilit\u00e9 d\u2019adopter l\u2019euro. Pour les d\u00e9fenseurs du \u00ab\u00a0oui\u00a0\u00bb, la monnaie unique aurait ainsi pu apporter davantage de stabilit\u00e9. Autre argument\u00a0: l\u2019Islande applique d\u00e9j\u00e0 de nombreuses r\u00e8gles europ\u00e9ennes afin de participer au march\u00e9 unique, sans pouvoir pleinement contribuer \u00e0 leur \u00e9laboration. En r\u00e9sum\u00e9, quitte \u00e0 respecter ces r\u00e8gles, autant pouvoir peser sur les d\u00e9cisions.<\/p>\n<p>L\u2019Arctique au c\u0153ur des pr\u00e9occupations<\/p>\n<p>Le contexte g\u00e9opolitique faisait \u00e9galement partie des arguments avanc\u00e9s en faveur d\u2019un rapprochement avec l\u2019Union. L\u2019Arctique est de plus en plus convoit\u00e9, notamment par la Russie et la Chine. Les d\u00e9clarations r\u00e9p\u00e9t\u00e9es de Donald Trump sur le Groenland voisin ont aussi aliment\u00e9 les interrogations. Dans ce contexte, certains Islandais estimaient n\u00e9cessaire d\u2019ancrer encore davantage leur pays, politiquement, au sein de l\u2019Europe.<\/p>\n<p>&#13;<br \/>\n&#13;<\/p>\n<p>&#13;<br \/>\n&#13;<\/p>\n<p>Ces arguments n\u2019ont toutefois pas suffi \u00e0 convaincre une majorit\u00e9. Parmi les principales inqui\u00e9tudes des opposants \u00e0 l\u2019adh\u00e9sion figure la p\u00eache. Le secteur est essentiel \u00e0 l\u2019\u00e9conomie islandaise puisqu\u2019il repr\u00e9sente pr\u00e8s de 40\u00a0% des exportations de marchandises du pays.<\/p>\n<p>\n  &#13;<br \/>\n  \u00c0 lire aussi&#13;<br \/>\n  &#13;<\/p>\n<p>  <img decoding=\"async\" data-copyright=\"Jonathan NACKSTRAND \/ AFP\" class=\"r-img\"  typeof=\"foaf:Image\" src=\"https:\/\/www.europesays.com\/be-fr\/wp-content\/uploads\/2026\/08\/99245212.jpeg\" alt=\"Les \u00e9lecteurs islandais ont rejet\u00e9 \u00e0 52,8\u00a0% la reprise des discussions d\u2019adh\u00e9sion \u00e0 l\u2019Union europ\u00e9enne.\"\/><br \/>\n        <a class=\"r-stories--link\" href=\"https:\/\/www.rtl.be\/actu\/monde\/europe\/pour-ou-contre-une-adhesion-lunion-europeenne-les-islandais-ont-tranche\/2026-08-30\/article\/798753\" rel=\"nofollow noopener\" target=\"_blank\">Pour ou contre une adh\u00e9sion \u00e0 l\u2019Union europ\u00e9enne\u00a0? Les Islandais ont tranch\u00e9<\/a>&#13;<br \/>\n  &#13;<br \/>\n&#13;\n<\/p>\n<p>De nombreux Islandais redoutaient qu\u2019une entr\u00e9e dans l\u2019Union europ\u00e9enne ne les oblige \u00e0 partager davantage avec Bruxelles le contr\u00f4le de leurs quotas de p\u00eache. Les inqui\u00e9tudes sont similaires dans le secteur agricole. Certains agriculteurs craignent qu\u2019une adh\u00e9sion entra\u00eene une concurrence europ\u00e9enne plus importante.<\/p>\n<p>Derri\u00e8re ces pr\u00e9occupations \u00e9conomiques se pose surtout une question de souverainet\u00e9\u00a0: pourquoi transf\u00e9rer davantage de comp\u00e9tences \u00e0 Bruxelles alors que l\u2019Islande b\u00e9n\u00e9ficie d\u00e9j\u00e0 d\u2019une grande partie des avantages du march\u00e9 europ\u00e9en\u00a0?<\/p>\n<p>Reykjavik vote oui, les campagnes disent non<\/p>\n<p>La g\u00e9ographie du scrutin illustre assez nettement ces diff\u00e9rences. Les deux circonscriptions de Reykjavik ont vot\u00e9 en faveur de la reprise des n\u00e9gociations. Partout ailleurs, le \u00ab\u00a0non\u00a0\u00bb l\u2019a emport\u00e9. Il d\u00e9passe m\u00eame 60\u00a0% dans les trois grandes circonscriptions rurales du pays, o\u00f9 les questions li\u00e9es notamment \u00e0 la p\u00eache et \u00e0 l\u2019agriculture occupent une place particuli\u00e8rement importante.<\/p>\n<p>Le contexte est aussi tr\u00e8s diff\u00e9rent de celui de 2009. \u00c0 l\u2019\u00e9poque, en pleine crise financi\u00e8re, l\u2019Islande avait demand\u00e9 \u00e0 rejoindre l\u2019Union europ\u00e9enne. Cette fois, aucun sentiment d\u2019urgence suffisamment fort ne semble avoir pouss\u00e9 une majorit\u00e9 d\u2019Islandais \u00e0 vouloir changer de mod\u00e8le.<\/p>\n<p>Le r\u00e9sultat constitue un revers symbolique pour Bruxelles. Riche, d\u00e9mocratique et d\u00e9j\u00e0 tr\u00e8s int\u00e9gr\u00e9e \u00e0 l\u2019Europe, l\u2019Islande aurait pu conna\u00eetre un processus d\u2019adh\u00e9sion relativement simple.<\/p>\n<p>Le vote ne traduit toutefois pas n\u00e9cessairement un rejet de l\u2019Europe. C\u2019est m\u00eame tout le paradoxe du scrutin\u00a0: les Islandais ne semblent pas r\u00e9clamer moins d\u2019Europe, mais consid\u00e9rer qu\u2019ils en ont d\u00e9j\u00e0 suffisamment.<\/p>\n<p>L\u2019Islande va donc continuer \u00e0 participer au march\u00e9 unique et \u00e0 l\u2019espace Schengen sans rejoindre l\u2019Union europ\u00e9enne. Autrement dit, rester tr\u00e8s europ\u00e9enne\u2026 sans devenir membre de l\u2019UE.<\/p>\n<p>&#13;<br \/>\n&#13;<\/p>\n<p>&#13;<br \/>\n&#13;<\/p>\n<p><a class=\"r-btn r-btn--tag\" href=\"https:\/\/www.rtl.be\/333910\/locations\/islande\" title=\"Islande\" rel=\"nofollow noopener\" target=\"_blank\">Islande<\/a><br \/>\n<a class=\"r-btn r-btn--tag\" href=\"https:\/\/www.rtl.be\/377962\/locations\/union-europeenne\" title=\"Union europ\u00e9enne\" rel=\"nofollow noopener\" target=\"_blank\">Union europ\u00e9enne<\/a><\/p>\n","protected":false},"excerpt":{"rendered":"Par Jim Nejman Publi\u00e9 le 31 ao\u00fbt \u00e0 07h36 Ajoutez-nous \u00e0 vos favoris Google Les Islandais ont rejet\u00e9&hellip;\n","protected":false},"author":2,"featured_media":232641,"comment_status":"","ping_status":"","sticky":false,"template":"","format":"standard","meta":{"footnotes":"","_share_on_mastodon":"0"},"categories":[8],"tags":[10,71522,2113,12,13,18,17,3951,71523,11,11368,71525,71524,60081,52279,632],"class_list":["post-232640","post","type-post","status-publish","format-standard","has-post-thumbnail","category-actualites","tag-actualites","tag-adhesion","tag-agriculture","tag-be","tag-be-fr","tag-belgique","tag-belgium","tag-islande","tag-marche-unique","tag-news","tag-peche","tag-quotas","tag-reykjavik","tag-schengen","tag-souverainete","tag-union-europeenne"],"share_on_mastodon":{"url":"https:\/\/pubeurope.com\/@be_fr\/117188957827167949","error":""},"_links":{"self":[{"href":"https:\/\/www.europesays.com\/be-fr\/wp-json\/wp\/v2\/posts\/232640","targetHints":{"allow":["GET"]}}],"collection":[{"href":"https:\/\/www.europesays.com\/be-fr\/wp-json\/wp\/v2\/posts"}],"about":[{"href":"https:\/\/www.europesays.com\/be-fr\/wp-json\/wp\/v2\/types\/post"}],"author":[{"embeddable":true,"href":"https:\/\/www.europesays.com\/be-fr\/wp-json\/wp\/v2\/users\/2"}],"replies":[{"embeddable":true,"href":"https:\/\/www.europesays.com\/be-fr\/wp-json\/wp\/v2\/comments?post=232640"}],"version-history":[{"count":0,"href":"https:\/\/www.europesays.com\/be-fr\/wp-json\/wp\/v2\/posts\/232640\/revisions"}],"wp:featuredmedia":[{"embeddable":true,"href":"https:\/\/www.europesays.com\/be-fr\/wp-json\/wp\/v2\/media\/232641"}],"wp:attachment":[{"href":"https:\/\/www.europesays.com\/be-fr\/wp-json\/wp\/v2\/media?parent=232640"}],"wp:term":[{"taxonomy":"category","embeddable":true,"href":"https:\/\/www.europesays.com\/be-fr\/wp-json\/wp\/v2\/categories?post=232640"},{"taxonomy":"post_tag","embeddable":true,"href":"https:\/\/www.europesays.com\/be-fr\/wp-json\/wp\/v2\/tags?post=232640"}],"curies":[{"name":"wp","href":"https:\/\/api.w.org\/{rel}","templated":true}]}}