{"id":232686,"date":"2026-08-31T08:07:27","date_gmt":"2026-08-31T08:07:27","guid":{"rendered":"https:\/\/www.europesays.com\/be-fr\/232686\/"},"modified":"2026-08-31T08:07:27","modified_gmt":"2026-08-31T08:07:27","slug":"avec-le-roi-et-un-succes-allemand-wavre-a-cloture-et-reussi-son-mondial-de-hockey-la-plus-belle-des-coupes-du-monde-photos","status":"publish","type":"post","link":"https:\/\/www.europesays.com\/be-fr\/232686\/","title":{"rendered":"Avec le roi et un succ\u00e8s allemand, Wavre a cl\u00f4tur\u00e9 et r\u00e9ussi son Mondial de hockey\u00a0: \u00ab\u00a0La plus belle des Coupes du monde\u00a0\u00bb (photos)"},"content":{"rendered":"<p>Plus de 100 000 spectateurs <\/p>\n<p class=\"ap-StoryElement ap-StoryElement--mb ap-StoryText\">\u00ab\u00a0Nous avons pr\u00e9par\u00e9 cet \u00e9v\u00e9nement pendant trois ans avec de grandes esp\u00e9rances, et le bilan est tr\u00e8s positif. Le public a r\u00e9pondu pr\u00e9sent en masse, puisque la barre des 100 000 spectateurs a \u00e9t\u00e9 franchie. Des gens ont d\u00e9couvert notre sport et la premi\u00e8re Coupe du monde de parahockey a \u00e9galement \u00e9t\u00e9 un succ\u00e8s. Nous ne pouvons qu&rsquo;\u00eatre combl\u00e9s par tout ce qui s&rsquo;est pass\u00e9 \u00e0 Wavre pendant ces deux semaines\u00a0\u00bb, assure Serge Pilet, le CEO de la F\u00e9d\u00e9ration belge.<\/p>\n<p>guillement<\/p>\n<p class=\"ap-StoryQuote-text\">Nous ne pouvons qu&rsquo;\u00eatre combl\u00e9s par tout ce qui s&rsquo;est pass\u00e9 \u00e0 Wavre pendant ces deux semaines.<\/p>\n<p class=\"ap-StoryElement ap-StoryElement--mb ap-StoryText\">M\u00eame si les Belges n&rsquo;\u00e9taient pas \u00e0 l&rsquo;affiche de cette ultime journ\u00e9e de comp\u00e9tition, le public avait malgr\u00e9 tout r\u00e9pondu pr\u00e9sent pour la petite et la grande finale de ce dimanche. La Belfius Hockey Arena affichait en effet bien complet ce dimanche pour ce dernier jour de tournoi. Les spectateurs ont \u00e9t\u00e9 g\u00e2t\u00e9s, puisque les deux derni\u00e8res rencontres ont r\u00e9pondu aux attentes.<\/p>\n<p class=\"ap-StoryElement ap-StoryElement--mb ap-StoryText\">Et il y avait tout de m\u00eame un peu de Belgique sur la pelouse puisque les Red Panthers ont \u00e9t\u00e9 mises \u00e0 l&rsquo;honneur \u00e0 la mi-temps de la finale. \u00ab\u00a0On ne pouvait vraiment pas rater cette grande f\u00eate, glisse Nicolas, venu assister \u00e0 cette derni\u00e8re journ\u00e9e en famille. Quel beau sport \u00e0 regarder ! Nous sommes venus \u00e0 plusieurs reprises et le niveau des matches \u00e9tait vraiment tr\u00e8s impressionnant. La finale de ce dimanche a \u00e9t\u00e9 l&rsquo;apoth\u00e9ose, m\u00eame si nous avions r\u00eav\u00e9 d&rsquo;y voir nos Red Lions.\u00a0\u00bb<\/p>\n<p><a href=\"https:\/\/www.lavenir.net\/regions\/huy-waremme\/nandrin\/2026\/08\/30\/lanthisnois-maxence-piette-etait-ball-boy-a-la-coupe-du-monde-de-hockey-a-wavre-jai-fait-13-matchs-une-experience-unique-photos-DMKD2RTPRVDP5OCNGKBLLDEJOY\/\" target=\"_self\" class=\"ap-StoryInterstitialLink ap-StoryElement ap-StoryElement--mb\" rel=\"nofollow noopener\">L&rsquo;Anthisnois Maxence Piette, \u00ab\u00a0ball boy\u00a0\u00bb \u00e0 la Coupe du monde de Hockey \u00e0 Wavre : \u00ab\u00a0J&rsquo;ai fait 13 matchs, une exp\u00e9rience unique\u00a0\u00bb (photos)<\/a><img loading=\"lazy\" decoding=\"async\" class=\"w-full lazyload lazyload--opacity object-contain\" style=\"aspect-ratio:150 \/ 100;opacity:1\" alt=\"coupe du monde de hockey\" width=\"768\" height=\"512\" fetchpriority=\"auto\" src=\"https:\/\/www.europesays.com\/be-fr\/wp-content\/uploads\/2026\/08\/1788163635_228_S5VKD3X55FFF3BW6V4SEHXNP7I.png\"  data- data-optimumx=\"1\"\/><img loading=\"lazy\" decoding=\"async\" src=\"https:\/\/www.europesays.com\/be-fr\/wp-content\/uploads\/2026\/08\/5D2XNEZ4I5HHJMWPAVKJ7GBZKE.jpg\" width=\"768\" height=\"512\" alt=\"coupe du monde de hockey\" class=\"absolute inset-0 w-full\"\/>Les Allemands ont f\u00eat\u00e9 ce titre en tribune avec leurs supporters. \u00a9EDA<img loading=\"lazy\" decoding=\"async\" class=\"w-full lazyload lazyload--opacity object-contain\" style=\"aspect-ratio:150 \/ 100;opacity:1\" alt=\"coupe du monde de hockey\" width=\"768\" height=\"512\" fetchpriority=\"auto\" src=\"https:\/\/www.europesays.com\/be-fr\/wp-content\/uploads\/2026\/08\/1788163635_228_S5VKD3X55FFF3BW6V4SEHXNP7I.png\"  data- data-optimumx=\"1\"\/><img loading=\"lazy\" decoding=\"async\" src=\"https:\/\/www.europesays.com\/be-fr\/wp-content\/uploads\/2026\/08\/4HB7BZAGYJBOTGJX3SCOO7ZK7U.jpg\" width=\"768\" height=\"512\" alt=\"coupe du monde de hockey\" class=\"absolute inset-0 w-full\"\/>C&rsquo;est le roi Philippe en personne qui a remis le troph\u00e9e des vainqueurs \u00e0 l&rsquo;\u00e9quipe allemande. \u00a9EDA<img loading=\"lazy\" decoding=\"async\" class=\"w-full lazyload lazyload--opacity object-contain\" style=\"aspect-ratio:150 \/ 100;opacity:1\" alt=\"coupe du monde de hockey\" width=\"768\" height=\"512\" fetchpriority=\"auto\" src=\"https:\/\/www.europesays.com\/be-fr\/wp-content\/uploads\/2026\/08\/1788163635_228_S5VKD3X55FFF3BW6V4SEHXNP7I.png\"  data- data-optimumx=\"1\"\/><img loading=\"lazy\" decoding=\"async\" src=\"https:\/\/www.europesays.com\/be-fr\/wp-content\/uploads\/2026\/08\/KRBUC7H2SJGGPAD3AXJON4D72A.jpg\" width=\"768\" height=\"512\" alt=\"coupe du monde de hockey\" class=\"absolute inset-0 w-full\"\/> \u00a9EDA<img loading=\"lazy\" decoding=\"async\" class=\"w-full lazyload lazyload--opacity object-contain\" style=\"aspect-ratio:150 \/ 100;opacity:1\" alt=\"coupe du monde de hockey\" width=\"768\" height=\"512\" fetchpriority=\"auto\" src=\"https:\/\/www.europesays.com\/be-fr\/wp-content\/uploads\/2026\/08\/1788163635_228_S5VKD3X55FFF3BW6V4SEHXNP7I.png\"  data- data-optimumx=\"1\"\/><img loading=\"lazy\" decoding=\"async\" src=\"https:\/\/www.europesays.com\/be-fr\/wp-content\/uploads\/2026\/08\/TBF5LGJQOFDEFKDCKSCRTSC5Z4.jpg\" width=\"768\" height=\"512\" alt=\"coupe du monde de hockey\" class=\"absolute inset-0 w-full\"\/>Les Red Panthers ont \u00e9t\u00e9 mises \u00e0 l&rsquo;honneur \u00e0 la mi-temps de la finale. Elles ont pu pr\u00e9senter leur m\u00e9daille au public. \u00a9EDA<img loading=\"lazy\" decoding=\"async\" class=\"w-full lazyload lazyload--opacity object-contain\" style=\"aspect-ratio:150 \/ 100;opacity:1\" alt=\"coupe du monde de hockey\" width=\"768\" height=\"512\" fetchpriority=\"auto\" src=\"https:\/\/www.europesays.com\/be-fr\/wp-content\/uploads\/2026\/08\/1788163635_228_S5VKD3X55FFF3BW6V4SEHXNP7I.png\"  data- data-optimumx=\"1\"\/><img loading=\"lazy\" decoding=\"async\" src=\"https:\/\/www.europesays.com\/be-fr\/wp-content\/uploads\/2026\/08\/DB7C7GQDOZD55KDOAAJM4K3S3Y.jpg\" width=\"768\" height=\"512\" alt=\"coupe du monde de hockey\" class=\"absolute inset-0 w-full\"\/>Chun, le speaker de Waterloo, est l&rsquo;un des visages de ce Mondial. \u00a9EDA<img loading=\"lazy\" decoding=\"async\" class=\"w-full lazyload lazyload--opacity object-contain\" style=\"aspect-ratio:150 \/ 100;opacity:1\" alt=\"coupe du monde de hockey\" width=\"768\" height=\"512\" fetchpriority=\"auto\" src=\"https:\/\/www.europesays.com\/be-fr\/wp-content\/uploads\/2026\/08\/1788163635_228_S5VKD3X55FFF3BW6V4SEHXNP7I.png\"  data- data-optimumx=\"1\"\/><img loading=\"lazy\" decoding=\"async\" src=\"https:\/\/www.europesays.com\/be-fr\/wp-content\/uploads\/2026\/08\/ANE7JB57NVHITF5LSZRLZW4MMM.jpg\" width=\"768\" height=\"512\" alt=\"coupe du monde de hockey\" class=\"absolute inset-0 w-full\"\/>En plus d&rsquo;\u00eatre championnes du monde, les Argentines ont aussi pu compter sur les supportrices les plus bruyantes des tribunes. \u00a9EDA<img loading=\"lazy\" decoding=\"async\" class=\"w-full lazyload lazyload--opacity object-contain\" style=\"aspect-ratio:150 \/ 100;opacity:1\" alt=\"coupe du monde de hockey\" width=\"768\" height=\"512\" fetchpriority=\"auto\" src=\"https:\/\/www.europesays.com\/be-fr\/wp-content\/uploads\/2026\/08\/1788163635_228_S5VKD3X55FFF3BW6V4SEHXNP7I.png\"  data- data-optimumx=\"1\"\/><img loading=\"lazy\" decoding=\"async\" src=\"https:\/\/www.europesays.com\/be-fr\/wp-content\/uploads\/2026\/08\/ZCEEQADUVFCVXMR2VNNR65QP54.jpg\" width=\"768\" height=\"512\" alt=\"coupe du monde de hockey\" class=\"absolute inset-0 w-full\"\/>Sans aucun doute, on a crois\u00e9 de futurs Red Panthers et Red Lions dans les trav\u00e9es wavriennes durant ce Mondial. \u00a9EDA<img loading=\"lazy\" decoding=\"async\" class=\"w-full lazyload lazyload--opacity object-contain\" style=\"aspect-ratio:150 \/ 100;opacity:1\" alt=\"coupe du monde de hockey\" width=\"768\" height=\"512\" fetchpriority=\"auto\" src=\"https:\/\/www.europesays.com\/be-fr\/wp-content\/uploads\/2026\/08\/1788163635_228_S5VKD3X55FFF3BW6V4SEHXNP7I.png\"  data- data-optimumx=\"1\"\/><img loading=\"lazy\" decoding=\"async\" src=\"https:\/\/www.europesays.com\/be-fr\/wp-content\/uploads\/2026\/08\/E56L4CDOZRAUZICIG6I3MZMBDY.jpg\" width=\"768\" height=\"512\" alt=\"coupe du monde de hockey\" class=\"absolute inset-0 w-full\"\/> \u00a9EDA<img loading=\"lazy\" decoding=\"async\" class=\"w-full lazyload lazyload--opacity object-contain\" style=\"aspect-ratio:150 \/ 100;opacity:1\" alt=\"coupe du monde de hockey\" width=\"768\" height=\"512\" fetchpriority=\"auto\" src=\"https:\/\/www.europesays.com\/be-fr\/wp-content\/uploads\/2026\/08\/1788163635_228_S5VKD3X55FFF3BW6V4SEHXNP7I.png\"  data- data-optimumx=\"1\"\/><img loading=\"lazy\" decoding=\"async\" src=\"https:\/\/www.europesays.com\/be-fr\/wp-content\/uploads\/2026\/08\/SJKNC4CJ2JBO3B7GIBAYMPREFQ.jpg\" width=\"768\" height=\"512\" alt=\"coupe du monde de hockey\" class=\"absolute inset-0 w-full\"\/>Alors que les N\u00e9erlandaises n&rsquo;avaient plus perdu depuis dix ans, les Argentines ont cr\u00e9\u00e9 la surprise dans le tableau f\u00e9minin. \u00a9EDA<img loading=\"lazy\" decoding=\"async\" class=\"w-full lazyload lazyload--opacity object-contain\" style=\"aspect-ratio:150 \/ 100;opacity:1\" alt=\"coupe du monde de hockey\" width=\"768\" height=\"512\" fetchpriority=\"auto\" src=\"https:\/\/www.europesays.com\/be-fr\/wp-content\/uploads\/2026\/08\/1788163635_228_S5VKD3X55FFF3BW6V4SEHXNP7I.png\"  data- data-optimumx=\"1\"\/><img loading=\"lazy\" decoding=\"async\" src=\"https:\/\/www.europesays.com\/be-fr\/wp-content\/uploads\/2026\/08\/TVWKNRELGFGJFIVLJSSAC6OKXM.jpg\" width=\"768\" height=\"512\" alt=\"coupe du monde de hockey\" class=\"absolute inset-0 w-full\"\/>La c\u00e9r\u00e9monie d&rsquo;ouverture, l&rsquo;un des moments forts de cette quinzaine. \u00a9EDA<img loading=\"lazy\" decoding=\"async\" class=\"w-full lazyload lazyload--opacity object-contain\" style=\"aspect-ratio:150 \/ 100;opacity:1\" alt=\"coupe du monde de hockey\" width=\"768\" height=\"512\" fetchpriority=\"auto\" src=\"https:\/\/www.europesays.com\/be-fr\/wp-content\/uploads\/2026\/08\/1788163635_228_S5VKD3X55FFF3BW6V4SEHXNP7I.png\"  data- data-optimumx=\"1\"\/><img loading=\"lazy\" decoding=\"async\" src=\"https:\/\/www.europesays.com\/be-fr\/wp-content\/uploads\/2026\/08\/3ZZJ5MTTQNG45L6VAIG6BDXL6A.jpg\" width=\"768\" height=\"512\" alt=\"coupe du monde de hockey\" class=\"absolute inset-0 w-full\"\/>La chasse aux autographes, l&rsquo;autre sport incontournable de la comp\u00e9tition. \u00a9EDA<\/p>\n","protected":false},"excerpt":{"rendered":"Plus de 100 000 spectateurs \u00ab\u00a0Nous avons pr\u00e9par\u00e9 cet \u00e9v\u00e9nement pendant trois ans avec de grandes esp\u00e9rances, et&hellip;\n","protected":false},"author":2,"featured_media":232687,"comment_status":"","ping_status":"","sticky":false,"template":"","format":"standard","meta":{"footnotes":"","_share_on_mastodon":"0"},"categories":[81],"tags":[2821,41,70956,10222,70957,12,13,1526,18,17,70958,15263,70959,2828,7555,1936,67399,67400,2832,326,11921,70960,894,33759,33682,8131,70961,58206,369,84,2861,2265,1549,2266,4080],"class_list":["post-232686","post","type-post","status-publish","format-standard","has-post-thumbnail","category-sports","tag-vkalut","tag-41","tag-amstelveen","tag-australia","tag-autralie","tag-be","tag-be-fr","tag-belgie","tag-belgique","tag-belgium","tag-bronmedaille","tag-bronze","tag-bronzen","tag-cup","tag-derde","tag-femmes","tag-fih","tag-fih-world-cup","tag-final","tag-finale","tag-hockey","tag-kleine","tag-match","tag-medaille","tag-medal","tag-petite","tag-plaats","tag-red-panthers","tag-sport","tag-sports","tag-vincent-kalut","tag-vrouwen","tag-wedstrijd","tag-women","tag-world"],"share_on_mastodon":{"url":"https:\/\/pubeurope.com\/@be_fr\/117189099859159123","error":""},"_links":{"self":[{"href":"https:\/\/www.europesays.com\/be-fr\/wp-json\/wp\/v2\/posts\/232686","targetHints":{"allow":["GET"]}}],"collection":[{"href":"https:\/\/www.europesays.com\/be-fr\/wp-json\/wp\/v2\/posts"}],"about":[{"href":"https:\/\/www.europesays.com\/be-fr\/wp-json\/wp\/v2\/types\/post"}],"author":[{"embeddable":true,"href":"https:\/\/www.europesays.com\/be-fr\/wp-json\/wp\/v2\/users\/2"}],"replies":[{"embeddable":true,"href":"https:\/\/www.europesays.com\/be-fr\/wp-json\/wp\/v2\/comments?post=232686"}],"version-history":[{"count":0,"href":"https:\/\/www.europesays.com\/be-fr\/wp-json\/wp\/v2\/posts\/232686\/revisions"}],"wp:featuredmedia":[{"embeddable":true,"href":"https:\/\/www.europesays.com\/be-fr\/wp-json\/wp\/v2\/media\/232687"}],"wp:attachment":[{"href":"https:\/\/www.europesays.com\/be-fr\/wp-json\/wp\/v2\/media?parent=232686"}],"wp:term":[{"taxonomy":"category","embeddable":true,"href":"https:\/\/www.europesays.com\/be-fr\/wp-json\/wp\/v2\/categories?post=232686"},{"taxonomy":"post_tag","embeddable":true,"href":"https:\/\/www.europesays.com\/be-fr\/wp-json\/wp\/v2\/tags?post=232686"}],"curies":[{"name":"wp","href":"https:\/\/api.w.org\/{rel}","templated":true}]}}