{"id":232954,"date":"2026-08-31T11:30:14","date_gmt":"2026-08-31T11:30:14","guid":{"rendered":"https:\/\/www.europesays.com\/be-fr\/232954\/"},"modified":"2026-08-31T11:30:14","modified_gmt":"2026-08-31T11:30:14","slug":"osmo-action-6-de-dji-une-revolution-dans-la-technologie-de-prise-de-vue-spatiale","status":"publish","type":"post","link":"https:\/\/www.europesays.com\/be-fr\/232954\/","title":{"rendered":"Osmo Action 6 de DJI\u00a0: une r\u00e9volution dans la technologie de prise de vue spatiale"},"content":{"rendered":"<p> DJI a annonc\u00e9 le succ\u00e8s de l&rsquo;utilisation de ses cam\u00e9ras Osmo Action 6 lors du lancement et de la r\u00e9cup\u00e9ration de la fus\u00e9e Zhuque-3 de LandSpace. Ces cam\u00e9ras ont captur\u00e9 des images haute fid\u00e9lit\u00e9 gr\u00e2ce \u00e0 un appareil grand public, mont\u00e9 directement sur la fus\u00e9e sans aucune modification particuli\u00e8re.<\/p>\n<p> Gr\u00e2ce \u00e0 sa conception robuste, l&rsquo;Osmo Action 6 a r\u00e9sist\u00e9 \u00e0 des conditions extr\u00eames, notamment des temp\u00e9ratures de 500 \u00b0C et des vibrations \u00e0 haute fr\u00e9quence. Cette performance constitue une premi\u00e8re\u00a0: une cam\u00e9ra grand public a film\u00e9 avec succ\u00e8s le voyage d&rsquo;une fus\u00e9e dans l&rsquo;espace et son retour sur Terre, offrant ainsi des images en vue subjective extr\u00eamement pr\u00e9cieuses pour l&rsquo;analyse en ing\u00e9nierie a\u00e9rospatiale.<\/p>\n<p> L&rsquo;\u00e9v\u00e9nement a \u00e9t\u00e9 document\u00e9 de mani\u00e8re exhaustive gr\u00e2ce \u00e0 l&rsquo;Osmo Action 6 et \u00e0 l&rsquo;ensemble des outils d&rsquo;imagerie DJI, y compris le futur Osmo 360 II. Ce dispositif comprenait des prises de vue a\u00e9riennes r\u00e9alis\u00e9es avec le DJI Mavic 4 Pro et l&rsquo;imagerie thermique du DJI Matrice 4TD, cr\u00e9ant ainsi un r\u00e9seau de tournage int\u00e9gr\u00e9 qui a permis d&rsquo;immortaliser ce moment historique sous de multiples angles.<\/p>\n<p><a class=\"text-primary-400 hover:underline\" href=\"https:\/\/www.webdisclosure.com\/author\/roger-herrmann\" rel=\"nofollow noopener\" target=\"_blank\">R. H. <\/a>                    <\/p>\n","protected":false},"excerpt":{"rendered":"DJI a annonc\u00e9 le succ\u00e8s de l&rsquo;utilisation de ses cam\u00e9ras Osmo Action 6 lors du lancement et de&hellip;\n","protected":false},"author":2,"featured_media":232955,"comment_status":"","ping_status":"","sticky":false,"template":"","format":"standard","meta":{"footnotes":"","_share_on_mastodon":"0"},"categories":[70],"tags":[71755,12,13,18,17,77,38,6091,71753,36,852,71756,73,71,75,72,71752,76,74,71754],"class_list":["post-232954","post","type-post","status-publish","format-standard","has-post-thumbnail","category-sciences-et-technologies","tag-appareil-photo-grand-public","tag-be","tag-be-fr","tag-belgique","tag-belgium","tag-bourse","tag-business","tag-dji","tag-dji-osmo-action-6","tag-economy","tag-finance","tag-images-haute-fidelite","tag-science","tag-science-and-technology","tag-sciences","tag-sciences-et-technologies","tag-technologie-aerospatiale","tag-technologies","tag-technology","tag-tournage-du-lancement-de-fusee"],"share_on_mastodon":{"url":"https:\/\/pubeurope.com\/@be_fr\/117189897318383394","error":""},"_links":{"self":[{"href":"https:\/\/www.europesays.com\/be-fr\/wp-json\/wp\/v2\/posts\/232954","targetHints":{"allow":["GET"]}}],"collection":[{"href":"https:\/\/www.europesays.com\/be-fr\/wp-json\/wp\/v2\/posts"}],"about":[{"href":"https:\/\/www.europesays.com\/be-fr\/wp-json\/wp\/v2\/types\/post"}],"author":[{"embeddable":true,"href":"https:\/\/www.europesays.com\/be-fr\/wp-json\/wp\/v2\/users\/2"}],"replies":[{"embeddable":true,"href":"https:\/\/www.europesays.com\/be-fr\/wp-json\/wp\/v2\/comments?post=232954"}],"version-history":[{"count":0,"href":"https:\/\/www.europesays.com\/be-fr\/wp-json\/wp\/v2\/posts\/232954\/revisions"}],"wp:featuredmedia":[{"embeddable":true,"href":"https:\/\/www.europesays.com\/be-fr\/wp-json\/wp\/v2\/media\/232955"}],"wp:attachment":[{"href":"https:\/\/www.europesays.com\/be-fr\/wp-json\/wp\/v2\/media?parent=232954"}],"wp:term":[{"taxonomy":"category","embeddable":true,"href":"https:\/\/www.europesays.com\/be-fr\/wp-json\/wp\/v2\/categories?post=232954"},{"taxonomy":"post_tag","embeddable":true,"href":"https:\/\/www.europesays.com\/be-fr\/wp-json\/wp\/v2\/tags?post=232954"}],"curies":[{"name":"wp","href":"https:\/\/api.w.org\/{rel}","templated":true}]}}