{"id":232968,"date":"2026-08-31T11:37:13","date_gmt":"2026-08-31T11:37:13","guid":{"rendered":"https:\/\/www.europesays.com\/be-fr\/232968\/"},"modified":"2026-08-31T11:37:13","modified_gmt":"2026-08-31T11:37:13","slug":"doubs-television-un-village-francais-le-rendez-vous-manque-de-la-franche-comte","status":"publish","type":"post","link":"https:\/\/www.europesays.com\/be-fr\/232968\/","title":{"rendered":"Doubs. T\u00e9l\u00e9vision : Un village fran\u00e7ais, le rendez-vous manqu\u00e9 de la Franche-Comt\u00e9"},"content":{"rendered":"<p>Diffus\u00e9e sur France 3 de 2009 \u00e0 2017, la s\u00e9rie Un village fran\u00e7ais raconte, en 7 saisons et 72 \u00e9pisodes, la vie des habitants de Villeneuve, une sous-pr\u00e9fecture fictive du Jura, <a href=\"https:\/\/www.estrepublicain.fr\/actualite\/2012\/03\/26\/chroniques-de-guerre\" target=\"_blank\" rel=\"nofollow noopener\">pendant l\u2019Occupation<\/a>. Elle a \u00e9t\u00e9 cr\u00e9\u00e9e par le sc\u00e9nariste Fr\u00e9d\u00e9ric Krivine, le r\u00e9alisateur Philippe Triboit et le producteur Emmanuel Dauc\u00e9. Robin Renucci incarne le docteur et maire Daniel Larcher, Audrey Fleurot son \u00e9pouse Hortense, Thierry Godard Raymond Schwartz et Richard Sammel l\u2019inqui\u00e9tant officier SS allemand Heinrich M\u00fcller. Nicolas Gob, Marie Kremer et Nade Dieu compl\u00e8tent ce casting.<\/p>\n<p>Villeneuve est imaginaire, mais la s\u00e9rie situe cette sous-pr\u00e9fecture du Jura entre Besan\u00e7on et Pontarlier, pr\u00e8s de la fronti\u00e8re suisse et de la ligne de d\u00e9marcation. Ce choix g\u00e9ographique permet d\u2019int\u00e9grer R\u00e9sistance, maquis et passages clandestins dans l\u2019intrigue.<\/p>\n<p>  Intrigue franc-comtoise, paysages du\u00a0Limousin<\/p>\n<p>Mais voici le paradoxe\u00a0: Un village fran\u00e7ais n\u2019a pas \u00e9t\u00e9 tourn\u00e9 dans le Jura\u00a0! Les principales sc\u00e8nes ext\u00e9rieures ont \u00e9t\u00e9 r\u00e9alis\u00e9es dans le Limousin, notamment \u00e0 Eymoutiers, La Souterraine, Saint-Moreil et Limoges et en r\u00e9gion parisienne. Le pont de Chauverne, dans la Creuse, repr\u00e9sente la ligne de d\u00e9marcation.<\/p>\n<p>Pourquoi ce choix\u00a0? Essentiellement pour des raisons \u00e9conomiques. En 2008, la production avait sollicit\u00e9 la Franche-Comt\u00e9, mais <a href=\"https:\/\/www.estrepublicain.fr\/culture-loisirs\/2024\/02\/18\/comment-la-region-soigne-son-image-pour-attirer-les-tournages-de-films-et-series\" target=\"_blank\" rel=\"nofollow noopener\">les aides r\u00e9gionales<\/a> \u00e9taient destin\u00e9es prioritairement aux longs-m\u00e9trages et ne permettaient pas de soutenir les s\u00e9ries t\u00e9l\u00e9vis\u00e9es. Le Limousin, lui, s\u2019est int\u00e9ress\u00e9 au projet et l\u2019a accompagn\u00e9 financi\u00e8rement. Le pari s\u2019est r\u00e9v\u00e9l\u00e9 payant\u00a0: Un village fran\u00e7ais a rencontr\u00e9 un vrai succ\u00e8s et le Limousin en a tir\u00e9 des retomb\u00e9es \u00e9conomiques et touristiques.<\/p>\n<p>Pour la Franche-Comt\u00e9, le regret demeure. Une histoire jurassienne, un village entre Besan\u00e7on et Pontarlier, mais aucun tournage dans le Jura\u00a0! L\u2019occasion \u00e9tait belle de montrer les villages, les paysages et le patrimoine comtois. Un village fran\u00e7ais aurait pu devenir une vitrine pour le territoire et mieux faire conna\u00eetre son histoire. Un rendez-vous manqu\u00e9.<\/p>\n","protected":false},"excerpt":{"rendered":"Diffus\u00e9e sur France 3 de 2009 \u00e0 2017, la s\u00e9rie Un village fran\u00e7ais raconte, en 7 saisons et&hellip;\n","protected":false},"author":2,"featured_media":232969,"comment_status":"","ping_status":"","sticky":false,"template":"","format":"standard","meta":{"footnotes":"","_share_on_mastodon":"0"},"categories":[99],"tags":[12,13,18,17,133,287,96,35937,3813,95,10386,10387,3810,476,112,1484],"class_list":["post-232968","post","type-post","status-publish","format-standard","has-post-thumbnail","category-television","tag-be","tag-be-fr","tag-belgique","tag-belgium","tag-cinema","tag-culture-loisirs","tag-divertissement","tag-doubs","tag-edition-pontarlier-haut-doubs","tag-entertainment","tag-pontarlier","tag-pontarlier-ville-25a","tag-region-franche-comte","tag-societe","tag-television","tag-television-medias"],"share_on_mastodon":{"url":"https:\/\/pubeurope.com\/@be_fr\/117189925066062697","error":""},"_links":{"self":[{"href":"https:\/\/www.europesays.com\/be-fr\/wp-json\/wp\/v2\/posts\/232968","targetHints":{"allow":["GET"]}}],"collection":[{"href":"https:\/\/www.europesays.com\/be-fr\/wp-json\/wp\/v2\/posts"}],"about":[{"href":"https:\/\/www.europesays.com\/be-fr\/wp-json\/wp\/v2\/types\/post"}],"author":[{"embeddable":true,"href":"https:\/\/www.europesays.com\/be-fr\/wp-json\/wp\/v2\/users\/2"}],"replies":[{"embeddable":true,"href":"https:\/\/www.europesays.com\/be-fr\/wp-json\/wp\/v2\/comments?post=232968"}],"version-history":[{"count":0,"href":"https:\/\/www.europesays.com\/be-fr\/wp-json\/wp\/v2\/posts\/232968\/revisions"}],"wp:featuredmedia":[{"embeddable":true,"href":"https:\/\/www.europesays.com\/be-fr\/wp-json\/wp\/v2\/media\/232969"}],"wp:attachment":[{"href":"https:\/\/www.europesays.com\/be-fr\/wp-json\/wp\/v2\/media?parent=232968"}],"wp:term":[{"taxonomy":"category","embeddable":true,"href":"https:\/\/www.europesays.com\/be-fr\/wp-json\/wp\/v2\/categories?post=232968"},{"taxonomy":"post_tag","embeddable":true,"href":"https:\/\/www.europesays.com\/be-fr\/wp-json\/wp\/v2\/tags?post=232968"}],"curies":[{"name":"wp","href":"https:\/\/api.w.org\/{rel}","templated":true}]}}