{"id":232970,"date":"2026-08-31T11:38:12","date_gmt":"2026-08-31T11:38:12","guid":{"rendered":"https:\/\/www.europesays.com\/be-fr\/232970\/"},"modified":"2026-08-31T11:38:12","modified_gmt":"2026-08-31T11:38:12","slug":"celine-dion-tous-les-details-sur-ses-concerts","status":"publish","type":"post","link":"https:\/\/www.europesays.com\/be-fr\/232970\/","title":{"rendered":"C\u00e9line Dion\u00a0: tous les d\u00e9tails sur ses concerts"},"content":{"rendered":"<p>Shows grandioses. Entre le\u00a012\u00a0septembre et le 17\u00a0octobre prochains, <a href=\"https:\/\/www.journaldesfemmes.fr\/people\/personnalites\/2559600-celine-dion-age-jeune-enfants-couple-maladie\/\" title=\"C\u00e9line Dion\" rel=\"nofollow noopener\" target=\"_blank\">C\u00e9line Dion<\/a> se produira lors de 16 concerts qui promettent d&rsquo;\u00eatre m\u00e9morables et dont le Parisien a r\u00e9v\u00e9l\u00e9 quelques d\u00e9tails. Selon le quotidien, ils devraient durer environ\u00a0durer deux heures et aucune premi\u00e8re partie n&rsquo;est pr\u00e9vue. C\u00f4t\u00e9 d\u00e9cor, \u00ab\u00a0des \u00e9crans et des accrochages diffusant des vid\u00e9os et plusieurs courts-m\u00e9trages (devraient) marquer les diff\u00e9rents actes\u00a0\u00bb pr\u00e9cise, en effet, le Parisien.<\/p>\n","protected":false},"excerpt":{"rendered":"Shows grandioses. Entre le\u00a012\u00a0septembre et le 17\u00a0octobre prochains, C\u00e9line Dion se produira lors de 16 concerts qui promettent&hellip;\n","protected":false},"author":2,"featured_media":232971,"comment_status":"","ping_status":"","sticky":false,"template":"","format":"standard","meta":{"footnotes":"","_share_on_mastodon":"0"},"categories":[98],"tags":[12,13,18,17,426,71765,435,96,95,437,440,438,107,108],"class_list":["post-232970","post","type-post","status-publish","format-standard","has-post-thumbnail","category-musique","tag-be","tag-be-fr","tag-belgique","tag-belgium","tag-celine-dion","tag-cms-journaldesfemmes-3276301","tag-controller-content","tag-divertissement","tag-entertainment","tag-format-reportage","tag-les-histoires-du-jdf","tag-magazine","tag-music","tag-musique"],"share_on_mastodon":{"url":"https:\/\/pubeurope.com\/@be_fr\/117189928738412451","error":""},"_links":{"self":[{"href":"https:\/\/www.europesays.com\/be-fr\/wp-json\/wp\/v2\/posts\/232970","targetHints":{"allow":["GET"]}}],"collection":[{"href":"https:\/\/www.europesays.com\/be-fr\/wp-json\/wp\/v2\/posts"}],"about":[{"href":"https:\/\/www.europesays.com\/be-fr\/wp-json\/wp\/v2\/types\/post"}],"author":[{"embeddable":true,"href":"https:\/\/www.europesays.com\/be-fr\/wp-json\/wp\/v2\/users\/2"}],"replies":[{"embeddable":true,"href":"https:\/\/www.europesays.com\/be-fr\/wp-json\/wp\/v2\/comments?post=232970"}],"version-history":[{"count":0,"href":"https:\/\/www.europesays.com\/be-fr\/wp-json\/wp\/v2\/posts\/232970\/revisions"}],"wp:featuredmedia":[{"embeddable":true,"href":"https:\/\/www.europesays.com\/be-fr\/wp-json\/wp\/v2\/media\/232971"}],"wp:attachment":[{"href":"https:\/\/www.europesays.com\/be-fr\/wp-json\/wp\/v2\/media?parent=232970"}],"wp:term":[{"taxonomy":"category","embeddable":true,"href":"https:\/\/www.europesays.com\/be-fr\/wp-json\/wp\/v2\/categories?post=232970"},{"taxonomy":"post_tag","embeddable":true,"href":"https:\/\/www.europesays.com\/be-fr\/wp-json\/wp\/v2\/tags?post=232970"}],"curies":[{"name":"wp","href":"https:\/\/api.w.org\/{rel}","templated":true}]}}