{"id":233114,"date":"2026-08-31T13:45:14","date_gmt":"2026-08-31T13:45:14","guid":{"rendered":"https:\/\/www.europesays.com\/be-fr\/233114\/"},"modified":"2026-08-31T13:45:14","modified_gmt":"2026-08-31T13:45:14","slug":"dans-un-immeuble-a-appartements-de-marche-il-allume-un-barbecue-dans-sa-cave-les-pompiers-sont-appeles","status":"publish","type":"post","link":"https:\/\/www.europesays.com\/be-fr\/233114\/","title":{"rendered":"Dans un immeuble \u00e0 appartements de Marche, il allume un barbecue dans sa cave : les pompiers sont appel\u00e9s"},"content":{"rendered":"<p class=\"ap-StoryElement ap-StoryElement--mb ap-StoryText\">Les pompiers de Marche ont \u00e9t\u00e9 appel\u00e9s pour une odeur de br\u00fbl\u00e9 ce dimanche vers 21 h 40 \u00e0 Marche, dans un immeuble \u00e0 appartements situ\u00e9 rue du Pont. Il s&rsquo;av\u00e8re qu&rsquo;un r\u00e9sident avait allum\u00e9 un barbecue dans sa cave.<\/p>\n<p class=\"ap-StoryElement ap-StoryElement--mb ap-StoryText\">Une autre intervention a eu lieu \u00e0 Mabompr\u00e9, o\u00f9 un accident s&rsquo;est produit sur l&rsquo;E25, \u00e0 hauteur des travaux, en direction de Li\u00e8ge, dans la nuit de dimanche \u00e0 lundi.<\/p>\n","protected":false},"excerpt":{"rendered":"Les pompiers de Marche ont \u00e9t\u00e9 appel\u00e9s pour une odeur de br\u00fbl\u00e9 ce dimanche vers 21 h 40&hellip;\n","protected":false},"author":2,"featured_media":233115,"comment_status":"","ping_status":"","sticky":false,"template":"","format":"standard","meta":{"footnotes":"","_share_on_mastodon":"0"},"categories":[2],"tags":[5287,12,13,18,17,26,27],"class_list":["post-233114","post","type-post","status-publish","format-standard","has-post-thumbnail","category-belgique","tag-bastogne","tag-be","tag-be-fr","tag-belgique","tag-belgium","tag-liege","tag-province-de-liege"],"share_on_mastodon":{"url":"https:\/\/pubeurope.com\/@be_fr\/117190428339879284","error":""},"_links":{"self":[{"href":"https:\/\/www.europesays.com\/be-fr\/wp-json\/wp\/v2\/posts\/233114","targetHints":{"allow":["GET"]}}],"collection":[{"href":"https:\/\/www.europesays.com\/be-fr\/wp-json\/wp\/v2\/posts"}],"about":[{"href":"https:\/\/www.europesays.com\/be-fr\/wp-json\/wp\/v2\/types\/post"}],"author":[{"embeddable":true,"href":"https:\/\/www.europesays.com\/be-fr\/wp-json\/wp\/v2\/users\/2"}],"replies":[{"embeddable":true,"href":"https:\/\/www.europesays.com\/be-fr\/wp-json\/wp\/v2\/comments?post=233114"}],"version-history":[{"count":0,"href":"https:\/\/www.europesays.com\/be-fr\/wp-json\/wp\/v2\/posts\/233114\/revisions"}],"wp:featuredmedia":[{"embeddable":true,"href":"https:\/\/www.europesays.com\/be-fr\/wp-json\/wp\/v2\/media\/233115"}],"wp:attachment":[{"href":"https:\/\/www.europesays.com\/be-fr\/wp-json\/wp\/v2\/media?parent=233114"}],"wp:term":[{"taxonomy":"category","embeddable":true,"href":"https:\/\/www.europesays.com\/be-fr\/wp-json\/wp\/v2\/categories?post=233114"},{"taxonomy":"post_tag","embeddable":true,"href":"https:\/\/www.europesays.com\/be-fr\/wp-json\/wp\/v2\/tags?post=233114"}],"curies":[{"name":"wp","href":"https:\/\/api.w.org\/{rel}","templated":true}]}}