{"id":233190,"date":"2026-08-31T14:33:13","date_gmt":"2026-08-31T14:33:13","guid":{"rendered":"https:\/\/www.europesays.com\/be-fr\/233190\/"},"modified":"2026-08-31T14:33:13","modified_gmt":"2026-08-31T14:33:13","slug":"un-attaquant-de-lunion-saint-gilloise-devrait-rejoindre-la-deuxieme-division-anglaise","status":"publish","type":"post","link":"https:\/\/www.europesays.com\/be-fr\/233190\/","title":{"rendered":"Un attaquant de l&rsquo;Union Saint-Gilloise devrait rejoindre la deuxi\u00e8me division anglaise"},"content":{"rendered":"<p class=\"ap-StoryElement ap-StoryElement--mb ap-StoryText\">\u00ab\u00a0C&rsquo;est une p\u00e9riode de m****\u00a0\u00bb : c&rsquo;est par ces mots que David Hubert a r\u00e9sum\u00e9 la situation lorsqu&rsquo;il a \u00e9t\u00e9 interrog\u00e9 sur l&rsquo;absence de Mo Fuseini de la feuille de match face \u00e0 Anderlecht, ce dimanche soir. L&rsquo;entra\u00eeneur unioniste attend avec impatience la fin du mercato estival, qui lui permettra enfin d&rsquo;avoir une vision claire de la composition de son groupe. Un groupe que devrait donc quitter l&rsquo;attaquant ghan\u00e9en, actuellement en route pour Birmingham City, pensionnaire de D2 anglaise.<\/p>\n","protected":false},"excerpt":{"rendered":"\u00ab\u00a0C&rsquo;est une p\u00e9riode de m****\u00a0\u00bb : c&rsquo;est par ces mots que David Hubert a r\u00e9sum\u00e9 la situation lorsqu&rsquo;il&hellip;\n","protected":false},"author":2,"featured_media":233191,"comment_status":"","ping_status":"","sticky":false,"template":"","format":"standard","meta":{"footnotes":"","_share_on_mastodon":"0"},"categories":[81],"tags":[9801,41,142,12,13,18,17,2824,43,1080,482,2833,2834,1752,1753,628,2837,1535,2839,1758,894,1759,1760,1761,1763,2846,1765,1766,2847,2848,2851,2852,906,369,1767,84,2856,2857,2858,2859,2860,1082,1549],"class_list":["post-233190","post","type-post","status-publish","format-standard","has-post-thumbnail","category-sports","tag-david-hagemann","tag-41","tag-anderlecht","tag-be","tag-be-fr","tag-belgique","tag-belgium","tag-bleu-et-jaune","tag-brussels","tag-foot","tag-football","tag-gillis","tag-gilloise","tag-jpl","tag-jupiler","tag-jupiler-pro-league","tag-la-vielle-dame","tag-league","tag-les-apaches","tag-les-mauves","tag-match","tag-mauves","tag-paars","tag-paarswit","tag-r-s-c-a","tag-royale","tag-rsc","tag-rsca","tag-saint","tag-saint-gilloise","tag-sint","tag-sint-gillis","tag-soccer","tag-sport","tag-sporting","tag-sports","tag-union","tag-union-60","tag-union-sg","tag-unionistes","tag-usg","tag-voetbal","tag-wedstrijd"],"share_on_mastodon":{"url":"https:\/\/pubeurope.com\/@be_fr\/117190617162816220","error":""},"_links":{"self":[{"href":"https:\/\/www.europesays.com\/be-fr\/wp-json\/wp\/v2\/posts\/233190","targetHints":{"allow":["GET"]}}],"collection":[{"href":"https:\/\/www.europesays.com\/be-fr\/wp-json\/wp\/v2\/posts"}],"about":[{"href":"https:\/\/www.europesays.com\/be-fr\/wp-json\/wp\/v2\/types\/post"}],"author":[{"embeddable":true,"href":"https:\/\/www.europesays.com\/be-fr\/wp-json\/wp\/v2\/users\/2"}],"replies":[{"embeddable":true,"href":"https:\/\/www.europesays.com\/be-fr\/wp-json\/wp\/v2\/comments?post=233190"}],"version-history":[{"count":0,"href":"https:\/\/www.europesays.com\/be-fr\/wp-json\/wp\/v2\/posts\/233190\/revisions"}],"wp:featuredmedia":[{"embeddable":true,"href":"https:\/\/www.europesays.com\/be-fr\/wp-json\/wp\/v2\/media\/233191"}],"wp:attachment":[{"href":"https:\/\/www.europesays.com\/be-fr\/wp-json\/wp\/v2\/media?parent=233190"}],"wp:term":[{"taxonomy":"category","embeddable":true,"href":"https:\/\/www.europesays.com\/be-fr\/wp-json\/wp\/v2\/categories?post=233190"},{"taxonomy":"post_tag","embeddable":true,"href":"https:\/\/www.europesays.com\/be-fr\/wp-json\/wp\/v2\/tags?post=233190"}],"curies":[{"name":"wp","href":"https:\/\/api.w.org\/{rel}","templated":true}]}}