{"id":233350,"date":"2026-08-31T16:20:09","date_gmt":"2026-08-31T16:20:09","guid":{"rendered":"https:\/\/www.europesays.com\/be-fr\/233350\/"},"modified":"2026-08-31T16:20:09","modified_gmt":"2026-08-31T16:20:09","slug":"tant-que-vous-ne-voulez-pas-denfant-il-ny-a-pas-de-probleme-le-parcours-medical-solitaire-des-femmes-atteintes-du-somp-2","status":"publish","type":"post","link":"https:\/\/www.europesays.com\/be-fr\/233350\/","title":{"rendered":"\u00abTant que vous ne voulez pas d\u2019enfant, il n\u2019y a pas de probl\u00e8me\u00bb: le parcours m\u00e9dical solitaire des femmes atteintes du SOMP"},"content":{"rendered":"<p>    R\u00e9sum\u00e9 en 20 secondes<\/p>\n<p>        En savoir plus sur ce type de contenu<\/p>\n<p>Ce r\u00e9sum\u00e9 peut avoir \u00e9t\u00e9 \u00e9crit avec l&rsquo;assistance d\u2019une IA g\u00e9n\u00e9rative. <a href=\"https:\/\/www.letemps.ch\/cyber\/l-usage-de-l-ia-generative-par-les-journalistes-du-temps\" rel=\"nofollow noopener\" target=\"_blank\">En savoir plus<\/a><\/p>\n<p class=\"article__abstract-call-to-action\" data-ariato=\"TrackableElement\" data-trackable-element-type=\"article_abstract_cta\" data-trackable-element-location=\"article_header\" data-trackable-element-id=\"541153\">\n        <a data-event=\"click-&gt;clicked\" href=\"http:\/\/www.letemps.ch\/abonnements\" rel=\"nofollow noopener\" target=\"_blank\">Abonnez-vous<\/a> pour acc\u00e9der au r\u00e9sum\u00e9 en 20 secondes.\n      <\/p>\n<p>Quand sa gyn\u00e9cologue lui annonce le diagnostic, il y a une dizaine d\u2019ann\u00e9es, Rapha\u00eblle Jacamon ne s\u2019en inqui\u00e8te pas tout de suite. Une \u00e9chographie vient de r\u00e9v\u00e9ler un syndrome des ovaires polykystiques (SOPK), et la m\u00e9decin ne semble pas s\u2019alarmer. \u00abVous reviendrez me voir lorsque vous voudrez des enfants\u00bb, ajoute-t-elle. Ce que Rapha\u00eblle appelle aujourd\u2019hui la phrase \u00abclassique\u00bb des m\u00e9decins apr\u00e8s ce diagnostic: \u00abTant que vous ne voulez pas d\u2019enfant, il n\u2019y a pas de probl\u00e8me.\u00bb<\/p>\n<p>\u00abJ\u2019ai toujours eu des r\u00e8gles irr\u00e9guli\u00e8res, mais je n\u2019avais pas de surpoids, pas d\u2019acn\u00e9 invalidante, explique Rapha\u00eblle. Donc, sur le moment, j\u2019ai pris l\u2019information sans trop m\u2019en soucier.\u00bb Alors en cours d\u2019\u00e9tudes pour devenir sage-femme, elle d\u00e9couvre une r\u00e9alit\u00e9 plus complexe derri\u00e8re ce syndrome: \u00abOn ne m\u2019avait jamais parl\u00e9 de ma glyc\u00e9mie ni de r\u00e9sistance \u00e0 l\u2019insuline. C\u2019\u00e9tait rest\u00e9 tr\u00e8s gyn\u00e9co-centr\u00e9.\u00bb<\/p>\n","protected":false},"excerpt":{"rendered":"R\u00e9sum\u00e9 en 20 secondes En savoir plus sur ce type de contenu Ce r\u00e9sum\u00e9 peut avoir \u00e9t\u00e9 \u00e9crit&hellip;\n","protected":false},"author":2,"featured_media":233351,"comment_status":"","ping_status":"","sticky":false,"template":"","format":"standard","meta":{"footnotes":"","_share_on_mastodon":"0"},"categories":[82],"tags":[12,13,18,17,41820,4302,86,1942,2357,87,75,476],"class_list":["post-233350","post","type-post","status-publish","format-standard","has-post-thumbnail","category-sante","tag-be","tag-be-fr","tag-belgique","tag-belgium","tag-egalite","tag-entre-temps","tag-health","tag-medecine","tag-premium","tag-sante","tag-sciences","tag-societe"],"share_on_mastodon":{"url":"https:\/\/pubeurope.com\/@be_fr\/117191037904317928","error":""},"_links":{"self":[{"href":"https:\/\/www.europesays.com\/be-fr\/wp-json\/wp\/v2\/posts\/233350","targetHints":{"allow":["GET"]}}],"collection":[{"href":"https:\/\/www.europesays.com\/be-fr\/wp-json\/wp\/v2\/posts"}],"about":[{"href":"https:\/\/www.europesays.com\/be-fr\/wp-json\/wp\/v2\/types\/post"}],"author":[{"embeddable":true,"href":"https:\/\/www.europesays.com\/be-fr\/wp-json\/wp\/v2\/users\/2"}],"replies":[{"embeddable":true,"href":"https:\/\/www.europesays.com\/be-fr\/wp-json\/wp\/v2\/comments?post=233350"}],"version-history":[{"count":0,"href":"https:\/\/www.europesays.com\/be-fr\/wp-json\/wp\/v2\/posts\/233350\/revisions"}],"wp:featuredmedia":[{"embeddable":true,"href":"https:\/\/www.europesays.com\/be-fr\/wp-json\/wp\/v2\/media\/233351"}],"wp:attachment":[{"href":"https:\/\/www.europesays.com\/be-fr\/wp-json\/wp\/v2\/media?parent=233350"}],"wp:term":[{"taxonomy":"category","embeddable":true,"href":"https:\/\/www.europesays.com\/be-fr\/wp-json\/wp\/v2\/categories?post=233350"},{"taxonomy":"post_tag","embeddable":true,"href":"https:\/\/www.europesays.com\/be-fr\/wp-json\/wp\/v2\/tags?post=233350"}],"curies":[{"name":"wp","href":"https:\/\/api.w.org\/{rel}","templated":true}]}}