{"id":233528,"date":"2026-08-31T18:51:17","date_gmt":"2026-08-31T18:51:17","guid":{"rendered":"https:\/\/www.europesays.com\/be-fr\/233528\/"},"modified":"2026-08-31T18:51:17","modified_gmt":"2026-08-31T18:51:17","slug":"elections-en-ukraine-en-pleine-guerre-crise-politique-ou-renouveau-democratique-on-est-sur-la-corde-raide","status":"publish","type":"post","link":"https:\/\/www.europesays.com\/be-fr\/233528\/","title":{"rendered":"\u00c9lections en Ukraine en pleine guerre, crise politique ou renouveau d\u00e9mocratique\u00a0? \u00ab\u00a0On est sur la corde raide\u00a0\u00bb"},"content":{"rendered":"<p class=\"ap-StoryElement ap-StoryElement--mb ap-StoryText\">\u00c2g\u00e9 de 35 ans, l&rsquo;ancien prot\u00e9g\u00e9 de Volodymyr <a href=\"https:\/\/www.lalibre.be\/international\/europe\/guerre-ukraine-russie\/2026\/08\/23\/des-elections-seraient-un-tsunami-qui-fracturerait-lukraine-les-surprenantes-declarations-de-zelensky-MN6KAWTQAZBULJYPHLW3BQIOII\/\" target=\"_blank\" rel=\"noreferrer noopener nofollow\">Zelensky <\/a>incarne la modernisation de l&rsquo;appareil militaire et la mise en \u0153uvre de r\u00e9formes qui ont bouscul\u00e9 certains milieux industriels et lui auraient co\u00fbt\u00e9 sa place. Plut\u00f4t discret jusque-l\u00e0, il juge des \u00e9lections possibles, s&rsquo;en prend \u00e0 la corruption qui affecte l&rsquo;effort de guerre, et d\u00e9nonce une \u00ab\u00a0crise syst\u00e9mique de gouvernance\u00a0\u00bb. D\u00e9marche d\u00e9mocratique salutaire ou dangereuse prise de risque ? Entretien avec Anna Colin Lebedev, Ma\u00eetresse de conf\u00e9rences \u00e0 l&rsquo;universit\u00e9 Paris-Nanterre et directrice scientifique de l&rsquo;observatoire de l&rsquo;Ukraine contemporaine.<\/p>\n<p><a href=\"https:\/\/www.lalibre.be\/international\/europe\/guerre-ukraine-russie\/2026\/08\/26\/vladimir-poutine-de-plus-en-plus-menacant-la-russie-envisage-une-nouvelle-escalade-KQQ2NSTQNVBWPJL2QGSGP6PUHY\/\" target=\"_self\" class=\"ap-StoryInterstitialLink ap-StoryElement ap-StoryElement--mb\" rel=\"nofollow noopener\">Vladimir Poutine de plus en plus mena\u00e7ant ? \u00ab\u00a0La Russie envisage une nouvelle escalade\u00a0\u00bb<\/a><\/p>\n<p class=\"ap-StoryElement ap-StoryElement--mb ap-StoryText\">Que sait-on du parcours de Mykha\u00eflo Fedorov ?<\/p>\n<p class=\"ap-StoryElement ap-StoryElement--mb ap-StoryText\">Fedorov est arriv\u00e9 dans l&rsquo;espace politique avec la campagne \u00e9lectorale de Volodymyr Zelensky (en 2019, NdlR) dont il dirigeait le volet num\u00e9rique. Ce n&rsquo;est donc pas quelqu&rsquo;un qui vient de la sph\u00e8re militaire, ni quelqu&rsquo;un qui a une longue carri\u00e8re politique derri\u00e8re lui, mais un homme jeune qui a occup\u00e9 deux fonctions importantes. Il a d&rsquo;abord \u00e9t\u00e9 ministre de la Num\u00e9risation o\u00f9 il s&rsquo;est forg\u00e9 une solide r\u00e9putation, avant d&rsquo;\u00eatre nomm\u00e9 ministre de la D\u00e9fense. L&rsquo;Ukraine \u00e9tait une soci\u00e9t\u00e9 assez num\u00e9ris\u00e9e mais l&rsquo;institution arm\u00e9e et l&rsquo;\u00c9tat fonctionnaient encore de mani\u00e8re archa\u00efque sur le plan num\u00e9rique, avec des fichiers en papier, tr\u00e8s peu de recoupements de donn\u00e9es, \u00e9norm\u00e9ment de rigidit\u00e9. Ce qui s&rsquo;est r\u00e9v\u00e9l\u00e9 d\u00e9sastreux dans le contexte de la guerre, lorsque se sont pos\u00e9es en urgence des questions comme le maintien des services publics, le contact des r\u00e9fugi\u00e9s et des d\u00e9plac\u00e9s avec l&rsquo;\u00c9tat alors tous leurs documents avaient \u00e9t\u00e9 d\u00e9truits, et la coordination des forces arm\u00e9es. C&rsquo;est Fedorov qui a \u00e9t\u00e9 l&rsquo;instigateur de la grande r\u00e9forme num\u00e9rique des services administratifs et militaires. Il incarne personnellement le renouveau et l&rsquo;innovation, qui sont tous deux consid\u00e9r\u00e9s comme des \u00e9l\u00e9ments cl\u00e9s des victoires tactiques obtenues par l&rsquo;Ukraine face \u00e0 la Russie.<\/p>\n<p><a href=\"https:\/\/www.lalibre.be\/international\/europe\/guerre-ukraine-russie\/2026\/08\/25\/vladimir-poutine-soctroie-le-droit-de-saisir-toute-entreprise-jugee-strategique-pour-la-guerre-QVAPUQ5TIJCUFNSJGM4KZ262EY\/\" target=\"_self\" class=\"ap-StoryInterstitialLink ap-StoryElement ap-StoryElement--mb\" rel=\"nofollow noopener\">Vladimir Poutine s&rsquo;octroie le droit de saisir toute entreprise jug\u00e9e strat\u00e9gique pour la guerre<\/a><\/p>\n<p class=\"ap-StoryElement ap-StoryElement--mb ap-StoryText\">Y a-t-il, aujourd&rsquo;hui, en Ukraine une \u00ab\u00a0crise syst\u00e9mique de gouvernance\u00a0\u00bb telle qu&rsquo;il le d\u00e9nonce ?<\/p>\n<p class=\"ap-StoryElement ap-StoryElement--mb ap-StoryText\">Faute de processus \u00e9lectoral \u2013 suspendu par la loi martiale, NdlR \u2013 cela fait de nombreuses ann\u00e9es qu&rsquo;il n&rsquo;y a plus d&rsquo;alternance politique en Ukraine. On pense \u00e9videmment \u00e0 la pr\u00e9sidence, mais cela va bien plus loin. Les \u00e9lections parlementaires n&rsquo;ont pas pu avoir lieu, emp\u00eachant une redistribution des cartes et l&rsquo;\u00e9mergence des nouvelles forces politiques. M\u00eame constat au niveau r\u00e9gional et local, o\u00f9 les m\u00eames dirigeants sont en place depuis des ann\u00e9es faute de rotation. Le pr\u00e9sident a la main sur la soci\u00e9t\u00e9 et le Parlement n&rsquo;est pas en mesure de jouer son r\u00f4le de contre-pouvoir. Volodymyr Zelensky nomme et limoge, mais que quelqu&rsquo;un d&rsquo;extr\u00eamement populaire comme Fedorov en fasse les frais a illustr\u00e9 le blocage structurel en place. En l&rsquo;occurence, l&rsquo;\u00e9cart entre certaines d\u00e9cisions du pouvoir et les consid\u00e9rations de la population. Toute la question est d\u00e9sormais de savoir comment recr\u00e9er et faire vivre une alternance politique. Car un syst\u00e8me d\u00e9mocratique sans d\u00e9bats et sans projets politiques concurrents est forc\u00e9ment en crise.<\/p>\n<p class=\"ap-StoryElement ap-StoryElement--mb ap-StoryText\">En quoi cet appel public \u00e0 organiser des \u00e9lections marque-t-il une rupture ?<\/p>\n<p class=\"ap-StoryElement ap-StoryElement--mb ap-StoryText\">Le d\u00e9bat sur la tenue d&rsquo;\u00e9lections est bien vivant en Ukraine. Lorsque cette exigence vient de l&rsquo;ext\u00e9rieur et notamment des \u00c9tats-Unis, les Ukrainiens protestent car ils ne veulent pas se laisser dicter leur calendrier de vie d\u00e9mocratique par d&rsquo;autres, mais il y a beaucoup de discussions autour de l&rsquo;opportunit\u00e9 d&rsquo;organiser des \u00e9lections locales et municipales \u2013 dans l&rsquo;ouest du pays notamment \u2013 pour rafra\u00eechir un peu la vie politique. Mykha\u00eflo Fedorov propose quelque chose de nouveau lorsqu&rsquo;il estime qu&rsquo;il est indispensable d&rsquo;organiser un scrutin au niveau national : des \u00e9lections pr\u00e9sidentielles mais aussi parlementaires, sans attendre la fin de la guerre. Son argument, c&rsquo;est que tout indique qu&rsquo;un accord de paix durable et solide entre la Russie et l&rsquo;Ukraine n&rsquo;arrivera pas avant des mois, voire des ann\u00e9es, et qu&rsquo;il va bien falloir trouver une solution pour sortir l&rsquo;Ukraine de cette impasse d\u00e9mocratique.<\/p>\n<p class=\"ap-StoryElement ap-StoryElement--mb ap-StoryText\">Quel a \u00e9t\u00e9 l&rsquo;impact de sa proposition, alors que Volodymyr Zelensky a balay\u00e9 l&rsquo;id\u00e9e d&rsquo;organiser des \u00e9lections ?<\/p>\n<p class=\"ap-StoryElement ap-StoryElement--mb ap-StoryText\">Il a remis le sujet dans le d\u00e9bat public, ouvert les discussions dans la soci\u00e9t\u00e9 ukrainienne sur la possibilit\u00e9 d&rsquo;organiser un vote, les modalit\u00e9s pratiques, la question de la s\u00e9curit\u00e9\u2026 Il propose par exemple de repenser le syst\u00e8me en y apportant des innovations et \u00e9voquera sans doute les technologies num\u00e9riques pour permettre le vote \u00e0 distance. Tout cela ouvre des pistes de r\u00e9flexion.<\/p>\n<p><a href=\"https:\/\/www.lalibre.be\/international\/europe\/guerre-ukraine-russie\/2026\/08\/22\/le-kremlin-prepare-la-suite-de-la-guerre-en-ukraine-les-forces-russes-perpetuent-un-schema-HONX57BOCNHOPAGDFLQDTGDYOM\/\" target=\"_self\" class=\"ap-StoryInterstitialLink ap-StoryElement ap-StoryElement--mb\" rel=\"nofollow noopener\">Le Kremlin durcit encore ses attaques et entend militariser le parlement<\/a><\/p>\n<p class=\"ap-StoryElement ap-StoryElement--mb ap-StoryText\">Vous estimez personnellement que cette d\u00e9marche rel\u00e8ve moins de la crise politique que du \u00ab\u00a0reboot\u00a0\u00bb d\u00e9mocratique\u2026<\/p>\n<p class=\"ap-StoryElement ap-StoryElement--mb ap-StoryText\">Oui, car le propre d&rsquo;une institution d\u00e9mocratique est d&rsquo;avoir une pluralit\u00e9 de candidats et de projets de soci\u00e9t\u00e9 qui se confrontent. De mani\u00e8re assez \u00e9tonnante, on demande \u00e0 l&rsquo;Ukraine d&rsquo;\u00eatre d\u00e9mocratique mais lorsque des personnes se positionnent comme une alternative au pr\u00e9sident en place, on voit cela comme un affaiblissement. Il s&rsquo;agit au contraire d&rsquo;une preuve de solidit\u00e9 de la vie politique ukrainienne selon moi. Il est paradoxal de s&rsquo;attendre \u00e0 ce qu&rsquo;un pays en guerre soit autoritaire au nom du ralliement autour du drapeau, qui n&rsquo;est autre chose, en fait, qu&rsquo;un r\u00e9tr\u00e9cissement de l&rsquo;espace d\u00e9mocratique.<\/p>\n<p class=\"ap-StoryElement ap-StoryElement--mb ap-StoryText\">M\u00eame sans le nommer, Mykha\u00eflo Fedorov cible directement Volodymyr Zelensky en \u00e9voquant notamment la corruption de son entourage. Un affront ?<\/p>\n<p class=\"ap-StoryElement ap-StoryElement--mb ap-StoryText\">Montrer les d\u00e9fauts de son comp\u00e9titeur, de son adversaire politique, et de l&rsquo;\u00e9quipe qui l&rsquo;entoure fait partie du jeu politique. Or, la lutte contre la corruption est une question fondamentale qui sera port\u00e9e par tout candidat \u00e0 l&rsquo;\u00e9lection pr\u00e9sidentielle car il y a une demande tr\u00e8s forte de la soci\u00e9t\u00e9 sur le sujet. Je trouve rassurant de voir que \u00e7a ne porte pas sur la personne par exemple de Volodymyr Zelensky mais sur la sur la n\u00e9cessit\u00e9 de travailler sur l&rsquo;ensemble du syst\u00e8me politique.<\/p>\n<p><a href=\"https:\/\/www.lalibre.be\/international\/europe\/guerre-ukraine-russie\/2026\/08\/30\/la-russie-dit-preparer-des-frappes-massives-contre-le-secteur-energetique-de-lukraine-NG74BGENFBGL7DAQKSKDUC6RDE\/\" target=\"_self\" class=\"ap-StoryInterstitialLink ap-StoryElement ap-StoryElement--mb\" rel=\"nofollow noopener\">La Russie dit pr\u00e9parer des \u00ab\u00a0frappes massives\u00a0\u00bb contre le \u00ab\u00a0secteur \u00e9nerg\u00e9tique\u00a0\u00bb de l&rsquo;Ukraine<\/a><\/p>\n<p class=\"ap-StoryElement ap-StoryElement--mb ap-StoryText\">Comment a r\u00e9agi la soci\u00e9t\u00e9 ukrainienne \u00e0 cette proposition ?<\/p>\n<p class=\"ap-StoryElement ap-StoryElement--mb ap-StoryText\">Les Ukrainiens se sont un petit peu moqu\u00e9s du style de la vid\u00e9o post\u00e9e sur YouTube, jug\u00e9e un peu vieillotte. Certaines personnes consid\u00e8rent sa d\u00e9marche tout \u00e0 fait justifi\u00e9e, d&rsquo;autres consid\u00e8rent qu&rsquo;il aurait peut-\u00eatre d\u00fb se taire mais consid\u00e8rent n\u00e9anmoins que la d\u00e9cision de son limogeage \u00e9tait une mauvaise d\u00e9cision. Et si, finalement, Volodymyr Zelensky a r\u00e9agi en disant que la proposition ne lui paraissait pas pertinente, cela signifie simplement qu&rsquo;il est rentr\u00e9 dans la danse.<\/p>\n<p class=\"ap-StoryElement ap-StoryElement--mb ap-StoryText\">Qu&rsquo;attendre, d\u00e9sormais, de ce d\u00e9bat d\u00e9mocratique ?<\/p>\n<p class=\"ap-StoryElement ap-StoryElement--mb ap-StoryText\">On a une soci\u00e9t\u00e9 ukrainienne qui est tr\u00e8s \u00e9prouv\u00e9e par quatre ans et demi de guerre. Ce qui exacerbe les \u00e9motions. Aujourd&rsquo;hui les Ukrainiens peuvent avoir des r\u00e9actions extr\u00eamement vives, ils sont \u00e0 fleur de peau, particuli\u00e8rement ces derni\u00e8res semaines avec le manque de missiles intercepteurs<\/p>\n<p class=\"ap-StoryElement ap-StoryElement--mb ap-StoryText\">qui fragilise \u00e9norm\u00e9ment le pays face aux frappes russes. Cela augmente le risque que le d\u00e9bat politique ne soit pas serein. C&rsquo;est ce qui pousse certains \u00e0 dire que Fedorov s&rsquo;est lanc\u00e9 au mauvais moment. Il a pris un risque personnel et un risque pour la soci\u00e9t\u00e9 dans laquelle il lance ce d\u00e9bat. On est sur la corde raide. Mais \u00e0 mon sens, cette prise de risque \u00e9tait indispensable. Parce qu&rsquo;il est indispensable de r\u00e9fl\u00e9chir \u00e0 la vie politique en temps de guerre.<\/p>\n<p><a href=\"https:\/\/www.lalibre.be\/international\/europe\/guerre-ukraine-russie\/2026\/08\/27\/un-lieutenant-colonel-de-larmee-russe-meurt-dans-lexplosion-dune-voiture-a-saint-petersbourg-I3R6M2IWZ5DOVGZJS6JQMIIRZ4\/\" target=\"_self\" class=\"ap-StoryInterstitialLink ap-StoryElement ap-StoryElement--mb\" rel=\"nofollow noopener\">Un lieutenant-colonel de l&rsquo;arm\u00e9e russe meurt dans l&rsquo;explosion d&rsquo;une voiture \u00e0 Saint-P\u00e9tersbourg<\/a><\/p>\n","protected":false},"excerpt":{"rendered":"\u00c2g\u00e9 de 35 ans, l&rsquo;ancien prot\u00e9g\u00e9 de Volodymyr Zelensky incarne la modernisation de l&rsquo;appareil militaire et la mise&hellip;\n","protected":false},"author":2,"featured_media":233529,"comment_status":"","ping_status":"","sticky":false,"template":"","format":"standard","meta":{"footnotes":"","_share_on_mastodon":"0"},"categories":[9],"tags":[12,13,18,17,1276,31,32],"class_list":["post-233528","post","type-post","status-publish","format-standard","has-post-thumbnail","category-international","tag-be","tag-be-fr","tag-belgique","tag-belgium","tag-conflit-russie-ukraine","tag-international","tag-world-news"],"share_on_mastodon":{"url":"https:\/\/pubeurope.com\/@be_fr\/117191631516554745","error":""},"_links":{"self":[{"href":"https:\/\/www.europesays.com\/be-fr\/wp-json\/wp\/v2\/posts\/233528","targetHints":{"allow":["GET"]}}],"collection":[{"href":"https:\/\/www.europesays.com\/be-fr\/wp-json\/wp\/v2\/posts"}],"about":[{"href":"https:\/\/www.europesays.com\/be-fr\/wp-json\/wp\/v2\/types\/post"}],"author":[{"embeddable":true,"href":"https:\/\/www.europesays.com\/be-fr\/wp-json\/wp\/v2\/users\/2"}],"replies":[{"embeddable":true,"href":"https:\/\/www.europesays.com\/be-fr\/wp-json\/wp\/v2\/comments?post=233528"}],"version-history":[{"count":0,"href":"https:\/\/www.europesays.com\/be-fr\/wp-json\/wp\/v2\/posts\/233528\/revisions"}],"wp:featuredmedia":[{"embeddable":true,"href":"https:\/\/www.europesays.com\/be-fr\/wp-json\/wp\/v2\/media\/233529"}],"wp:attachment":[{"href":"https:\/\/www.europesays.com\/be-fr\/wp-json\/wp\/v2\/media?parent=233528"}],"wp:term":[{"taxonomy":"category","embeddable":true,"href":"https:\/\/www.europesays.com\/be-fr\/wp-json\/wp\/v2\/categories?post=233528"},{"taxonomy":"post_tag","embeddable":true,"href":"https:\/\/www.europesays.com\/be-fr\/wp-json\/wp\/v2\/tags?post=233528"}],"curies":[{"name":"wp","href":"https:\/\/api.w.org\/{rel}","templated":true}]}}