{"id":233544,"date":"2026-08-31T19:06:10","date_gmt":"2026-08-31T19:06:10","guid":{"rendered":"https:\/\/www.europesays.com\/be-fr\/233544\/"},"modified":"2026-08-31T19:06:10","modified_gmt":"2026-08-31T19:06:10","slug":"ils-nont-meme-pas-besoin-de-frapper-la-nouvelle-realite-de-kiev-assiegee-par-les-drones-russes","status":"publish","type":"post","link":"https:\/\/www.europesays.com\/be-fr\/233544\/","title":{"rendered":"\u00ab\u00a0Ils n&rsquo;ont m\u00eame pas besoin de frapper\u00a0\u00bb : la nouvelle r\u00e9alit\u00e9 de Kiev, assi\u00e9g\u00e9e par les drones russes"},"content":{"rendered":"<p><a href=\"https:\/\/www.lalibre.be\/international\/europe\/guerre-ukraine-russie\/2026\/08\/31\/elections-en-ukraine-en-pleine-guerre-crise-politique-ou-renouveau-democratique-on-est-sur-la-corde-raide-FF2EFO6G3NCYXKWDC2FYBOZ65I\/\" target=\"_self\" class=\"ap-StoryInterstitialLink ap-StoryElement ap-StoryElement--mb js-paywall-target\" rel=\"nofollow noopener\">\u00c9lections en Ukraine en pleine guerre, crise politique ou renouveau d\u00e9mocratique ? \u00ab\u00a0On est sur la corde raide\u00a0\u00bb<\/a>Une tactique d&rsquo;\u00e9puisement plut\u00f4t que de destruction<\/p>\n<p class=\"ap-StoryElement ap-StoryElement--mb ap-StoryText\">Depuis plusieurs jours, les habitants de la capitale ukrainienne vivent au rythme de ces alertes \u00e0 r\u00e9p\u00e9tition. La Russie ne se contente ainsi plus de lancer ses drones par centaines au cours de vastes attaques nocturnes : de petits groupes sont d\u00e9sormais envoy\u00e9s vers Kiev tout au long de la journ\u00e9e, parfois \u00e0 seulement trente ou soixante minutes d&rsquo;intervalle.<\/p>\n<p class=\"ap-StoryElement ap-StoryElement--mb ap-StoryText\">Le 27 ao\u00fbt, la capitale a ainsi connu treize alertes, soit pr\u00e8s de quinze heures cumul\u00e9es. La s\u00e9quence suivante s&rsquo;est prolong\u00e9e pendant plus de vingt-huit heures. Selon Volodymyr Zelensky, pr\u00e8s de 1 500 drones ont \u00e9t\u00e9 lanc\u00e9s contre l&rsquo;Ukraine en quatre jours, dont environ 800 mod\u00e8les \u00e0 r\u00e9action.<\/p>\n<p class=\"ap-StoryElement ap-StoryElement--mb ap-StoryText\">Le nombre d&rsquo;appareils engag\u00e9s \u00e0 chaque fois importe finalement assez peu. Une poign\u00e9e de drones suffit \u00e0 d\u00e9clencher une alerte sur une partie de la capitale, \u00e0 ralentir les trains, \u00e0 perturber certains transports publics ou \u00e0 interrompre momentan\u00e9ment l&rsquo;activit\u00e9 d&rsquo;entreprises. Les \u00e9quipes de d\u00e9fense a\u00e9rienne, elles, doivent rester mobilis\u00e9es : c&rsquo;est pr\u00e9cis\u00e9ment l&rsquo;un des effets recherch\u00e9s. \u00ab\u00a0Ils n&rsquo;ont m\u00eame pas besoin de frapper. Ils peuvent paralyser la ville simplement en tournant au-dessus de nos t\u00eates\u00a0\u00bb, pestait dimanche Iouriy, chauffeur de taxi \u00e0 Kiev.<\/p>\n<p><a href=\"https:\/\/www.lalibre.be\/international\/europe\/guerre-ukraine-russie\/2026\/08\/26\/vladimir-poutine-de-plus-en-plus-menacant-la-russie-envisage-une-nouvelle-escalade-KQQ2NSTQNVBWPJL2QGSGP6PUHY\/\" target=\"_self\" class=\"ap-StoryInterstitialLink ap-StoryElement ap-StoryElement--mb\" rel=\"nofollow noopener\">Vladimir Poutine de plus en plus mena\u00e7ant ? \u00ab\u00a0La Russie envisage une nouvelle escalade\u00a0\u00bb<\/a><\/p>\n<p class=\"ap-StoryElement ap-StoryElement--mb ap-StoryText\">Si la multiplication des attaques en pleine journ\u00e9e n&rsquo;est pas enti\u00e8rement nouvelle, leur fr\u00e9quence et leur dur\u00e9e ont nettement augment\u00e9 au cours des derni\u00e8res semaines. L&rsquo;Institut pour l&rsquo;\u00c9tude de la Guerre (ISW), un think tank bas\u00e9 \u00e0 Washington, \u00e9voque d\u00e9sormais des \u00ab\u00a0s\u00e9ries de frappes prolong\u00e9es\u00a0\u00bb, destin\u00e9es \u00e0 maintenir les grandes villes ukrainiennes sous pression et \u00e0 perturber leur fonctionnement, m\u00eame lorsque les drones sont finalement abattus.<\/p>\n<p class=\"ap-StoryElement ap-StoryElement--mb ap-StoryText\">La Russie dispose pour cela d&rsquo;un nouvel outil : aux Shahed \u00e0 h\u00e9lice se sont ajout\u00e9s des drones \u00e0 r\u00e9action beaucoup plus rapides, certains approchant les 500 km\/h, moins vuln\u00e9rables aux petits drones intercepteurs bon march\u00e9 utilis\u00e9s par l&rsquo;Ukraine. Cette nouvelle tactique russe tombe d&rsquo;autant plus mal pour Kiev que ses d\u00e9fenses antia\u00e9riennes sont d\u00e9j\u00e0 sous forte pression : les stocks de missiles Patriot, indispensables contre les missiles balistiques, restent insuffisants. Moscou a d&rsquo;ailleurs fortement augment\u00e9 l&rsquo;utilisation de ces derniers, intensifiant ses frappes contre la capitale ukrainienne depuis le d\u00e9but de l&rsquo;\u00e9t\u00e9.<\/p>\n<p><a href=\"https:\/\/www.lalibre.be\/economie\/entreprises-startup\/2026\/08\/06\/les-frappes-ukrainiennes-contre-wildberries-lamazon-russe-ont-un-objectif-bien-plus-ambitieux-quil-ny-parait-REFICE3X6ZAN7LZV55AXGKY3MA\/\" target=\"_self\" class=\"ap-StoryInterstitialLink ap-StoryElement ap-StoryElement--mb\" rel=\"nofollow noopener\">\u00ab\u00a0Si vous faites s&rsquo;effondrer cette entreprise, cela entra\u00eene une \u00e9norme d\u00e9sorganisation du syst\u00e8me russe\u00a0\u00bb<\/a>La logistique ukrainienne, cible privil\u00e9gi\u00e9e<\/p>\n<p class=\"ap-StoryElement ap-StoryElement--mb ap-StoryText\">Mais la pression russe ne s&rsquo;arr\u00eate pas aux alertes a\u00e9riennes : depuis plusieurs semaines, les frappes visent \u00e9galement les infrastructures logistiques qui permettent \u00e0 Kiev et aux grandes villes ukrainiennes de continuer \u00e0 fonctionner plus ou moins normalement. Autour de la capitale, plusieurs entrep\u00f4ts et centres de distribution utilis\u00e9s par les enseignes Silpo, Fora ou Novus ont \u00e9t\u00e9 d\u00e9truits ou endommag\u00e9s. Des installations de Nova Poshta, principal op\u00e9rateur postal priv\u00e9 du pays, ainsi que le grand entrep\u00f4t automatis\u00e9 de Rozetka, g\u00e9ant ukrainien du commerce en ligne, ont \u00e9galement \u00e9t\u00e9 frapp\u00e9s.<\/p>\n<p class=\"ap-StoryElement ap-StoryElement--mb ap-StoryText\">Certains sites de remplacement n&rsquo;ont tenu que quelques jours : un entrep\u00f4t de produits frais utilis\u00e9 par Fora a ainsi \u00e9t\u00e9 frapp\u00e9 environ une semaine apr\u00e8s sa mise en service, un autre seulement quatre jours apr\u00e8s le d\u00e9but de son utilisation.<\/p>\n<p class=\"ap-StoryElement ap-StoryElement--mb ap-StoryText\">La r\u00e9p\u00e9tition de ces attaques oblige d\u00e9j\u00e0 les entreprises \u00e0 revoir leur organisation. Plut\u00f4t que de concentrer des volumes importants dans quelques immenses plateformes, certaines cherchent d\u00e9sormais \u00e0 disperser leurs stocks sur une multitude de sites plus petits. Nova Poshta pr\u00e9voit notamment de transformer davantage d&rsquo;agences locales en petits entrep\u00f4ts, afin qu&rsquo;une seule frappe ne puisse plus d\u00e9sorganiser toute une partie de son r\u00e9seau.<\/p>\n<p><a href=\"https:\/\/www.lalibre.be\/international\/europe\/guerre-ukraine-russie\/2026\/08\/30\/la-russie-dit-preparer-des-frappes-massives-contre-le-secteur-energetique-de-lukraine-NG74BGENFBGL7DAQKSKDUC6RDE\/\" target=\"_self\" class=\"ap-StoryInterstitialLink ap-StoryElement ap-StoryElement--mb\" rel=\"nofollow noopener\">La Russie dit pr\u00e9parer des \u00ab\u00a0frappes massives\u00a0\u00bb contre le \u00ab\u00a0secteur \u00e9nerg\u00e9tique\u00a0\u00bb de l&rsquo;Ukraine<\/a>Un processus d&rsquo;habituation dangereux<\/p>\n<p class=\"ap-StoryElement ap-StoryElement--mb ap-StoryText\">Le gouvernement ukrainien estime qu&rsquo;une tr\u00e8s large part des grandes capacit\u00e9s modernes de stockage utilis\u00e9es par le secteur de la distribution alimentaire a \u00e9t\u00e9 d\u00e9truite. Pour l&rsquo;analyste militaire Oleksandr Musiienko, cette campagne r\u00e9pond \u00e0 une logique claire : \u00ab\u00a0Affaiblir le potentiel \u00e9conomique g\u00e9n\u00e9ral de l&rsquo;Ukraine et de la capitale\u00a0\u00bb.<\/p>\n<p class=\"ap-StoryElement ap-StoryElement--mb ap-StoryText\">\u00c0 Kiev, cette pression permanente produit aussi chez les habitants une sorte d&rsquo;indiff\u00e9rence. Apr\u00e8s plus de quatre ans de guerre, une partie de la population ne descend plus syst\u00e9matiquement dans les abris : dimanche apr\u00e8s-midi, malgr\u00e9 les sir\u00e8nes, les terrasses restaient ouvertes et les rues anim\u00e9es. Or une alerte d\u00e9clench\u00e9e par quelques drones peut, quelques minutes plus tard, pr\u00e9c\u00e9der l&rsquo;arriv\u00e9e d&rsquo;un missile balistique autrement plus difficile \u00e0 arr\u00eater\u2026<\/p>\n","protected":false},"excerpt":{"rendered":"\u00c9lections en Ukraine en pleine guerre, crise politique ou renouveau d\u00e9mocratique ? \u00ab\u00a0On est sur la corde raide\u00a0\u00bbUne&hellip;\n","protected":false},"author":2,"featured_media":233545,"comment_status":"","ping_status":"","sticky":false,"template":"","format":"standard","meta":{"footnotes":"","_share_on_mastodon":"0"},"categories":[8],"tags":[10,12,13,18,17,1276,11],"class_list":["post-233544","post","type-post","status-publish","format-standard","has-post-thumbnail","category-actualites","tag-actualites","tag-be","tag-be-fr","tag-belgique","tag-belgium","tag-conflit-russie-ukraine","tag-news"],"share_on_mastodon":{"url":"https:\/\/pubeurope.com\/@be_fr\/117191690519829606","error":""},"_links":{"self":[{"href":"https:\/\/www.europesays.com\/be-fr\/wp-json\/wp\/v2\/posts\/233544","targetHints":{"allow":["GET"]}}],"collection":[{"href":"https:\/\/www.europesays.com\/be-fr\/wp-json\/wp\/v2\/posts"}],"about":[{"href":"https:\/\/www.europesays.com\/be-fr\/wp-json\/wp\/v2\/types\/post"}],"author":[{"embeddable":true,"href":"https:\/\/www.europesays.com\/be-fr\/wp-json\/wp\/v2\/users\/2"}],"replies":[{"embeddable":true,"href":"https:\/\/www.europesays.com\/be-fr\/wp-json\/wp\/v2\/comments?post=233544"}],"version-history":[{"count":0,"href":"https:\/\/www.europesays.com\/be-fr\/wp-json\/wp\/v2\/posts\/233544\/revisions"}],"wp:featuredmedia":[{"embeddable":true,"href":"https:\/\/www.europesays.com\/be-fr\/wp-json\/wp\/v2\/media\/233545"}],"wp:attachment":[{"href":"https:\/\/www.europesays.com\/be-fr\/wp-json\/wp\/v2\/media?parent=233544"}],"wp:term":[{"taxonomy":"category","embeddable":true,"href":"https:\/\/www.europesays.com\/be-fr\/wp-json\/wp\/v2\/categories?post=233544"},{"taxonomy":"post_tag","embeddable":true,"href":"https:\/\/www.europesays.com\/be-fr\/wp-json\/wp\/v2\/tags?post=233544"}],"curies":[{"name":"wp","href":"https:\/\/api.w.org\/{rel}","templated":true}]}}