{"id":233648,"date":"2026-08-31T21:04:22","date_gmt":"2026-08-31T21:04:22","guid":{"rendered":"https:\/\/www.europesays.com\/be-fr\/233648\/"},"modified":"2026-08-31T21:04:22","modified_gmt":"2026-08-31T21:04:22","slug":"climat-la-belgique-face-aux-etes-extremes-et-aux-incendies","status":"publish","type":"post","link":"https:\/\/www.europesays.com\/be-fr\/233648\/","title":{"rendered":"Climat : la Belgique face aux \u00e9t\u00e9s extr\u00eames et aux incendies"},"content":{"rendered":"<p>  <img decoding=\"async\" class=\"r-img lazyloaded\" src=\"https:\/\/www.europesays.com\/be-fr\/wp-content\/uploads\/2026\/08\/1788210259_468_risko.jpg\" alt=\"Eva Risko\"\/><\/p>\n<p>Par <a href=\"https:\/\/www.rtl.be\/377503\/dpi-authors\/eva-risko\" rel=\"nofollow noopener\" target=\"_blank\">Eva Risko<\/a><\/p>\n<p>\tPubli\u00e9 le 31 ao\u00fbt \u00e0 15h54\n<\/p>\n<p>  <a href=\"https:\/\/www.google.com\/preferences\/source?q=rtl%20info\" class=\"r-link--google-favorites\" role=\"button\">Ajoutez-nous \u00e0 vos favoris Google<\/a><br \/>\n\tS\u00e9cheresse, fortes chaleurs, incendies\u2026 L\u2019\u00e9t\u00e9 2026 a une nouvelle fois confront\u00e9 la Belgique aux cons\u00e9quences du r\u00e9chauffement climatique. Des ph\u00e9nom\u00e8nes auxquels le pays va devoir davantage se pr\u00e9parer, pr\u00e9viennent les climatologues Jean-Pascal van Yperseele et Pascal Mormal, invit\u00e9s sur le plateau de Jim Nejman dans le \u00ab\u00a015 minutes pour tout comprendre\u00a0\u00bb de ce lundi.<\/p>\n<p>&#13;<br \/>\n&#13;<\/p>\n<p>Apr\u00e8s les fortes chaleurs et la s\u00e9cheresse qui ont marqu\u00e9 ces derni\u00e8res semaines, les importants incendies survenus dans les Hautes Fagnes ont remis une question au centre des pr\u00e9occupations\u00a0: la Belgique est-elle suffisamment pr\u00e9par\u00e9e aux \u00e9v\u00e9nements climatiques extr\u00eames\u00a0?<\/p>\n<p>    \u00c0 lire aussi<\/p>\n<p>  <img decoding=\"async\" class=\"r-img\"  typeof=\"foaf:Image\" src=\"https:\/\/www.europesays.com\/be-fr\/wp-content\/uploads\/2026\/08\/99452387.jpeg\" alt=\"JIM-Cluster.jpg\"\/><br \/>\n      <a href=\"https:\/\/www.rtl.be\/actu\/belgique\/meteo\/incendies-canicule-plus-de-2000-morts-que-pensent-les-belges-de-la-gestion-des\/2026-08-31\/article\/798861\" class=\"r-stories--link\" rel=\"nofollow noopener\" target=\"_blank\">Incendies, canicule, plus de 2.000 morts\u00a0: que pensent les Belges de la gestion des autorit\u00e9s\u00a0?<\/a><\/p>\n<p>Pour Jean-Pascal van Ypersele, climatologue \u00e0 l\u2019UCLouvain et ancien vice-pr\u00e9sident du GIEC, la r\u00e9ponse est claire. \u00ab\u00a0Elle n\u2019est pas assez pr\u00e9par\u00e9e. Je crois qu\u2019on doit beaucoup plus se pr\u00e9parer \u00e0 ce climat qui va encore \u00e9voluer malheureusement\u00a0\u00bb, a-t-il expliqu\u00e9 sur le plateau de \u00ab\u00a015 minutes pour tout comprendre\u00a0\u00bb.<\/p>\n<p>&#13;<br \/>\n&#13;<\/p>\n<p>&#13;<br \/>\n&#13;<br \/>\n\u00ab\u00a0Il ne faut pas s\u2019y r\u00e9signer\u00a0\u00bb<\/p>\n<p>Le constat est inqui\u00e9tant, mais Jean-Pascal van Ypersele refuse pour autant d\u2019en faire une fatalit\u00e9. \u00ab\u00a0Il faut \u00e0 la fois s\u2019y pr\u00e9parer, mais il ne faut pas s\u2019y r\u00e9signer\u00a0\u00bb, insiste-t-il.<\/p>\n<p>Face \u00e0 cette \u00e9volution, il insiste sur la n\u00e9cessit\u00e9 d\u2019agir sur deux fronts. D\u2019une part, la Belgique doit mieux s\u2019adapter et se pr\u00e9parer aux cons\u00e9quences du r\u00e9chauffement. D\u2019autre part, il faut continuer \u00e0 r\u00e9duire les \u00e9missions de gaz \u00e0 effet de serre pour \u00e9viter que celui-ci n\u2019atteigne un niveau auquel il deviendrait extr\u00eamement difficile, et co\u00fbteux, de s\u2019adapter. \u00ab\u00a0Il faut \u00e0 la fois se pr\u00e9parer \u00e0 ce climat qui devient de plus en plus turbulent, avec de plus en plus d\u2019\u00e9v\u00e9nements extr\u00eames, et en m\u00eame temps veiller \u00e0 r\u00e9duire les \u00e9missions de gaz \u00e0 effet de serre\u00a0\u00bb, insiste Jean-Pascal van Ypersele.<\/p>\n<p>    \u00c0 lire aussi<\/p>\n<p>  <img decoding=\"async\" data-copyright=\"Prabin RANABHAT \/ AFP\" class=\"r-img\"  typeof=\"foaf:Image\" src=\"https:\/\/www.europesays.com\/be-fr\/wp-content\/uploads\/2026\/08\/98569178.jpeg\" alt=\"Des villages entiers du N\u00e9pal, comme Dhunge, ont \u00e9t\u00e9 engloutis sous la boue apr\u00e8s la crue d\u00e9vastatrice.\"\/><br \/>\n      <a href=\"https:\/\/www.rtl.be\/actu\/monde\/international\/crue-devastatrice-dans-lhimalaya-au-moins-750-morts-et-plus-de-3000-disparus-au\/2026-08-30\/article\/798749\" class=\"r-stories--link\" rel=\"nofollow noopener\" target=\"_blank\">Crue d\u00e9vastatrice dans l\u2019Himalaya\u00a0: au moins 750 morts et plus de 3.000 disparus au N\u00e9pal et en Chine<\/a><\/p>\n<p>Car investir dans la pr\u00e9vention peut \u00e9galement permettre d\u2019\u00e9viter des co\u00fbts bien plus importants par la suite. \u00ab\u00a0Parfois, l\u2019argent d\u00e9pens\u00e9 pour tenter de s\u2019adapter est moins important que l\u2019argent qui sert notamment \u00e0 r\u00e9parer\u00a0\u00bb, rappelle le climatologue.<\/p>\n<p>&#13;<br \/>\n&#13;<\/p>\n<p>&#13;<br \/>\n&#13;<br \/>\nL\u2019objectif de 1,5\u00b0C est-il encore atteignable\u00a0?<\/p>\n<p>Limiter le r\u00e9chauffement \u00e0 1,5\u00b0C par rapport \u00e0 l\u2019\u00e8re pr\u00e9industrielle\u00a0: c\u2019est l\u2019objectif fix\u00e9 par l\u2019Accord de Paris. Mais est-il encore r\u00e9aliste\u00a0? \u00ab\u00a0On risque tr\u00e8s fort de d\u00e9passer ce niveau-l\u00e0 au niveau mondial. Il faudra le reconna\u00eetre dans les ann\u00e9es qui viennent\u00a0\u00bb, admet Jean-Pascal van Ypersele.<\/p>\n<p>Pour le climatologue, ce probable d\u00e9passement ne signifie toutefois pas qu\u2019il faut abandonner cet objectif. \u00ab\u00a0On peut aussi d\u00e9passer cet objectif-l\u00e0 et tout faire pour redescendre en dessous de cette limite plus tard\u00a0\u00bb, explique-t-il.<\/p>\n<p>Il prend pour comparaison la s\u00e9curit\u00e9 routi\u00e8re. \u00ab\u00a0Un objectif politique raisonnable, c\u2019est de dire qu\u2019il faudrait z\u00e9ro mort sur les routes. Est-ce qu\u2019on va y arriver demain\u00a0? \u00c7a va \u00eatre assez difficile. Est-ce que pour autant, on doit abandonner un objectif comme celui-l\u00e0\u00a0? Non.\u00a0\u00bb<\/p>\n<p>    \u00c0 lire aussi<\/p>\n<p>  <img decoding=\"async\" class=\"r-img\"  typeof=\"foaf:Image\" src=\"https:\/\/www.europesays.com\/be-fr\/wp-content\/uploads\/2026\/08\/1788210261_861_98545632.jpeg\" alt=\"Climatologue.jpg\"\/><br \/>\n      <a href=\"https:\/\/www.rtl.be\/actu\/belgique\/meteo\/apres-une-meteo-extreme-cet-ete-quoi-sattendre-pour-lautomne-les-conditions-sont\/2026-08-26\/article\/798354\" class=\"r-stories--link\" rel=\"nofollow noopener\" target=\"_blank\">Apr\u00e8s une m\u00e9t\u00e9o extr\u00eame cet \u00e9t\u00e9, \u00e0 quoi s\u2019attendre pour l\u2019automne\u00a0? \u00ab\u00a0Les conditions sont l\u00e0\u2026\u00a0\u00bb<\/a><\/p>\n<p>M\u00eame logique pour le climat\u00a0: \u00ab\u00a0Il faut garder cet objectif-l\u00e0. Il faut tout faire pour r\u00e9duire les \u00e9missions de gaz \u00e0 effet de serre le plus possible, d\u00e9carboner, quitter les combustibles fossiles le plus vite possible.\u00a0\u00bb<\/p>\n<p>En parall\u00e8le, pr\u00e9vient-il, il faudra se pr\u00e9parer \u00e0 vivre avec un climat qui \u00ab\u00a0va continuer pendant un certain temps \u00e0 se r\u00e9chauffer\u00a0\u00bb, probablement \u00ab\u00a0un petit peu au-del\u00e0 d\u20191,5 degr\u00e9\u00a0\u00bb.<\/p>\n<p>Les incendies ne sont pas nouveaux en Belgique, mais\u2026<\/p>\n<p>Les incendies de grande ampleur ne constituent pas un ph\u00e9nom\u00e8ne totalement in\u00e9dit dans notre pays. Le climatologue Pascal Mormal rappelle que la Belgique en a d\u00e9j\u00e0 connu \u00e0 plusieurs reprises\u00a0: dans les Fagnes en 2011, dans la Campine en 1976, mais aussi en 1947 ou encore lors du grand incendie des Fagnes de 1911. \u00ab\u00a0C\u2019est quelque chose qui vient de mani\u00e8re r\u00e9guli\u00e8re dans le climat\u00a0\u00bb, explique-t-il.<\/p>\n<p>    \u00c0 lire aussi<\/p>\n<p>  <img decoding=\"async\" data-copyright=\"RTL info\" class=\"r-img\"  typeof=\"foaf:Image\" src=\"https:\/\/www.europesays.com\/be-fr\/wp-content\/uploads\/2026\/08\/1788210262_823_97694959.jpeg\" alt=\"nino.jpg\"\/><br \/>\n      <a href=\"https:\/\/www.rtl.be\/actu\/belgique\/meteo\/jamais-vu-un-tel-phenomene-el-nino-devrait-etre-le-plus-intense-jamais-observe\/2026-08-21\/article\/797910\" class=\"r-stories--link\" rel=\"nofollow noopener\" target=\"_blank\">\u00ab\u00a0Jamais vu un tel ph\u00e9nom\u00e8ne\u00a0\u00bb\u00a0: El Ni\u00f1o devrait \u00eatre \u00ab\u00a0le plus intense\u00a0\u00bb jamais observ\u00e9, 2027 pourrait devenir une ann\u00e9e record<\/a><\/p>\n<p>La diff\u00e9rence aujourd\u2019hui r\u00e9side notamment dans les conditions qui favorisent et amplifient ces ph\u00e9nom\u00e8nes\u00a0: \u00ab\u00a0Il est clair que le r\u00e9chauffement climatique a certainement amplifi\u00e9 le ph\u00e9nom\u00e8ne.\u00a0\u00bb Cet \u00e9t\u00e9, tous les ingr\u00e9dients \u00e9taient justement r\u00e9unis. \u00c0 la station m\u00e9t\u00e9orologique du Mont-Rigi, huit des 30 temp\u00e9ratures les plus \u00e9lev\u00e9es enregistr\u00e9es en un si\u00e8cle l\u2019ont \u00e9t\u00e9 au cours du seul \u00e9t\u00e9 2026, selon le climatologue. \u00c0 ces temp\u00e9ratures particuli\u00e8rement \u00e9lev\u00e9es se sont ajout\u00e9s environ un mois et demi de s\u00e9cheresse, une tr\u00e8s faible humidit\u00e9 et du vent.<\/p>\n<p>Une combinaison particuli\u00e8rement propice \u00e0 la propagation des flammes. Et un aper\u00e7u des risques auxquels la Belgique pourrait devoir se pr\u00e9parer de plus en plus souvent \u00e0 mesure que le climat se r\u00e9chauffe.<\/p>\n<p>&#13;<br \/>\n&#13;<\/p>\n<p>&#13;<br \/>\n&#13;<\/p>\n<p><a class=\"r-btn r-btn--tag\" href=\"https:\/\/www.rtl.be\/1966\/free-tags\/rechauffement-climatique\" title=\"r\u00e9chauffement climatique\" rel=\"nofollow noopener\" target=\"_blank\">r\u00e9chauffement climatique<\/a><br \/>\n<a class=\"r-btn r-btn--tag\" href=\"https:\/\/www.rtl.be\/1650\/free-tags\/incendie\" title=\"incendie\" rel=\"nofollow noopener\" target=\"_blank\">incendie<\/a><br \/>\n<a class=\"r-btn r-btn--tag\" href=\"https:\/\/www.rtl.be\/333452\/locations\/belgique\" title=\"Belgique\" rel=\"nofollow noopener\" target=\"_blank\">Belgique<\/a><\/p>\n","protected":false},"excerpt":{"rendered":"Par Eva Risko Publi\u00e9 le 31 ao\u00fbt \u00e0 15h54 Ajoutez-nous \u00e0 vos favoris Google S\u00e9cheresse, fortes chaleurs, incendies\u2026&hellip;\n","protected":false},"author":2,"featured_media":233649,"comment_status":"","ping_status":"","sticky":false,"template":"","format":"standard","meta":{"footnotes":"","_share_on_mastodon":"0"},"categories":[2],"tags":[72011,72009,12,13,18,17,72008,12352,53898,53221,72010,6042,21271],"class_list":["post-233648","post","type-post","status-publish","format-standard","has-post-thumbnail","category-belgique","tag-accord-de-paris","tag-adaptation-climat","tag-be","tag-be-fr","tag-belgique","tag-belgium","tag-ete-extreme","tag-gaz-a-effet-de-serre","tag-hautes-fagnes","tag-incendies","tag-jean-pascal-van-ypersele","tag-rechauffement-climatique","tag-secheresse"],"share_on_mastodon":{"url":"https:\/\/pubeurope.com\/@be_fr\/117192155035305680","error":""},"_links":{"self":[{"href":"https:\/\/www.europesays.com\/be-fr\/wp-json\/wp\/v2\/posts\/233648","targetHints":{"allow":["GET"]}}],"collection":[{"href":"https:\/\/www.europesays.com\/be-fr\/wp-json\/wp\/v2\/posts"}],"about":[{"href":"https:\/\/www.europesays.com\/be-fr\/wp-json\/wp\/v2\/types\/post"}],"author":[{"embeddable":true,"href":"https:\/\/www.europesays.com\/be-fr\/wp-json\/wp\/v2\/users\/2"}],"replies":[{"embeddable":true,"href":"https:\/\/www.europesays.com\/be-fr\/wp-json\/wp\/v2\/comments?post=233648"}],"version-history":[{"count":0,"href":"https:\/\/www.europesays.com\/be-fr\/wp-json\/wp\/v2\/posts\/233648\/revisions"}],"wp:featuredmedia":[{"embeddable":true,"href":"https:\/\/www.europesays.com\/be-fr\/wp-json\/wp\/v2\/media\/233649"}],"wp:attachment":[{"href":"https:\/\/www.europesays.com\/be-fr\/wp-json\/wp\/v2\/media?parent=233648"}],"wp:term":[{"taxonomy":"category","embeddable":true,"href":"https:\/\/www.europesays.com\/be-fr\/wp-json\/wp\/v2\/categories?post=233648"},{"taxonomy":"post_tag","embeddable":true,"href":"https:\/\/www.europesays.com\/be-fr\/wp-json\/wp\/v2\/tags?post=233648"}],"curies":[{"name":"wp","href":"https:\/\/api.w.org\/{rel}","templated":true}]}}