{"id":233676,"date":"2026-08-31T21:33:25","date_gmt":"2026-08-31T21:33:25","guid":{"rendered":"https:\/\/www.europesays.com\/be-fr\/233676\/"},"modified":"2026-08-31T21:33:25","modified_gmt":"2026-08-31T21:33:25","slug":"dominique-fortier-capte-le-portrait-de-vivian-maier-dans-un-nouveau-roman-sur-la-photo","status":"publish","type":"post","link":"https:\/\/www.europesays.com\/be-fr\/233676\/","title":{"rendered":"Dominique Fortier capte le portrait de Vivian\u00a0Maier dans un nouveau roman sur la photo"},"content":{"rendered":"<p class=\"sc-e5s2wj-7\">Deux ans apr\u00e8s La part de l\u2019oc\u00e9an, Dominique Fortier publie un nouveau livre, intitul\u00e9 Chambres noires. Fid\u00e8le \u00e0 son style d\u2019\u00e9criture, qui alterne entre histoire biographique et r\u00e9cit autofictionnel, elle s\u2019int\u00e9resse \u00e0 la figure de la photographe franco-am\u00e9ricaine Vivian\u00a0Maier.<\/p>\n<p class=\"sc-e5s2wj-7\">En\u00a02007, un agent immobilier de Chicago ach\u00e8te un lot de photos un peu par hasard dans un encan. Il est \u00e0 la recherche de repr\u00e9sentations de Portage Park, sur lequel il a projet d\u2019\u00e9crire un livre. En fouillant dans le carton acquis \u00e0 l\u2019aveugle, il trouve de nombreux n\u00e9gatifs, mais aucun pour son ouvrage. Il abandonne la bo\u00eete dans un placard et y revient quelque temps plus tard, r\u00e9alisant que, derri\u00e8re la qualit\u00e9 manifeste des images, il doit y avoir un r\u00e9cit \u00e0 en tirer. C\u2019est gr\u00e2ce \u00e0 cet homme, appel\u00e9 John Maloof, que l&rsquo;\u0153uvre de la photographe est connue aujourd\u2019hui.<\/p>\n<p class=\"sc-e5s2wj-7\">Le but de Dominique Fortier n\u2019est donc pas de nous faire d\u00e9couvrir cette figure, sur laquelle les \u00e9crits abondent depuis pr\u00e8s d\u2019une vingtaine d&rsquo;ann\u00e9es\u00a0\u2013 un documentaire qui lui est consacr\u00e9 a m\u00eame fait la course aux Oscars en\u00a02015\u00a0\u2013, mais plut\u00f4t de lui donner une existence et de tenter ainsi de comprendre cette femme qui n\u2019a jamais diffus\u00e9 son travail de son vivant.<\/p>\n<p class=\"sc-e5s2wj-7\">Vivian Maier n\u2019est pas sans rappeler la po\u00e9tesse Emily\u00a0Dickinson, qui ne sortait jamais de sa chambre et \u00e0 laquelle l\u2019\u00e9crivaine a consacr\u00e9 deux ouvrages\u00a0: Les villes de papier et Les ombres blanches. D\u2019ailleurs, l\u2019autrice qualifie Maier au d\u00e9but de son roman de petite-fille d\u2019Emily Dickinson.<\/p>\n<p>Garder une trace de la vie<\/p>\n<p class=\"sc-e5s2wj-7\">Une part du g\u00e9nie de Dominique Fortier r\u00e9side dans l\u2019int\u00e9r\u00eat qu\u2019elle parvient \u00e0 d\u00e9clencher chez son lecteur pour les existences recluses et les non-dits. Car c\u2019est avec d\u00e9licatesse qu\u2019elle d\u00e9plie la vie de Vivian, de sa naissance \u00e0 New\u00a0York \u00e0 son enfance pass\u00e9e dans la campagne fran\u00e7aise en passant par son retour aux \u00c9tats-Unis, o\u00f9 elle restera attach\u00e9e toute sa vie comme gouvernante aupr\u00e8s de familles fortun\u00e9es. Une vie sans \u00e9clat et sans coup de th\u00e9\u00e2tre o\u00f9, hormis quelques courageux voyages \u00e0 l\u2019\u00e9tranger, il n\u2019y a eu que peu de rebondissements.<\/p>\n<p class=\"sc-e5s2wj-7\">Chaque page fait ressortir la vie modeste d\u2019une femme qui suit un r\u00eave, non pas celui d\u2019\u00eatre photographe, mais simplement de pouvoir prendre des photos et garder ce qui a \u00e9t\u00e9. Aux yeux de Vivian\u00a0Maier, le geste, la composition, la qu\u00eate du lieu qui pr\u00e9c\u00e8de la capture ont plus d\u2019int\u00e9r\u00eat que la finalit\u00e9 de la d\u00e9marche, comme en t\u00e9moigne la raret\u00e9 des tirages de sa main. La plupart des pi\u00e8ces qu\u2019on lui conna\u00eet aujourd\u2019hui ont \u00e9t\u00e9 produites a posteriori, \u00e0 partir des n\u00e9gatifs achet\u00e9s en\u00a02007.<\/p>\n<p class=\"sc-e5s2wj-7\">Tout au long du roman, en faisant le parall\u00e8le avec sa propre vie, Dominique Fortier \u00e9crit une formidable r\u00e9flexion sur la pr\u00e9sence et l\u2019absence, sur l\u2019empreinte laiss\u00e9e sur le film de la pellicule photographique ou dans le cours de l\u2019existence. Dans Chambres noires, des personnages disparaissent aussi brutalement qu\u2019ils apparaissent\u00a0: son p\u00e8re, une amie d\u2019enfance, les lieux o\u00f9 elle a v\u00e9cu et les familles dont elle a partag\u00e9 le quotidien jusqu\u2019\u00e0 ce que les oiseaux quittent le nid.<\/p>\n<p><img decoding=\"async\" alt=\"\" class=\"_imgHasBrightnessFilterInDarkMode_uexo0_7 absolute left-0 top-0 size-full object-cover transition-opacity ease-out print:relative\" loading=\"lazy\" src=\"https:\/\/www.europesays.com\/be-fr\/wp-content\/uploads\/2026\/08\/2020-1016-2014_01.jpeg\"\/>5:13<\/p>\n<p class=\"sc-e5s2wj-7\">Peut-\u00eatre est-ce parce qu\u2019elle ne reste nulle part qu\u2019elle tente de conserver des traces de sa vie? Ou bien parce que chaque prise de vue est une fen\u00eatre sur l\u2019ext\u00e9rieur du foyer qu\u2019elle partage avec sa m\u00e8re jusqu\u2019\u00e0 l\u2019\u00e2ge de\u00a049 ans, jusqu\u2019\u00e0 la mort de cette derni\u00e8re? Une m\u00e8re dont elle reproduira les comportements de maltraitance aupr\u00e8s des enfants dont elle s\u2019occupera toute sa vie, selon ce que nous apprend le roman.<\/p>\n<p>Aller plus loin encore<\/p>\n<p class=\"sc-e5s2wj-7\">L\u2019intrigue va bien au-del\u00e0 de \u00e7a, et plus on y plonge, plus l\u2019autrice apporte de nouvelles perspectives qui sont autant d\u2019informations sur l\u2019histoire de la photographie en g\u00e9n\u00e9ral. Elle fait aussi part de ses propres pens\u00e9es sur cet art \u00e0 peine plus vieux que le cin\u00e9ma. Elle en extrait des anecdotes fascinantes qui ne sont pas \u00e9trang\u00e8res \u00e0 son r\u00e9cit, comme cette pratique qui, au 19e\u00a0si\u00e8cle, conduisait des familles \u00e0 se faire photographier avec leurs proches d\u00e9funts, habill\u00e9s et maquill\u00e9s pour l\u2019occasion. <\/p>\n<p><img decoding=\"async\" alt=\"Dominique Fortier.\" class=\"_imgHasBrightnessFilterInDarkMode_uexo0_7 absolute left-0 top-0 size-full object-cover transition-opacity ease-out print:relative\" loading=\"lazy\" src=\"https:\/\/www.europesays.com\/be-fr\/wp-content\/uploads\/2026\/08\/dominique-fortier-portrait-2026.jpg\"\/>Ouvrir en mode plein \u00e9cran<\/p>\n<p class=\"mb-0 text-3 leading-6\">L&rsquo;autrice qu\u00e9b\u00e9coise Dominique Fortier<\/p>\n<p class=\"image-credit text-gray600 light:text-gray600 dark:text-gray400 mb-0 text-small uppercase leading-6\">Photo : Carl Lessard<\/p>\n<p class=\"sc-e5s2wj-7\">Afin de donner davantage de profondeur \u00e0 son propos, elle se place parfois en contrepoint de Roland Barthes avec sa Chambre claire, ou encore de L\u2019image fant\u00f4me, de Herv\u00e9 Guibert. Ces deux auteurs sont morts tragiquement, tout comme la s\u0153ur de Dominique Fortier, qui est d\u00e9c\u00e9d\u00e9e alors que l\u2019autrice avait 3\u00a0ans et dont elle s\u2019\u00e9tonne de ne trouver aucune photo d\u2019elle en sa compagnie dans la documentation familiale.<\/p>\n<p class=\"sc-e5s2wj-7\">Car, dans ce que l\u2019autrice a d\u00e9cid\u00e9 de raconter \u00e0 la premi\u00e8re personne, il y a l\u2019histoire d\u2019une bo\u00eete laiss\u00e9e par une tante 15\u00a0ans plus t\u00f4t, un carton rempli de photos de famille qu\u2019elle n\u2019a jamais ouverte. Alors, est-ce que ce travail qu\u2019elle m\u00e8ne sur les archives d\u2019une autre l\u2019aidera dans sa qu\u00eate?<\/p>\n<p class=\"sc-e5s2wj-7\">Avec Chambres noires, Dominique Fortier publie un roman \u00e0 la fois riche et raffin\u00e9. On va dans de multiples directions et toutes ont du sens, \u00e0 condition qu\u2019on accepte de ne pas tout expliquer et qu\u2019on se laisse saisir, comme des personnages devant l\u2019objectif de Vivian\u00a0Maier.<\/p>\n<p class=\"sc-e5s2wj-7\">On peut m\u00eame aller jusqu\u2019\u00e0 ressentir l\u2019acte de photographier \u00e0 travers l\u2019\u00e9criture. L\u2019autrice capte les instants, puis, au moyen de sa plume, elle les retouche, les recadre l\u00e9g\u00e8rement afin d\u2019attirer le lecteur et de concentrer son attention sur ce qui lui semble important en tant qu\u2019artiste. Et c\u2019est \u00e0 la fois prenant et captivant.<\/p>\n<p class=\"sc-e5s2wj-7\">Chambres noires, de Dominique Fortier (252\u00a0pages). En librairie d\u00e8s aujourd\u2019hui; paru aux \u00e9ditions Alto.<\/p>\n","protected":false},"excerpt":{"rendered":"Deux ans apr\u00e8s La part de l\u2019oc\u00e9an, Dominique Fortier publie un nouveau livre, intitul\u00e9 Chambres noires. Fid\u00e8le \u00e0&hellip;\n","protected":false},"author":2,"featured_media":233677,"comment_status":"","ping_status":"","sticky":false,"template":"","format":"standard","meta":{"footnotes":"","_share_on_mastodon":"0"},"categories":[101],"tags":[126,124,125,12,13,18,17,127,96,95],"class_list":["post-233676","post","type-post","status-publish","format-standard","has-post-thumbnail","category-arts-et-design","tag-arts","tag-arts-and-design","tag-arts-et-design","tag-be","tag-be-fr","tag-belgique","tag-belgium","tag-design","tag-divertissement","tag-entertainment"],"share_on_mastodon":{"url":"https:\/\/pubeurope.com\/@be_fr\/117192268944092906","error":""},"_links":{"self":[{"href":"https:\/\/www.europesays.com\/be-fr\/wp-json\/wp\/v2\/posts\/233676","targetHints":{"allow":["GET"]}}],"collection":[{"href":"https:\/\/www.europesays.com\/be-fr\/wp-json\/wp\/v2\/posts"}],"about":[{"href":"https:\/\/www.europesays.com\/be-fr\/wp-json\/wp\/v2\/types\/post"}],"author":[{"embeddable":true,"href":"https:\/\/www.europesays.com\/be-fr\/wp-json\/wp\/v2\/users\/2"}],"replies":[{"embeddable":true,"href":"https:\/\/www.europesays.com\/be-fr\/wp-json\/wp\/v2\/comments?post=233676"}],"version-history":[{"count":0,"href":"https:\/\/www.europesays.com\/be-fr\/wp-json\/wp\/v2\/posts\/233676\/revisions"}],"wp:featuredmedia":[{"embeddable":true,"href":"https:\/\/www.europesays.com\/be-fr\/wp-json\/wp\/v2\/media\/233677"}],"wp:attachment":[{"href":"https:\/\/www.europesays.com\/be-fr\/wp-json\/wp\/v2\/media?parent=233676"}],"wp:term":[{"taxonomy":"category","embeddable":true,"href":"https:\/\/www.europesays.com\/be-fr\/wp-json\/wp\/v2\/categories?post=233676"},{"taxonomy":"post_tag","embeddable":true,"href":"https:\/\/www.europesays.com\/be-fr\/wp-json\/wp\/v2\/tags?post=233676"}],"curies":[{"name":"wp","href":"https:\/\/api.w.org\/{rel}","templated":true}]}}