{"id":233684,"date":"2026-08-31T21:43:15","date_gmt":"2026-08-31T21:43:15","guid":{"rendered":"https:\/\/www.europesays.com\/be-fr\/233684\/"},"modified":"2026-08-31T21:43:15","modified_gmt":"2026-08-31T21:43:15","slug":"latour-petit-elargit-son-actionnariat-a-quatre-de-ses-collaborateurs-nous-revendiquons-une-voie-differente-qui-preserve-notre-independance","status":"publish","type":"post","link":"https:\/\/www.europesays.com\/be-fr\/233684\/","title":{"rendered":"Latour\u00a0&#038;\u00a0Petit \u00e9largit son actionnariat \u00e0 quatre de ses collaborateurs\u00a0: \u00ab\u00a0Nous revendiquons une voie diff\u00e9rente qui pr\u00e9serve notre ind\u00e9pendance\u00a0\u00bb"},"content":{"rendered":"<p><a href=\"https:\/\/www.lalibre.be\/economie\/immo\/2026\/07\/30\/prix-de-limmobilier-voici-les-quartiers-les-plus-chers-et-moins-chers-des-grandes-villes-belges-RZAQZQSTANF53H7NFOWISMVT44\/\" target=\"_self\" class=\"ap-StoryInterstitialLink ap-StoryElement ap-StoryElement--mb js-paywall-target\" rel=\"nofollow noopener\">Prix de l&rsquo;immobilier : voici les quartiers les plus chers et moins chers des grandes villes belges<\/a>Rel\u00e8ve f\u00e9minine<\/p>\n<p class=\"ap-StoryElement ap-StoryElement--mb ap-StoryText\">Un choix qui d\u00e9note dans un march\u00e9 bruxellois, voire belge, o\u00f9 de nombreuses agences immobili\u00e8res rejoignent des groupes internationaux ou adoptent des mod\u00e8les de franchise. \u00ab\u00a0Nous revendiquons une voie diff\u00e9rente qui pr\u00e9serve notre ind\u00e9pendance et transmet l&rsquo;entreprise \u00e0 celles et ceux qui la construisent au quotidien.\u00a0\u00bb Sauf que, dans ce cas-ci, il s&rsquo;agit de \u00ab\u00a0ceux\u00a0\u00bb et pas de \u00ab\u00a0celles\u00a0\u00bb. \u00ab\u00a0Mais le f\u00e9minin est l\u00e0, dans la rel\u00e8ve, r\u00e9torque ardemment Denis Latour. Deux de mes filles travaillent d\u00e9j\u00e0 chez Latour &amp; Petit, de m\u00eame que la fille d&rsquo;\u00c9tienne et la s\u0153ur d&rsquo;Aymeric.\u00a0\u00bb \u00ab\u00a0On a une sacr\u00e9e rel\u00e8ve f\u00e9minine qui se met en place\u00a0\u00bb, insiste-t-il, \u00e9voquant aussi la quasi-parit\u00e9 hommes-femmes parmi la centaine de collaborateurs du groupe.<\/p>\n<p class=\"ap-StoryElement ap-StoryElement--mb ap-StoryText\">Cet \u00e9largissement de l&rsquo;actionnariat \u00e0 quatre collaborateurs est \u00ab\u00a0avant tout une op\u00e9ration qui permet de les impliquer\u00a0\u00bb, indique-t-il encore, sans r\u00e9v\u00e9ler d&rsquo;\u00e9ventuels accords financiers, \u00ab\u00a0et de leur faire b\u00e9n\u00e9ficier \u00e0 plus long terme d&rsquo;un actionnariat dans une entreprise qu&rsquo;ils ont fa\u00e7onn\u00e9e\u00a0\u00bb.<\/p>\n<p class=\"ap-StoryQuote-text\"> \u00ab\u00a0Pour nous, l&rsquo;entreprise est avant tout une question de personnes.\u00a0\u00bb<\/p>\n<p class=\"ap-StoryElement ap-StoryElement--mb ap-StoryText\">En d&rsquo;autres termes, cet \u00e9largissement n&rsquo;a pas pour objectif premier de faire grandir la soci\u00e9t\u00e9 fond\u00e9e en 2001. Latour &amp; Petit compte pour l&rsquo;heure neuf agences, dont les deux plus r\u00e9centes ont ouvert \u00e0 Lasne et au Fort Jaco en mai et en septembre de cette ann\u00e9e. \u00ab\u00a0Nous n&rsquo;avons pas d&rsquo;objectifs pr\u00e9cis au niveau de la croissance, si ce n&rsquo;est de nous conforter dans les zones o\u00f9 nous sommes d\u00e9j\u00e0 ou dans les zones voisines. En intensifiant nos positions dans le nord de Bruxelles et dans la p\u00e9riph\u00e9rie flamande ou en remplissant certains trous g\u00e9ographiques dans le Brabant wallon et entre Bruxelles et Namur. Mais seulement dans les ann\u00e9es qui viennent. Pour nous, l&rsquo;entreprise est avant tout une question de personnes.\u00a0\u00bb<\/p>\n<p>Une politique d&rsquo;investissement<\/p>\n<p class=\"ap-StoryElement ap-StoryElement--mb ap-StoryText\">\u00ab\u00a0On ne s&rsquo;est pas content\u00e9 d&rsquo;ouvrir des agences, conclut-il. On a beaucoup investi dans les \u00e9quipes, le digital, la communication. On a toujours eu une politique d&rsquo;investissement pour amener de la qualit\u00e9 dans notre m\u00e9tier, qui doit \u00eatre de plus en plus professionnel. Nos collaborateurs sont tous des talents ayant une formation de courtier, de gestionnaire, d&rsquo;\u00e9conomiste, d&rsquo;architecte, de juriste, de g\u00e9om\u00e8tre-expert, de graphiste, de photographe\u2026 Tous d\u00e9di\u00e9s \u00e0 l&rsquo;immobilier.\u00a0\u00bb<\/p>\n<p><a href=\"https:\/\/www.lalibre.be\/economie\/immo\/2026\/04\/20\/beaucoup-de-personnes-investissent-dans-la-brique-pour-ameliorer-leur-retraite-277LQIB2M5GHPFR2AZZ42ZRW6M\/\" target=\"_self\" class=\"ap-StoryInterstitialLink ap-StoryElement ap-StoryElement--mb\" rel=\"nofollow noopener\">\u00ab\u00a0Beaucoup de personnes investissent dans la brique pour am\u00e9liorer leur retraite\u00a0\u00bb<\/a><\/p>\n<p class=\"ap-StoryElement ap-StoryElement--mb ap-StoryText\">Hormis Namur, plus excentr\u00e9, que Denis Latour explique par les origines communes des deux fondateurs de la marque, St\u00e9phane Petit et lui-m\u00eame, les huit autres points d&rsquo;ancrage du groupe partagent le m\u00eame type de public : 50 % de Belges pour 50 % d&rsquo;expats. Une particularit\u00e9 qu&rsquo;il attribue notamment \u00e0 \u00ab\u00a0un historique gros volume en location, une forte activit\u00e9 en vente de neuf, une offre moyen\/haut-de-gamme\u00a0\u00bb\u2026 L&rsquo;an dernier, le groupe a r\u00e9alis\u00e9 plus de 900 locations, conclu quelque 850 ventes de biens existants et 300 de biens neufs. Il compte par ailleurs environ 450 biens sous gestion locative.<\/p>\n","protected":false},"excerpt":{"rendered":"Prix de l&rsquo;immobilier : voici les quartiers les plus chers et moins chers des grandes villes belgesRel\u00e8ve f\u00e9minine&hellip;\n","protected":false},"author":2,"featured_media":233685,"comment_status":"","ping_status":"","sticky":false,"template":"","format":"standard","meta":{"footnotes":"","_share_on_mastodon":"0"},"categories":[2],"tags":[12,13,18,17,391,28,6085,6364,1954],"class_list":["post-233684","post","type-post","status-publish","format-standard","has-post-thumbnail","category-belgique","tag-be","tag-be-fr","tag-belgique","tag-belgium","tag-brabant-wallon","tag-bruxelles-villes","tag-ixelles","tag-lasne","tag-namur"],"share_on_mastodon":{"url":"https:\/\/pubeurope.com\/@be_fr\/117192307863910708","error":""},"_links":{"self":[{"href":"https:\/\/www.europesays.com\/be-fr\/wp-json\/wp\/v2\/posts\/233684","targetHints":{"allow":["GET"]}}],"collection":[{"href":"https:\/\/www.europesays.com\/be-fr\/wp-json\/wp\/v2\/posts"}],"about":[{"href":"https:\/\/www.europesays.com\/be-fr\/wp-json\/wp\/v2\/types\/post"}],"author":[{"embeddable":true,"href":"https:\/\/www.europesays.com\/be-fr\/wp-json\/wp\/v2\/users\/2"}],"replies":[{"embeddable":true,"href":"https:\/\/www.europesays.com\/be-fr\/wp-json\/wp\/v2\/comments?post=233684"}],"version-history":[{"count":0,"href":"https:\/\/www.europesays.com\/be-fr\/wp-json\/wp\/v2\/posts\/233684\/revisions"}],"wp:featuredmedia":[{"embeddable":true,"href":"https:\/\/www.europesays.com\/be-fr\/wp-json\/wp\/v2\/media\/233685"}],"wp:attachment":[{"href":"https:\/\/www.europesays.com\/be-fr\/wp-json\/wp\/v2\/media?parent=233684"}],"wp:term":[{"taxonomy":"category","embeddable":true,"href":"https:\/\/www.europesays.com\/be-fr\/wp-json\/wp\/v2\/categories?post=233684"},{"taxonomy":"post_tag","embeddable":true,"href":"https:\/\/www.europesays.com\/be-fr\/wp-json\/wp\/v2\/tags?post=233684"}],"curies":[{"name":"wp","href":"https:\/\/api.w.org\/{rel}","templated":true}]}}