{"id":233736,"date":"2026-08-31T22:36:14","date_gmt":"2026-08-31T22:36:14","guid":{"rendered":"https:\/\/www.europesays.com\/be-fr\/233736\/"},"modified":"2026-08-31T22:36:14","modified_gmt":"2026-08-31T22:36:14","slug":"laurent-louis-rejoint-la-defense-de-gregory-lenoci-son-avocat-reagit","status":"publish","type":"post","link":"https:\/\/www.europesays.com\/be-fr\/233736\/","title":{"rendered":"Laurent Louis rejoint la d\u00e9fense de Gr\u00e9gory Lenoci, son avocat r\u00e9agit"},"content":{"rendered":"<p>  <img decoding=\"async\" class=\"r-img lazyloaded\" src=\"\/sites\/all\/themes\/enacarbon_rtl\/images\/rtlinfo-192x192.png\" alt=\"Image auteur par d\u00e9faut\"\/><\/p>\n<p>par Benjamin Samyn<br \/>\n\tPubli\u00e9 le 31 ao\u00fbt \u00e0 19h34<\/p>\n<p>  <a href=\"https:\/\/www.google.com\/preferences\/source?q=rtl%20info\" class=\"r-link--google-favorites\" role=\"button\">Ajoutez-nous \u00e0 vos favoris Google<\/a><br \/>\n\tAlors que Laurent Louis s\u2019implique dans la d\u00e9fense de Gr\u00e9gory Lenoci, son avocat Michel Degr\u00e8ve affirme sa volont\u00e9 de respecter l\u2019\u00c9tat de droit et marque ses distances avec toute strat\u00e9gie de rupture.<\/p>\n<p>&#13;<br \/>\n&#13;<\/p>\n<p>Apr\u00e8s sa condamnation \u00e0 17 ans de prison, Gr\u00e9gory Lenoci pr\u00e9pare sa riposte. Pour son proc\u00e8s en appel, le Namurois a choisi de revoir sa d\u00e9fense en s\u2019entourant notamment de Laurent Louis, avec l\u2019ambition d\u2019adopter une ligne plus offensive face \u00e0 la justice.\u00a0Laurent Louis lui a trouv\u00e9 un nouvel avocat\u00a0: Michel Degr\u00e8ve, avocat au barreau de Bruxelles.<\/p>\n<p>L\u2019ex-d\u00e9put\u00e9 Laurent Louis est un personnage particuli\u00e8rement controvers\u00e9. Il a\u00a0d\u00e9j\u00e0\u00a0\u00e9t\u00e9\u00a0condamn\u00e9 par la cour d\u2019appel de Bruxelles pour n\u00e9gationnisme et antis\u00e9mitisme, et\u00a0son nom a \u00e9t\u00e9\u00a0cit\u00e9 dans des affaires d\u2019escroquerie aux cryptomonnaies. Cette figure populiste entend mobiliser l\u2019opinion publique et mener une attaque frontale contre l\u2019institution judiciaire.<\/p>\n<p>&#13;<br \/>\n&#13;<\/p>\n<p>&#13;<br \/>\n&#13;<\/p>\n<p>Suite \u00e0 la publication de cette information, l\u2019avocat de Gr\u00e9gory Lenoci a r\u00e9agi. Michel Degr\u00e8ve semble prendre ses distances avec Laurent Louis. Il indique n\u2019adopter aucune strat\u00e9gie de d\u00e9fense \u00ab\u00a0antisyst\u00e8me\u00a0\u00bb et r\u00e9affirme que la d\u00e9fense du p\u00e8re de famille est men\u00e9e exclusivement par ses avocats. \u00c0 l\u2019inverse, Michel Degr\u00e8ve appelle au respect de l\u2019\u00c9tat de droit et des magistrats de l\u2019ordre judiciaire.<\/p>\n<p>\n  &#13;<br \/>\n  \u00c0 lire aussi&#13;<br \/>\n  &#13;<\/p>\n<p>  <img decoding=\"async\" data-copyright=\"BRUNO FAHY\" class=\"r-img\"  typeof=\"foaf:Image\" src=\"https:\/\/www.europesays.com\/be-fr\/wp-content\/uploads\/2026\/08\/1788215774_114_99318102.jpeg\" alt=\"Laurent Louis photographi\u00e9 au proc\u00e8s de Gregory Lenoci le 24 juillet 2025.\"\/><br \/>\n        <a class=\"r-stories--link\" href=\"https:\/\/www.rtl.be\/actu\/regions\/namur\/rebondissement-dans-laffaire-lenoci-condamne-17-ans-de-prison-le-detenu-change\/2026-08-31\/article\/798802\" rel=\"nofollow noopener\" target=\"_blank\">Rebondissement\u00a0dans l\u2019affaire Lenoci\u00a0: condamn\u00e9 \u00e0 17 ans de prison, le d\u00e9tenu change de strat\u00e9gie et s\u2019entoure de l\u2019ex-d\u00e9put\u00e9 controvers\u00e9 Laurent Louis<\/a>&#13;<br \/>\n  &#13;<br \/>\n&#13;\n<\/p>\n<p>De son c\u00f4t\u00e9, Laurent Louis a publi\u00e9 un texte sur ses r\u00e9seaux sociaux en affirmant \u00ab\u00a0les m\u00e9dias pensent conna\u00eetre la strat\u00e9gie que je vais suivre dans la d\u00e9fense de mon ami Gr\u00e9gory Lenoci (\u2026). Toutefois, je ne suis jamais l\u00e0 o\u00f9 on m\u2019attend, ne l\u2019oubliez pas\u00a0\u00bb.<\/p>\n<p>&#13;<br \/>\n&#13;<\/p>\n<p>&#13;<br \/>\n&#13;<\/p>\n<p><a class=\"r-btn r-btn--tag\" href=\"https:\/\/www.rtl.be\/2303\/free-tags\/justice\" title=\"justice\" rel=\"nofollow noopener\" target=\"_blank\">justice<\/a><br \/>\n<a class=\"r-btn r-btn--tag\" href=\"https:\/\/www.rtl.be\/344037\/locations\/namur\" title=\"Namur\" rel=\"nofollow noopener\" target=\"_blank\">Namur<\/a><\/p>\n","protected":false},"excerpt":{"rendered":"par Benjamin Samyn Publi\u00e9 le 31 ao\u00fbt \u00e0 19h34 Ajoutez-nous \u00e0 vos favoris Google Alors que Laurent Louis&hellip;\n","protected":false},"author":2,"featured_media":233737,"comment_status":"","ping_status":"","sticky":false,"template":"","format":"standard","meta":{"footnotes":"","_share_on_mastodon":"0"},"categories":[2],"tags":[18097,12,13,18,17,29788,2234,72056,67549,68087,72053,72055,22723,72054],"class_list":["post-233736","post","type-post","status-publish","format-standard","has-post-thumbnail","category-belgique","tag-antisemitisme","tag-be","tag-be-fr","tag-belgique","tag-belgium","tag-condamnation","tag-defense","tag-escroquerie-cryptomonnaies","tag-gregory-lenoci","tag-laurent-louis","tag-michel-degreve","tag-negationnisme","tag-proces-en-appel","tag-strategie-judiciaire"],"share_on_mastodon":{"url":"https:\/\/pubeurope.com\/@be_fr\/117192516793332153","error":""},"_links":{"self":[{"href":"https:\/\/www.europesays.com\/be-fr\/wp-json\/wp\/v2\/posts\/233736","targetHints":{"allow":["GET"]}}],"collection":[{"href":"https:\/\/www.europesays.com\/be-fr\/wp-json\/wp\/v2\/posts"}],"about":[{"href":"https:\/\/www.europesays.com\/be-fr\/wp-json\/wp\/v2\/types\/post"}],"author":[{"embeddable":true,"href":"https:\/\/www.europesays.com\/be-fr\/wp-json\/wp\/v2\/users\/2"}],"replies":[{"embeddable":true,"href":"https:\/\/www.europesays.com\/be-fr\/wp-json\/wp\/v2\/comments?post=233736"}],"version-history":[{"count":0,"href":"https:\/\/www.europesays.com\/be-fr\/wp-json\/wp\/v2\/posts\/233736\/revisions"}],"wp:featuredmedia":[{"embeddable":true,"href":"https:\/\/www.europesays.com\/be-fr\/wp-json\/wp\/v2\/media\/233737"}],"wp:attachment":[{"href":"https:\/\/www.europesays.com\/be-fr\/wp-json\/wp\/v2\/media?parent=233736"}],"wp:term":[{"taxonomy":"category","embeddable":true,"href":"https:\/\/www.europesays.com\/be-fr\/wp-json\/wp\/v2\/categories?post=233736"},{"taxonomy":"post_tag","embeddable":true,"href":"https:\/\/www.europesays.com\/be-fr\/wp-json\/wp\/v2\/tags?post=233736"}],"curies":[{"name":"wp","href":"https:\/\/api.w.org\/{rel}","templated":true}]}}