{"id":234004,"date":"2026-09-01T07:07:11","date_gmt":"2026-09-01T07:07:11","guid":{"rendered":"https:\/\/www.europesays.com\/be-fr\/234004\/"},"modified":"2026-09-01T07:07:11","modified_gmt":"2026-09-01T07:07:11","slug":"new-york-attaque-au-couteau-a-times-square-deux-morts","status":"publish","type":"post","link":"https:\/\/www.europesays.com\/be-fr\/234004\/","title":{"rendered":"New York : attaque au couteau \u00e0 Times Square, deux morts"},"content":{"rendered":"<p>  <img decoding=\"async\" class=\"r-img lazyloaded\" src=\"\/sites\/all\/themes\/enacarbon_rtl\/images\/rtlinfo-192x192.png\" alt=\"Image auteur par d\u00e9faut\"\/><\/p>\n<p>par RTL info avec Belga<br \/>\n\tPubli\u00e9 le 01 septembre \u00e0 06h11<\/p>\n<p>  <a href=\"https:\/\/www.google.com\/preferences\/source?q=rtl%20info\" class=\"r-link--google-favorites\" role=\"button\">Ajoutez-nous \u00e0 vos favoris Google<\/a><br \/>\n\tUne femme de 49 ans souffrant de troubles mentaux a poignard\u00e9 deux personnes lundi \u00e0 Times Square, tuant l\u2019une d\u2019elles, avant d\u2019\u00eatre abattue par la police new-yorkaise lors de son intervention.<\/p>\n<p>&#13;<br \/>\n&#13;<\/p>\n<p>Une femme de 49 ans souffrant de probl\u00e8mes mentaux a poignard\u00e9 deux personnes apparemment au hasard lundi \u00e0 Times Square, quartier touristique de New York, tuant l\u2019une d\u2019elles, avant d\u2019\u00eatre abattue par la police.<\/p>\n<p>Identifi\u00e9e comme \u00e9tant Pamela Cisneros, r\u00e9sidente du Queens, l\u2019assaillante a sorti deux grands couteaux d\u2019un sac d\u2019une c\u00e9l\u00e8bre enseigne de supermarch\u00e9s avant de menacer des passants, en plein apr\u00e8s-midi, selon le r\u00e9cit fait par la cheffe de la police de New York, Jessica Tisch.<\/p>\n<p>&#13;<br \/>\n&#13;<\/p>\n<p>&#13;<br \/>\n&#13;<\/p>\n<p>Elle s\u2019est alors pr\u00e9sent\u00e9e devant un homme de 68 ans, qu\u2019elle a poignard\u00e9 au niveau de l\u2019abdomen. Vingt secondes plus tard, elle a attaqu\u00e9 une femme de 32 ans, qu\u2019elle a poignard\u00e9e \u00e9galement au niveau du ventre.<\/p>\n<p>C\u2019est cette victime qui est d\u00e9c\u00e9d\u00e9e, l\u2019homme est hospitalis\u00e9 dans un \u00e9tat stable. Leurs identit\u00e9s n\u2019ont pas \u00e9t\u00e9 r\u00e9v\u00e9l\u00e9es, dans l\u2019attente que les familles soient inform\u00e9es. Les policiers sont alors rapidement intervenus et ont tent\u00e9 de lui faire l\u00e2cher ses armes.<\/p>\n<p>Sur des images prises par des passants circulant sur les r\u00e9seaux sociaux, on voit une femme en T-shirt rose tenir t\u00eate \u00e0 plusieurs agents en uniforme autour d\u2019elle, brandissant par moments ses deux couteaux dans un geste d\u00e9fiant.<\/p>\n<p>&#13;<br \/>\n&#13;<\/p>\n<p>&#13;<br \/>\n&#13;<\/p>\n<p>\n  <a class=\"embedly-card\" href=\"https:\/\/x.com\/Osint613\/status\/2094533667435470898\" rel=\"nofollow\">uri<\/a>\n<\/p>\n<p>\u00ab\u00a0Les policiers ont tent\u00e9 de dialoguer avec la femme pendant quatre minutes et lui ont ordonn\u00e9 \u00e0 plusieurs reprises de l\u00e2cher les couteaux, ce qu\u2019elle a refus\u00e9 de faire\u00a0\u00bb, a poursuivi Jessica Tisch.<\/p>\n<p>\u00ab\u00a0Attaque effroyable\u00a0\u00bb<\/p>\n<p>Au cours de l\u2019\u00e9change, elle a d\u00e9clar\u00e9 aux policiers\u00a0: \u00ab\u00a0Je ne l\u00e2cherai rien. Je pr\u00e9f\u00e9rerais vous tuer\u00a0\u00bb. \u00ab\u00a0Elle est pass\u00e9e en courant devant moi au coin de la rue et elle avait deux couteaux dans les mains\u00a0\u00bb, a racont\u00e9 un t\u00e9moin \u00e0 la cha\u00eene PIX11 News. Il raconte que peu apr\u00e8s des policiers ont utilis\u00e9 contre elle un pistolet \u00e0 impulsion \u00e9lectrique. Elle s\u2019est malgr\u00e9 tout pr\u00e9cipit\u00e9e sur eux et c\u2019est alors qu\u2019ils lui ont tir\u00e9 dessus \u00ab\u00a0\u00e0 deux reprises\u00a0\u00bb, a-t-il racont\u00e9.<\/p>\n<p>  <img decoding=\"async\" data-copyright=\"REUTERS\" class=\"r-img lazy\" data-  src=\"https:\/\/www.europesays.com\/be-fr\/wp-content\/uploads\/2026\/09\/99558623.jpeg\" typeof=\"foaf:Image\" alt=\"2026-08-31T224629Z_351923075_RC2Y9NAP2QPS_RTRMADP_3_USA-SHOOTING-NEW-YORK\"\/><img decoding=\"async\" class=\"r-img\" src=\"https:\/\/www.europesays.com\/be-fr\/wp-content\/uploads\/2026\/09\/99558623.jpeg\" alt=\"2026-08-31T224629Z_351923075_RC2Y9NAP2QPS_RTRMADP_3_USA-SHOOTING-NEW-YORK\"\/>REUTERS<\/p>\n<p>  <img decoding=\"async\" data-copyright=\"REUTERS\" class=\"r-img lazy\" data-  src=\"https:\/\/www.europesays.com\/be-fr\/wp-content\/uploads\/2026\/09\/99558631.jpeg\" typeof=\"foaf:Image\" alt=\"2026-08-31T223828Z_2008425534_RC2Y9NAH9PO5_RTRMADP_3_USA-SHOOTING-NEW-YORK\"\/><img decoding=\"async\" class=\"r-img\" src=\"https:\/\/www.europesays.com\/be-fr\/wp-content\/uploads\/2026\/09\/99558631.jpeg\" alt=\"2026-08-31T223828Z_2008425534_RC2Y9NAH9PO5_RTRMADP_3_USA-SHOOTING-NEW-YORK\"\/>REUTERS<\/p>\n<p>  <img decoding=\"async\" data-copyright=\"REUTERS\" class=\"r-img lazy\" data-  src=\"https:\/\/www.europesays.com\/be-fr\/wp-content\/uploads\/2026\/09\/99558635.jpeg\" typeof=\"foaf:Image\" alt=\"2026-08-31T223728Z_40653978_RC2X9NAS982U_RTRMADP_3_USA-SHOOTING-NEW-YORK\"\/><img decoding=\"async\" class=\"r-img\" src=\"https:\/\/www.europesays.com\/be-fr\/wp-content\/uploads\/2026\/09\/99558635.jpeg\" alt=\"2026-08-31T223728Z_40653978_RC2X9NAS982U_RTRMADP_3_USA-SHOOTING-NEW-YORK\"\/>REUTERS<\/p>\n<p>La police a confirm\u00e9 avoir fait usage d\u2019un taser, en vain, avant d\u2019utiliser des armes de poing. Un journaliste de l\u2019AFP qui s\u2019est rendu sur les lieux apr\u00e8s les faits a constat\u00e9 une importante pr\u00e9sence de la police et des services de secours, ainsi qu\u2019une flaque de sang au sol.<\/p>\n<p>Connue de la police<\/p>\n<p>L\u2019assaillante \u00e9tait connue de la police pour des incidents li\u00e9s \u00e0 ses probl\u00e8mes mentaux. \u00ab\u00a0Nous n\u2019avons aucune raison de croire qu\u2019il s\u2019agit d\u2019un acte de terrorisme\u00a0\u00bb, a poursuivi la cheffe de la police de New York. \u00ab\u00a0Il s\u2019agissait d\u2019une situation extr\u00eamement dangereuse, qui s\u2019est d\u00e9roul\u00e9e au coeur de Times Square\u00a0\u00bb o\u00f9 \u00ab\u00a0\u00e0 tout moment des milliers de New-Yorkais, de personnes se rendant au travail, des touristes, des familles circulent dans ces rues\u00a0\u00bb, a-t-elle insist\u00e9.<\/p>\n<p>    \u00c0 lire aussi<\/p>\n<p>  <img decoding=\"async\" data-copyright=\"Wieke De Boer via REUTERS\" class=\"r-img\"  typeof=\"foaf:Image\" src=\"https:\/\/www.europesays.com\/be-fr\/wp-content\/uploads\/2026\/09\/99481049.jpeg\" alt=\"2026-08-31T152512Z_1735237809_RC2R9NAV4JM8_RTRMADP_3_USA-FLOODS-GRAND-CANYON\"\/><br \/>\n      <a href=\"https:\/\/www.rtl.be\/actu\/monde\/international\/crue-eclair-au-grand-canyon-le-bilan-porte-deux-morts-plusieurs-personnes\/2026-08-31\/article\/798873\" class=\"r-stories--link\" rel=\"nofollow noopener\" target=\"_blank\">Crue \u00e9clair au Grand Canyon : le bilan port\u00e9 \u00e0 deux morts, plusieurs personnes toujours recherch\u00e9es<\/a><\/p>\n<p>Pr\u00e9sent \u00e0 ses c\u00f4t\u00e9s au moment de la conf\u00e9rence de presse, le maire de la ville Zohran Mamdani a remerci\u00e9 les policiers qui sont intervenus \u00ab\u00a0et ont emp\u00each\u00e9 cette attaque effroyable de prendre une ampleur encore plus tragique\u00a0\u00bb.<\/p>\n<p>\n  <img decoding=\"async\" data-copyright=\"REUTERS\" class=\"r-img lazy\" data-  src=\"https:\/\/www.europesays.com\/be-fr\/wp-content\/uploads\/2026\/09\/99558572.jpeg\" typeof=\"foaf:Image\" alt=\"2026-09-01T001948Z_58734863_RC2Z9NAAT1FR_RTRMADP_3_USA-SHOOTING-NEW-YORK\"\/><img decoding=\"async\" class=\"r-img\" src=\"https:\/\/www.europesays.com\/be-fr\/wp-content\/uploads\/2026\/09\/99558572.jpeg\" alt=\"2026-09-01T001948Z_58734863_RC2Z9NAAT1FR_RTRMADP_3_USA-SHOOTING-NEW-YORK\"\/>REUTERS\n<\/p>\n<p>&#13;<br \/>\n&#13;<\/p>\n<p>&#13;<br \/>\n&#13;<\/p>\n<p><a class=\"r-btn r-btn--tag\" href=\"https:\/\/www.rtl.be\/333476\/locations\/new-york\" title=\"New York\" rel=\"nofollow noopener\" target=\"_blank\">New York<\/a><br \/>\n<a class=\"r-btn r-btn--tag\" href=\"https:\/\/www.rtl.be\/333474\/locations\/etats-unis\" title=\"\u00c9tats-Unis\" rel=\"nofollow noopener\" target=\"_blank\">\u00c9tats-Unis<\/a><\/p>\n","protected":false},"excerpt":{"rendered":"par RTL info avec Belga Publi\u00e9 le 01 septembre \u00e0 06h11 Ajoutez-nous \u00e0 vos favoris Google Une femme&hellip;\n","protected":false},"author":2,"featured_media":234005,"comment_status":"","ping_status":"","sticky":false,"template":"","format":"standard","meta":{"footnotes":"","_share_on_mastodon":"0"},"categories":[9],"tags":[72189,12,13,18,17,72192,31,62280,3014,72191,72190,53631,25192,16816,32,10030],"class_list":["post-234004","post","type-post","status-publish","format-standard","has-post-thumbnail","category-international","tag-attaque-au-couteau","tag-be","tag-be-fr","tag-belgique","tag-belgium","tag-femme-abattue","tag-international","tag-intervention-policiere","tag-meurtre","tag-pamela-cisneros","tag-police-new-york","tag-times-square","tag-troubles-mentaux","tag-victimes","tag-world-news","tag-zohran-mamdani"],"share_on_mastodon":{"url":"https:\/\/pubeurope.com\/@be_fr\/117194526239480904","error":""},"_links":{"self":[{"href":"https:\/\/www.europesays.com\/be-fr\/wp-json\/wp\/v2\/posts\/234004","targetHints":{"allow":["GET"]}}],"collection":[{"href":"https:\/\/www.europesays.com\/be-fr\/wp-json\/wp\/v2\/posts"}],"about":[{"href":"https:\/\/www.europesays.com\/be-fr\/wp-json\/wp\/v2\/types\/post"}],"author":[{"embeddable":true,"href":"https:\/\/www.europesays.com\/be-fr\/wp-json\/wp\/v2\/users\/2"}],"replies":[{"embeddable":true,"href":"https:\/\/www.europesays.com\/be-fr\/wp-json\/wp\/v2\/comments?post=234004"}],"version-history":[{"count":0,"href":"https:\/\/www.europesays.com\/be-fr\/wp-json\/wp\/v2\/posts\/234004\/revisions"}],"wp:featuredmedia":[{"embeddable":true,"href":"https:\/\/www.europesays.com\/be-fr\/wp-json\/wp\/v2\/media\/234005"}],"wp:attachment":[{"href":"https:\/\/www.europesays.com\/be-fr\/wp-json\/wp\/v2\/media?parent=234004"}],"wp:term":[{"taxonomy":"category","embeddable":true,"href":"https:\/\/www.europesays.com\/be-fr\/wp-json\/wp\/v2\/categories?post=234004"},{"taxonomy":"post_tag","embeddable":true,"href":"https:\/\/www.europesays.com\/be-fr\/wp-json\/wp\/v2\/tags?post=234004"}],"curies":[{"name":"wp","href":"https:\/\/api.w.org\/{rel}","templated":true}]}}