{"id":234034,"date":"2026-09-01T07:33:10","date_gmt":"2026-09-01T07:33:10","guid":{"rendered":"https:\/\/www.europesays.com\/be-fr\/234034\/"},"modified":"2026-09-01T07:33:10","modified_gmt":"2026-09-01T07:33:10","slug":"on-dirait-quils-ont-utilise-li-a-au-chili-la-methode-du-president-pour-lutter-contre-la-delinquance-interpelle","status":"publish","type":"post","link":"https:\/\/www.europesays.com\/be-fr\/234034\/","title":{"rendered":"\u00ab\u00a0On dirait qu&rsquo;ils ont utilis\u00e9 l&rsquo;I.A.\u00a0\u00bb: au Chili, la m\u00e9thode du pr\u00e9sident pour lutter contre la d\u00e9linquance interpelle"},"content":{"rendered":"<p><a href=\"\" target=\"_self\" rel=\"noopener noreferrer\" class=\"ap-StoryInterstitialLink ap-StoryElement ap-StoryElement--mb js-paywall-target\">Le candidat de l&rsquo;extr\u00eame droite surfe sur une tendance anti-parti en Am\u00e9rique latine<\/a>Un nouvel \u00e9tat d&rsquo;exception<\/p>\n<p class=\"ap-StoryElement ap-StoryElement--mb ap-StoryText\">Mais le point le plus sensible de ce projet de r\u00e9forme concerne la cr\u00e9ation d&rsquo;un nouvel \u00e9tat d&rsquo;exception, en plus des quatre d\u00e9j\u00e0 pr\u00e9vus par la Constitution chilienne. Le texte demande en effet aux \u00e9lus d&rsquo;autoriser le pr\u00e9sident de la R\u00e9publique \u00e0 d\u00e9cr\u00e9ter \u00ab\u00a0l&rsquo;\u00e9tat d&rsquo;exception en mati\u00e8re de s\u00e9curit\u00e9 publique\u00a0\u00bb sans pass\u00e9 par un vote au Parlement.<\/p>\n<p class=\"ap-StoryElement ap-StoryElement--mb ap-StoryText\">Ce nouvel \u00e9tat d&rsquo;exception pourrait \u00eatre d\u00e9cr\u00e9t\u00e9 sur tout ou partie du territoire par le pr\u00e9sident, en cas de menace grave contre la s\u00e9curit\u00e9 publique, pour une dur\u00e9e de 120 jours renouvelable une fois. Pendant cette dur\u00e9e, le pr\u00e9sident pourrait restreindre ou suspendre des libert\u00e9s individuelles comme le droit de circuler ou de se r\u00e9unir. Il pourrait en outre intercepter, ouvrir ou enregistrer toutes les communications, y compris celles des journalistes, en dehors du cadre judiciaire.<\/p>\n<p><a href=\"\" target=\"_self\" rel=\"noopener noreferrer\" class=\"ap-StoryInterstitialLink ap-StoryElement ap-StoryElement--mb\">Meloni, Milei, Orban, les mod\u00e8les du futur pr\u00e9sident chilien<\/a>Vent de fronde<\/p>\n<p class=\"ap-StoryElement ap-StoryElement--mb ap-StoryText\">\u00c0 gauche, les \u00e9lus ont annonc\u00e9 qu&rsquo;ils ne voteraient pas ce texte. Plusieurs se sont interrog\u00e9s sur l&rsquo;int\u00e9r\u00eat de demander une modification de la Constitution pour s&rsquo;attaquer aux probl\u00e8mes li\u00e9s \u00e0 l&rsquo;ins\u00e9curit\u00e9. Certains ont compar\u00e9 ce texte \u00e0 une \u00ab\u00a0p\u00e2le copie du Patriot Act aux \u00c9tats-Unis. On dirait que les conseillers du pr\u00e9sident ont utilis\u00e9 l&rsquo;intelligence artificielle pour faire la m\u00eame chose qu&rsquo;aux \u00c9tats-Unis en ignorant le fonctionnement des institutions chiliennes\u00a0\u00bb, a expliqu\u00e9 Pedro Arraya Guerrero, s\u00e9nateur du Parti pour la d\u00e9mocratie, une formation de centre gauche.<\/p>\n<p class=\"ap-StoryElement ap-StoryElement--mb ap-StoryText\">Arturo Fontaine, professeur de philosophie \u00e0 l&rsquo;universit\u00e9 du Chili et conseiller de la droite chilienne a d\u00e9nonc\u00e9 dans une tribune une r\u00e9forme \u00ab\u00a0manifestement illib\u00e9rale\u00a0\u00bb et a appel\u00e9 \u00e0 son retrait.<\/p>\n<p class=\"ap-StoryElement ap-StoryElement--mb ap-StoryText\">Des r\u00e9actions qui sont autant de frondes politiques contre Jose Antonio Kast qui, sans majorit\u00e9 parlementaire, \u00e9tait parvenu \u00e0 imposer une importante r\u00e9forme \u00e9conomique en moins de trois mois.<\/p>\n<p><a href=\"https:\/\/www.lalibre.be\/international\/2026\/03\/10\/entre-deux-peurs-au-chili-les-migrants-retiennent-leur-souffle-avant-linvestiture-de-jose-antonio-kast-ZJYTAWSBDJBUJNIQVQJ2M2UWXA\/\" target=\"_self\" class=\"ap-StoryInterstitialLink ap-StoryElement ap-StoryElement--mb\" rel=\"nofollow noopener\">Au Chili, les migrants retiennent leur souffle avant l&rsquo;investiture de Jos\u00e9 Antonio Kast<\/a>Soutien populaire mais \u00e9chec pr\u00e9visible<\/p>\n<p class=\"ap-StoryElement ap-StoryElement--mb ap-StoryText\">Les opposants politiques, s&rsquo;ils se sont fait entendre, sont rest\u00e9s prudents\u2026 sans c\u00e9der. Un sondage de l&rsquo;Institut Criteria, r\u00e9alis\u00e9 dans la foul\u00e9e du d\u00e9p\u00f4t du projet de r\u00e9forme constitutionnelle, montrait en effet que 75 % des Chiliens approuvaient les projets du gouvernement en mati\u00e8re de lutte contre la d\u00e9linquance.<\/p>\n<p class=\"ap-StoryElement ap-StoryElement--mb ap-StoryText\">Des chiffres qui devaient conforter le pr\u00e9sident Kast qui avait fait de la lutte contre l&rsquo;ins\u00e9curit\u00e9 son principal argument tout au long de sa campagne victorieuse. Le candidat, qui en \u00e9tait \u00e0 sa troisi\u00e8me course \u00e0 la pr\u00e9sidence, n&rsquo;avait pas h\u00e9sit\u00e9 \u00e0 revendiquer sa proximit\u00e9 avec le pr\u00e9sident du Salvador Nayib Bukele, partisan des mesures et des images spectaculaires, quelle que soit leur l\u00e9galit\u00e9, pour lutter contre la violence des cartels.<\/p>\n<p class=\"ap-StoryElement ap-StoryElement--mb ap-StoryText\">Mais la classe politique chilienne a tenu bon et a multipli\u00e9 les sorties pour expliquer les dangers li\u00e9s \u00e0 ce projet de r\u00e9forme constitutionnelle et le soutien populaire s&rsquo;est effrit\u00e9 au fil des jours.<\/p>\n<p class=\"ap-StoryElement ap-StoryElement--mb ap-StoryText\">Face \u00e0 la fronde politique et au danger d&rsquo;un revers parlementaire, le gouvernement Kast a ouvert la voie \u00e0 des modifications du texte, sans \u00e9voquer son retrait pur et simple. Les d\u00e9bats au S\u00e9nat, pr\u00e9vus pour ce 31 ao\u00fbt, ont \u00e9t\u00e9 repouss\u00e9s \u00e0 une date ult\u00e9rieure qui n&rsquo;a pas \u00e9t\u00e9 arr\u00eat\u00e9e jusqu&rsquo;ici.<\/p>\n","protected":false},"excerpt":{"rendered":"Le candidat de l&rsquo;extr\u00eame droite surfe sur une tendance anti-parti en Am\u00e9rique latineUn nouvel \u00e9tat d&rsquo;exception Mais le&hellip;\n","protected":false},"author":2,"featured_media":234035,"comment_status":"","ping_status":"","sticky":false,"template":"","format":"standard","meta":{"footnotes":"","_share_on_mastodon":"0"},"categories":[9],"tags":[24405,39000,12,13,18,17,40725,52595,31,72209,72210,8710,2650,1785,567,32],"class_list":["post-234034","post","type-post","status-publish","format-standard","has-post-thumbnail","category-international","tag-americas","tag-andes","tag-be","tag-be-fr","tag-belgique","tag-belgium","tag-feather","tag-high-up","tag-international","tag-mou","tag-peru","tag-scenic","tag-speed","tag-tourism","tag-usa","tag-world-news"],"share_on_mastodon":{"url":"https:\/\/pubeurope.com\/@be_fr\/117194628048413960","error":""},"_links":{"self":[{"href":"https:\/\/www.europesays.com\/be-fr\/wp-json\/wp\/v2\/posts\/234034","targetHints":{"allow":["GET"]}}],"collection":[{"href":"https:\/\/www.europesays.com\/be-fr\/wp-json\/wp\/v2\/posts"}],"about":[{"href":"https:\/\/www.europesays.com\/be-fr\/wp-json\/wp\/v2\/types\/post"}],"author":[{"embeddable":true,"href":"https:\/\/www.europesays.com\/be-fr\/wp-json\/wp\/v2\/users\/2"}],"replies":[{"embeddable":true,"href":"https:\/\/www.europesays.com\/be-fr\/wp-json\/wp\/v2\/comments?post=234034"}],"version-history":[{"count":0,"href":"https:\/\/www.europesays.com\/be-fr\/wp-json\/wp\/v2\/posts\/234034\/revisions"}],"wp:featuredmedia":[{"embeddable":true,"href":"https:\/\/www.europesays.com\/be-fr\/wp-json\/wp\/v2\/media\/234035"}],"wp:attachment":[{"href":"https:\/\/www.europesays.com\/be-fr\/wp-json\/wp\/v2\/media?parent=234034"}],"wp:term":[{"taxonomy":"category","embeddable":true,"href":"https:\/\/www.europesays.com\/be-fr\/wp-json\/wp\/v2\/categories?post=234034"},{"taxonomy":"post_tag","embeddable":true,"href":"https:\/\/www.europesays.com\/be-fr\/wp-json\/wp\/v2\/tags?post=234034"}],"curies":[{"name":"wp","href":"https:\/\/api.w.org\/{rel}","templated":true}]}}