{"id":234078,"date":"2026-09-01T08:12:12","date_gmt":"2026-09-01T08:12:12","guid":{"rendered":"https:\/\/www.europesays.com\/be-fr\/234078\/"},"modified":"2026-09-01T08:12:12","modified_gmt":"2026-09-01T08:12:12","slug":"direct-guerre-au-moyen-orient-le-president-iranien-fait-une-promesse-qui-depend-des-etat-unis-trump-menace-de-bombarder-fort","status":"publish","type":"post","link":"https:\/\/www.europesays.com\/be-fr\/234078\/","title":{"rendered":"DIRECT &#8211; Guerre au Moyen-Orient: le pr\u00e9sident iranien fait une promesse&#8230; qui d\u00e9pend des Etat-Unis, Trump menace de bombarder \u00ab\u00a0fort\u00a0\u00bb"},"content":{"rendered":"<p><a href=\"https:\/\/www.lalibre.be\/international\/moyen-orient\/iran\/2026\/08\/30\/insoutenable-des-chefs-militaires-americains-alertent-le-secretaire-a-la-defense-sur-la-situation-en-iran-ZNCWNZ6YNZGN3FEHQ7YOXHBSAQ\/\" target=\"_self\" class=\"ap-StoryInterstitialLink ap-StoryElement ap-StoryElement--mb\" rel=\"nofollow noopener\">\u00ab\u00a0Insoutenable\u00a0\u00bb : des chefs militaires am\u00e9ricains alertent le secr\u00e9taire \u00e0 la D\u00e9fense sur la situation en Iran<\/a><\/p>\n<p class=\"ap-StoryElement ap-StoryElement--mb ap-StoryText\">Alors que le conflit est entr\u00e9 dans son septi\u00e8me mois et que les n\u00e9gociations sont au point mort, ce regain des hostilit\u00e9s a sem\u00e9 l&rsquo;inqui\u00e9tude sur les march\u00e9s: les cours du p\u00e9trole sont repartis en hausse, le baril de Brent, r\u00e9f\u00e9rence internationale, d\u00e9passant le seuil symbolique des 90 dollars.<\/p>\n<p class=\"ap-StoryElement ap-StoryElement--mb ap-StoryText\">\u00ab\u00a0Il y aura une r\u00e9ponse\u00a0\u00bb et \u00ab\u00a0nous allons les frapper fort\u00a0\u00bb, a averti le pr\u00e9sident am\u00e9ricain, selon des propos retranscrits par la cha\u00eene Fox News.<\/p>\n<p class=\"ap-StoryElement ap-StoryElement--mb ap-StoryText\">Un peu plus t\u00f4t, son homologue iranien avait estim\u00e9 que la poursuite de la guerre n&rsquo;\u00e9tait \u00ab\u00a0ni dans l&rsquo;int\u00e9r\u00eat (de T\u00e9h\u00e9ran) ni dans celui de la r\u00e9gion\u00a0\u00bb, disant continuer \u00e0 \u00ab\u00a0oeuvrer pour parvenir \u00e0 un accord\u00a0\u00bb.<\/p>\n<p class=\"ap-StoryElement ap-StoryElement--mb ap-StoryText\">En d\u00e9placement au Kirghizstan pour participer \u00e0 un sommet de l&rsquo;Organisation de coop\u00e9ration de Shanghai (OCS), il a rencontr\u00e9 le Premier ministre pakistanais Shehbaz Sharif dont le pays joue le r\u00f4le de m\u00e9diateur. Sont \u00e9galement attendus \u00e0 ce rendez-vous les pr\u00e9sidents chinois Xi Jinping et russe Vladimir Poutine.<\/p>\n<p>Suivez les derni\u00e8res informations en direct :        <\/p>\n<p>Trump menace de bombarder \u00ab\u00a0fort\u00a0\u00bb l&rsquo;Iran<\/p>\n<p>Apr\u00e8s un mois d&rsquo;accalmie et l&rsquo;accent mis par Washington sur la \u00ab\u00a0guerre \u00e9conomique\u00a0\u00bb, les affrontements ont repris entre l&rsquo;Iran et les Etats-Unis, Donald Trump mena\u00e7ant lundi de \u00ab\u00a0frapper fort\u00a0\u00bb le camp adverse.<\/p>\n<p>Pour la premi\u00e8re fois depuis fin juillet, les forces am\u00e9ricaines ont annonc\u00e9 des bombardements contre \u00ab\u00a0deux lanceurs iraniens (de roquettes) sur l&rsquo;\u00eele de Larak\u00a0\u00bb, situ\u00e9e dans le strat\u00e9gique d\u00e9troit d&rsquo;Ormuz.<\/p>\n<p>T\u00e9h\u00e9ran a ripost\u00e9 en attaquant au moyen de missiles et de drones des cibles am\u00e9ricaines en Jordanie et aux Emirats arabes unis, tout en affirmant par la voix de son pr\u00e9sident Massoud Pezeshkian ne pas vouloir la poursuite de la guerre.<\/p>\n<p>Alors que le conflit est entr\u00e9 dans son septi\u00e8me mois et que les n\u00e9gociations sont au point mort, ce regain des hostilit\u00e9s a sem\u00e9 l&rsquo;inqui\u00e9tude sur les march\u00e9s: les cours du p\u00e9trole sont repartis en hausse, le baril de Brent, r\u00e9f\u00e9rence internationale, d\u00e9passant le seuil symbolique des 90 dollars.<\/p>\n<p>\u00ab\u00a0Il y aura une r\u00e9ponse\u00a0\u00bb et \u00ab\u00a0nous allons les frapper fort\u00a0\u00bb, a averti le pr\u00e9sident am\u00e9ricain, selon des propos retranscrits par la cha\u00eene Fox News.<\/p>\n<p>Un peu plus t\u00f4t, son homologue iranien avait estim\u00e9 que la poursuite de la guerre n&rsquo;\u00e9tait \u00ab\u00a0ni dans l&rsquo;int\u00e9r\u00eat (de T\u00e9h\u00e9ran) ni dans celui de la r\u00e9gion\u00a0\u00bb, disant continuer \u00e0 \u00ab\u00a0oeuvrer pour parvenir \u00e0 un accord\u00a0\u00bb.<\/p>\n<p>Un navire touch\u00e9 par trois \u00ab\u00a0projectiles inconnus\u00a0\u00bb dans le d\u00e9troit d&rsquo;Ormuz<\/p>\n<p>Un p\u00e9trolier a \u00e9t\u00e9 touch\u00e9 par trois \u00ab\u00a0projectiles inconnus\u00a0\u00bb alors qu&rsquo;il sortait du d\u00e9troit d&rsquo;Ormuz, a annonc\u00e9 mardi l&rsquo;agence maritime britannique, UKMTO.<\/p>\n<p>\u00ab\u00a0Un tanker a signal\u00e9 avoir \u00e9t\u00e9 frapp\u00e9 par trois projectiles inconnus alors qu&rsquo;il achevait un transit sortant du d\u00e9troit d&rsquo;Ormuz. Aucune victime ni impact environnemental n&rsquo;ont \u00e9t\u00e9 signal\u00e9s\u00a0\u00bb, a \u00e9crit l&rsquo;UKMTO sur le r\u00e9seau social X, pr\u00e9cisant que l&rsquo;incident s&rsquo;\u00e9tait produit \u00e0 17 milles nautiques (31 km) \u00e0 l&rsquo;est de Khasab (Oman).<\/p>\n<p>Dimanche, un navire p\u00e9trolier avait \u00e9galement essuy\u00e9 \u00ab\u00a0un projectile inconnu\u00a0\u00bb dans la m\u00eame zone, au large de la ville omanaise de Khasab. Dans la nuit de lundi \u00e0 mardi pass\u00e9, un navire avait \u00e9t\u00e9 paralys\u00e9 dans les m\u00eames circonstances au nord-est de la ville omanaise d&rsquo;Ash Shishah, dans le d\u00e9troit d&rsquo;Ormuz.<\/p>\n<p>La R\u00e9publique islamique revendique le contr\u00f4le de cette voie commerciale et les navires qui s&rsquo;y aventurent sont r\u00e9guli\u00e8rement pris pour cible depuis le d\u00e9clenchement, le 28 f\u00e9vrier, d&rsquo;une offensive isra\u00e9lo-am\u00e9ricaine contre l&rsquo;Iran. De son c\u00f4t\u00e9, Donald Trump mart\u00e8le que les \u00c9tats-Unis contr\u00f4lent le d\u00e9troit. Dimanche soir, l&rsquo;arm\u00e9e am\u00e9ricaine a men\u00e9 des frappes sur l&rsquo;\u00eele iranienne de Larak, situ\u00e9e dans le d\u00e9troit d&rsquo;Ormuz, alors que l&rsquo;Iran s&rsquo;appr\u00eatait selon elle \u00e0 lancer des roquettes charg\u00e9es de mines dans ce passage. T\u00e9h\u00e9ran a r\u00e9pliqu\u00e9 dans la foul\u00e9e, marquant un regain d&rsquo;hostilit\u00e9s arm\u00e9es apr\u00e8s un mois d&rsquo;accalmie.<\/p>\n<p>Les tentatives et les pourparlers de paix sont au point mort et le d\u00e9troit d&rsquo;Ormuz, par lequel transitait avant la guerre un cinqui\u00e8me du p\u00e9trole et du gaz mondiaux, reste en grande partie ferm\u00e9.<\/p>\n<p>La promesse du pr\u00e9sident iranien<\/p>\n<p>Le pr\u00e9sident iranien Massoud Pezeshkian a affirm\u00e9 mardi que T\u00e9h\u00e9ran renouerait \u00ab\u00a0imm\u00e9diatement\u00a0\u00bb avec ses engagements si les Etats-Unis revenaient au protocole d&rsquo;accord conclu en juin pour mettre fin \u00e0 la guerre au Moyen-Orient.<\/p>\n<p>\u00ab\u00a0Je d\u00e9clare explicitement que si les Etats-Unis reviennent \u00e0 leurs engagements au titre du protocole d&rsquo;accord (&#8230;), la R\u00e9publique islamique d&rsquo;Iran prendra imm\u00e9diatement des mesures r\u00e9ciproques\u00a0\u00bb, a d\u00e9clar\u00e9 M. Pezeshkian lors d&rsquo;un sommet de l&rsquo;Organisation de coop\u00e9ration de Shanghai au Kirghizstan, selon le site de la pr\u00e9sidence iranienne.<\/p>\n<p>Le protocole d&rsquo;accord visait \u00e0 mettre durablement fin \u00e0 la guerre entre T\u00e9h\u00e9ran et Washington, d\u00e9clench\u00e9e fin f\u00e9vrier par des frappes am\u00e9ricaines et isra\u00e9liennes contre la R\u00e9publique islamique.Il a ensuite vol\u00e9 en \u00e9clats en juillet, les deux camps s&rsquo;accusant mutuellement d&rsquo;en avoir viol\u00e9 les termes.\u00a0<\/p>\n<p>Les d\u00e9clarations de M. Pezeshkian interviennent alors que le d\u00e9troit d&rsquo;Ormuz reste un point de d\u00e9saccord majeur entre l&rsquo;Iran et les Etats-Unis, qui ont repris leurs \u00e9changes de tirs lundi apr\u00e8s un mois de relative accalmie<\/p>\n<p>T\u00e9h\u00e9ran maintient la fermeture de cette voie maritime strat\u00e9gique, tout en affirmant qu&rsquo;il renouerait avec ses engagements pr\u00e9vus par l&rsquo;accord, notamment en rouvrant Ormuz si les Etats-Unis en faisaient de m\u00eame.Lundi, le ministre iranien des Affaires \u00e9trang\u00e8res, Abbas Araghchi, avait d\u00e9j\u00e0 d\u00e9clar\u00e9 que \u00ab\u00a0les Etats-Unis doivent revenir \u00e0 leurs engagements et \u00e0 ce que leur pr\u00e9sident a sign\u00e9\u00a0\u00bb dans le cadre de l&rsquo;accord. \u00ab\u00a0Dans ce cas, tout peut \u00eatre remis sur les rails\u00a0\u00bb, a-t-il assur\u00e9.<\/p>\n<p>D\u00e9but du live<\/p>\n<p>Bonjour et bienvenue sur ce live. Retrouvez ici toutes les derni\u00e8res informations concernant le conflit au Moyen-Orient.<\/p>\n<p>            Load more        <\/p>\n<p>\u00ab\u00a0Escalade dangereuse\u00a0\u00bb<\/p>\n<p class=\"ap-StoryElement ap-StoryElement--mb ap-StoryText\">Selon le Commandement militaire am\u00e9ricain pour le Moyen-Orient (Centcom), l&rsquo;attaque contre Larak a \u00e9t\u00e9 lanc\u00e9e apr\u00e8s que les Gardiens de la R\u00e9volution, la puissante force arm\u00e9e de l&rsquo;Iran, ont \u00e9t\u00e9 \u00ab\u00a0observ\u00e9s en train de se pr\u00e9parer \u00e0 lancer des roquettes charg\u00e9es de mines marines\u00a0\u00bb \u00e0 Ormuz.<\/p>\n<p class=\"ap-StoryElement ap-StoryElement--mb ap-StoryText\">Les m\u00e9dias iraniens ont fait \u00e9tat de trois morts et sept bless\u00e9s dans ces frappes.<\/p>\n<p class=\"ap-StoryElement ap-StoryElement--mb ap-StoryText\">Vis\u00e9e par les repr\u00e9sailles iraniennes, la Jordanie a dit avoir abattu huit missiles ayant p\u00e9n\u00e9tr\u00e9 son espace a\u00e9rien. Les Emirats ont eux d\u00e9tect\u00e9 un drone au-dessus de ses eaux territoriales, d\u00e9non\u00e7ant \u00ab\u00a0une escalade dangereuse\u00a0\u00bb.<\/p>\n<p class=\"ap-StoryElement ap-StoryElement--mb ap-StoryText\">Mais les forces arm\u00e9es iraniennes ont mis en garde leurs voisins r\u00e9gionaux contre une \u00ab\u00a0riposte bien plus forte\u00a0\u00bb si toute nouvelle \u00ab\u00a0agression\u00a0\u00bb de Washington \u00e9tait lanc\u00e9e depuis leur territoire.<\/p>\n<p class=\"ap-StoryElement ap-StoryElement--mb ap-StoryText\">Les Gardiens ont par ailleurs affirm\u00e9 avoir abattu deux drones am\u00e9ricains au-dessus du d\u00e9troit d&rsquo;Ormuz.<\/p>\n<p class=\"ap-StoryElement ap-StoryElement--mb ap-StoryText\">Un tanker a \u00e9galement \u00e9t\u00e9 touch\u00e9 par trois \u00ab\u00a0projectiles inconnus\u00a0\u00bb alors qu&rsquo;il franchissait le d\u00e9troit dans le sens de la sortie, a affirm\u00e9 lundi dans la soir\u00e9e l&rsquo;agence maritime britannique, UKMTO.<\/p>\n<p class=\"ap-StoryElement ap-StoryElement--mb ap-StoryText\">Ces derni\u00e8res semaines avaient \u00e9t\u00e9 marqu\u00e9es par une accalmie dans la r\u00e9gion, m\u00eame si des tirs sporadiques ont \u00e9t\u00e9 recens\u00e9s, surtout dans le secteur du d\u00e9troit d&rsquo;Ormuz.<\/p>\n<p class=\"ap-StoryElement ap-StoryElement--mb ap-StoryText\">Ce passage maritime par lequel transitait auparavant un cinqui\u00e8me des hydrocarbures mondiaux est au coeur du conflit, T\u00e9h\u00e9ran verrouillant son passage quasi en continu depuis le d\u00e9but de la guerre, d\u00e9clench\u00e9e par une attaque isra\u00e9lo-am\u00e9ricaine contre l&rsquo;Iran le 28 f\u00e9vrier.<\/p>\n<p><a href=\"https:\/\/www.lalibre.be\/international\/moyen-orient\/iran\/2026\/08\/30\/a-court-terme-les-iraniens-vont-tenir-a-plus-long-terme-ca-va-etre-catastrophique-L2SENO555VANZFENC4GURBX5DU\/\" target=\"_self\" class=\"ap-StoryInterstitialLink ap-StoryElement ap-StoryElement--mb\" rel=\"nofollow noopener\">\u00ab\u00a0\u00c0 court terme, les Iraniens vont tenir. \u00c0 plus long terme, \u00e7a va \u00eatre catastrophique\u00a0\u00bb<\/a>\u00ab\u00a0Prot\u00e9ger la circulation\u00a0\u00bb<\/p>\n<p class=\"ap-StoryElement ap-StoryElement--mb ap-StoryText\">En r\u00e9ponse, les Etats-Unis imposent un blocus des ports iraniens et se disent pr\u00eats \u00ab\u00a0\u00e0 prot\u00e9ger la libre circulation des \u00e9changes commerciaux\u00a0\u00bb, le Centcom affirmant avoir \u00ab\u00a0achev\u00e9 le d\u00e9minage des voies de navigation internationales\u00a0\u00bb.<\/p>\n<p class=\"ap-StoryElement ap-StoryElement--mb ap-StoryText\">Mais lundi, la marine des Gardiens de la R\u00e9volution a affirm\u00e9 qu&rsquo;un \u00ab\u00a0superp\u00e9trolier voyou\u00a0\u00bb avait heurt\u00e9 deux mines navales lors d&rsquo;une tentative \u00ab\u00a0ill\u00e9gale\u00a0\u00bb de franchir le d\u00e9troit, ce que le Centcom a ni\u00e9, d\u00e9non\u00e7ant de la \u00ab\u00a0d\u00e9sinformation\u00a0\u00bb.<\/p>\n<p class=\"ap-StoryElement ap-StoryElement--mb ap-StoryText\">Les n\u00e9gociations pour mettre fin au conflit sont dans l&rsquo;impasse, alors qu&rsquo;un protocole d&rsquo;accord conclu mi-juin a vol\u00e9 en \u00e9clats le mois d&rsquo;apr\u00e8s.<\/p>\n<p class=\"ap-StoryElement ap-StoryElement--mb ap-StoryText\">Pour le chef de la diplomatie iranienne Abbas Araghchi, \u00ab\u00a0la solution est claire et simple: les Etats-Unis doivent respecter leurs engagements et s&rsquo;en tenir\u00a0\u00bb \u00e0 ce qui a \u00e9t\u00e9 sign\u00e9. \u00ab\u00a0Tout rentrera alors dans l&rsquo;ordre\u00a0\u00bb.<\/p>\n<p class=\"ap-StoryElement ap-StoryElement--mb ap-StoryText\">Face \u00e0 ce conflit impopulaire et \u00e0 l&rsquo;approche des \u00e9lections de mi-mandat, l&rsquo;administration Trump mise sur la \u00ab\u00a0guerre \u00e9conomique\u00a0\u00bb contre l&rsquo;Iran, d\u00e9j\u00e0 sous le coup de sanctions internationales.<\/p>\n<p class=\"ap-StoryElement ap-StoryElement--mb ap-StoryText\">\u00ab\u00a0On va continuer \u00e0 faire pression\u00a0\u00bb sur T\u00e9h\u00e9ran, a insist\u00e9 lundi le ministre des Finances, Scott Bessent, \u00e0 l&rsquo;occasion d&rsquo;une s\u00e9rie de r\u00e9unions aux Etats-Unis avec ses homologues des pays du G20.<\/p>\n<p><\/p>\n","protected":false},"excerpt":{"rendered":"\u00ab\u00a0Insoutenable\u00a0\u00bb : des chefs militaires am\u00e9ricains alertent le secr\u00e9taire \u00e0 la D\u00e9fense sur la situation en Iran Alors&hellip;\n","protected":false},"author":2,"featured_media":234079,"comment_status":"","ping_status":"","sticky":false,"template":"","format":"standard","meta":{"footnotes":"","_share_on_mastodon":"0"},"categories":[9],"tags":[12,13,18,17,34,37,13217,56,5367,2514,31,2208,371,9274,17327,5682,5683,24031,67,567,32],"class_list":["post-234078","post","type-post","status-publish","format-standard","has-post-thumbnail","category-international","tag-be","tag-be-fr","tag-belgique","tag-belgium","tag-donald-trump","tag-economie","tag-emirats","tag-energie","tag-gaz","tag-guerre","tag-international","tag-iran","tag-israel","tag-jordanie","tag-massoud-pezeshkian","tag-mer","tag-petrole","tag-scott-bessent","tag-transport","tag-usa","tag-world-news"],"share_on_mastodon":{"url":"https:\/\/pubeurope.com\/@be_fr\/117194781096943765","error":""},"_links":{"self":[{"href":"https:\/\/www.europesays.com\/be-fr\/wp-json\/wp\/v2\/posts\/234078","targetHints":{"allow":["GET"]}}],"collection":[{"href":"https:\/\/www.europesays.com\/be-fr\/wp-json\/wp\/v2\/posts"}],"about":[{"href":"https:\/\/www.europesays.com\/be-fr\/wp-json\/wp\/v2\/types\/post"}],"author":[{"embeddable":true,"href":"https:\/\/www.europesays.com\/be-fr\/wp-json\/wp\/v2\/users\/2"}],"replies":[{"embeddable":true,"href":"https:\/\/www.europesays.com\/be-fr\/wp-json\/wp\/v2\/comments?post=234078"}],"version-history":[{"count":0,"href":"https:\/\/www.europesays.com\/be-fr\/wp-json\/wp\/v2\/posts\/234078\/revisions"}],"wp:featuredmedia":[{"embeddable":true,"href":"https:\/\/www.europesays.com\/be-fr\/wp-json\/wp\/v2\/media\/234079"}],"wp:attachment":[{"href":"https:\/\/www.europesays.com\/be-fr\/wp-json\/wp\/v2\/media?parent=234078"}],"wp:term":[{"taxonomy":"category","embeddable":true,"href":"https:\/\/www.europesays.com\/be-fr\/wp-json\/wp\/v2\/categories?post=234078"},{"taxonomy":"post_tag","embeddable":true,"href":"https:\/\/www.europesays.com\/be-fr\/wp-json\/wp\/v2\/tags?post=234078"}],"curies":[{"name":"wp","href":"https:\/\/api.w.org\/{rel}","templated":true}]}}