{"id":234146,"date":"2026-09-01T09:27:18","date_gmt":"2026-09-01T09:27:18","guid":{"rendered":"https:\/\/www.europesays.com\/be-fr\/234146\/"},"modified":"2026-09-01T09:27:18","modified_gmt":"2026-09-01T09:27:18","slug":"deces-suspect-dans-une-secte-a-hastiere-le-medecin-poursuivi-pour-faux-en-ecriture-acquitte","status":"publish","type":"post","link":"https:\/\/www.europesays.com\/be-fr\/234146\/","title":{"rendered":"D\u00e9c\u00e8s suspect dans une secte \u00e0 Hasti\u00e8re\u00a0: le m\u00e9decin poursuivi pour faux en \u00e9criture acquitt\u00e9"},"content":{"rendered":"<p class=\"ap-StoryElement ap-StoryElement--mb ap-StoryText\">C&rsquo;est que la dame en question, atteinte d&rsquo;une maladie incurable, faisait partie d&rsquo;une secte. Selon des t\u00e9moins, elle serait morte \u00e9touff\u00e9e par deux de ses veilleuses pour abr\u00e9ger ses souffrances quelques jours apr\u00e8s s&rsquo;\u00eatre mari\u00e9e avec un autre adepte de cette secte.<\/p>\n<p class=\"ap-StoryElement ap-StoryElement--mb ap-StoryText\">A l&rsquo;audience devant le tribunal en juin dernier, le m\u00e9decin avait expliqu\u00e9 que la dame avait refus\u00e9 de se faire soigner par chimioth\u00e9rapie et qu&rsquo;une dizaine de jours avant son d\u00e9c\u00e8s il avait d\u00e9livr\u00e9 une ordonnance pour des soins de fin de vie. Le d\u00e9c\u00e8s lui \u00e9tait donc apparu comme \u00ab\u00a0la suite logique\u00a0\u00bb et il ne s&rsquo;\u00e9tait donc pas d\u00e9plac\u00e9, dans la mesure o\u00f9 il s&rsquo;avait qu&rsquo;un m\u00e9decin l\u00e9giste devrait aussi r\u00e9aliser un rapport pour autoriser l&rsquo;incin\u00e9ration.<\/p>\n<p class=\"ap-StoryElement ap-StoryElement--mb ap-StoryText\">Le parquet estimait que la pr\u00e9vention de faux \u00e9tait \u00e9tablie car le docteur avait eu une intention frauduleuse en s&rsquo;\u00e9conomisant un d\u00e9placement. La d\u00e9fense avait plaid\u00e9 que ce gain \u00e9tait fort l\u00e9ger pour \u00eatre consid\u00e9r\u00e9 comme anim\u00e9 de pareille intention. Le tribunal lui donne finalement raison, estimant que les pr\u00e9ventions ne sont pas \u00e9tablies. Il est donc acquitt\u00e9.<\/p>\n<p class=\"ap-StoryElement ap-StoryElement--mb ap-StoryText\">Quant \u00e0 l&rsquo;instruction sur les causes du d\u00e9c\u00e8s, elle est toujours en cours\u2026<\/p>\n","protected":false},"excerpt":{"rendered":"C&rsquo;est que la dame en question, atteinte d&rsquo;une maladie incurable, faisait partie d&rsquo;une secte. Selon des t\u00e9moins, elle&hellip;\n","protected":false},"author":2,"featured_media":234147,"comment_status":"","ping_status":"","sticky":false,"template":"","format":"standard","meta":{"footnotes":"","_share_on_mastodon":"0"},"categories":[81],"tags":[12,13,8018,50192,18,17,3479,3480,3481,3483,84],"class_list":["post-234146","post","type-post","status-publish","format-standard","has-post-thumbnail","category-sports","tag-be","tag-be-fr","tag-belgalive","tag-belgaonthespot-belgaonthespot-belgaonthespot","tag-belgique","tag-belgium","tag-cor408","tag-ericdupain","tag-hand-out","tag-rallye","tag-sports"],"share_on_mastodon":{"url":"https:\/\/pubeurope.com\/@be_fr\/117195075969872566","error":""},"_links":{"self":[{"href":"https:\/\/www.europesays.com\/be-fr\/wp-json\/wp\/v2\/posts\/234146","targetHints":{"allow":["GET"]}}],"collection":[{"href":"https:\/\/www.europesays.com\/be-fr\/wp-json\/wp\/v2\/posts"}],"about":[{"href":"https:\/\/www.europesays.com\/be-fr\/wp-json\/wp\/v2\/types\/post"}],"author":[{"embeddable":true,"href":"https:\/\/www.europesays.com\/be-fr\/wp-json\/wp\/v2\/users\/2"}],"replies":[{"embeddable":true,"href":"https:\/\/www.europesays.com\/be-fr\/wp-json\/wp\/v2\/comments?post=234146"}],"version-history":[{"count":0,"href":"https:\/\/www.europesays.com\/be-fr\/wp-json\/wp\/v2\/posts\/234146\/revisions"}],"wp:featuredmedia":[{"embeddable":true,"href":"https:\/\/www.europesays.com\/be-fr\/wp-json\/wp\/v2\/media\/234147"}],"wp:attachment":[{"href":"https:\/\/www.europesays.com\/be-fr\/wp-json\/wp\/v2\/media?parent=234146"}],"wp:term":[{"taxonomy":"category","embeddable":true,"href":"https:\/\/www.europesays.com\/be-fr\/wp-json\/wp\/v2\/categories?post=234146"},{"taxonomy":"post_tag","embeddable":true,"href":"https:\/\/www.europesays.com\/be-fr\/wp-json\/wp\/v2\/tags?post=234146"}],"curies":[{"name":"wp","href":"https:\/\/api.w.org\/{rel}","templated":true}]}}