{"id":234212,"date":"2026-09-01T10:16:08","date_gmt":"2026-09-01T10:16:08","guid":{"rendered":"https:\/\/www.europesays.com\/be-fr\/234212\/"},"modified":"2026-09-01T10:16:08","modified_gmt":"2026-09-01T10:16:08","slug":"cinema-le-film-beaux-seigneurs-tourne-cet-hiver-a-saint-etienne-sortira-le-3-fevrier","status":"publish","type":"post","link":"https:\/\/www.europesays.com\/be-fr\/234212\/","title":{"rendered":"Cin\u00e9ma. Le film Beaux Seigneurs, tourn\u00e9 cet hiver \u00e0 Saint-\u00c9tienne, sortira le 3\u00a0f\u00e9vrier"},"content":{"rendered":"<p class=\"insetTitle\">Un autre long-m\u00e9trage sera tourn\u00e9 dans la Loire ce mois-ci<\/p>\n<p>Un nouveau projet de tournage lig\u00e9rien est pr\u00e9vu ce mois-ci selon Auvergne-Rh\u00f4ne-Alpes Cin\u00e9ma. \u00c0 partir du 23\u00a0septembre, St\u00e9phane Marchetti (La T\u00eate froide) posera ses cam\u00e9ras dans le d\u00e9partement (on ne sait pas encore pr\u00e9cis\u00e9ment o\u00f9) pour r\u00e9aliser le film Malaterre. Le cin\u00e9aste mettra en sc\u00e8ne \u00ab\u00a0le personnage de Clarisse qui g\u00e8re seule la ferme familiale \u00e0 la suite de l\u2019incarc\u00e9ration de son p\u00e8re pour avoir bless\u00e9 un CRS lors d\u2019une manifestation d\u2019agriculteurs. Lorsque ce dernier sort de prison, il d\u00e9couvre que pour sauver l\u2019exploitation, sa fille a accept\u00e9 que la ferme serve de point de stockage pour des trafiquants de drogue. Et la situation d\u00e9g\u00e9n\u00e8re\u2026\u00a0\u00bb.<\/p>\n<p>Au casting du film qui sera produit par Blue Monday Productions et distribu\u00e9 par UFO Distribution, le public retrouvera Manon Clavel (Kika), Philippe Rebbot (L\u2019Amour flou) et <a href=\"https:\/\/www.leprogres.fr\/p\/sami-bouajila\" target=\"_blank\" rel=\"nofollow noopener\">Sami Bouajila<\/a>. Ce dernier, doublement c\u00e9saris\u00e9 (2008 et 2021), a \u00e9t\u00e9 form\u00e9 \u00e0 l\u2019\u00e9cole de la Com\u00e9die de Saint-\u00c9tienne.<\/p>\n","protected":false},"excerpt":{"rendered":"Un autre long-m\u00e9trage sera tourn\u00e9 dans la Loire ce mois-ci Un nouveau projet de tournage lig\u00e9rien est pr\u00e9vu&hellip;\n","protected":false},"author":2,"featured_media":234213,"comment_status":"","ping_status":"","sticky":false,"template":"","format":"standard","meta":{"footnotes":"","_share_on_mastodon":"0"},"categories":[97],"tags":[12,13,18,17,133,287,96,3768,95,106,2720,105,3766,3767],"class_list":["post-234212","post","type-post","status-publish","format-standard","has-post-thumbnail","category-films","tag-be","tag-be-fr","tag-belgique","tag-belgium","tag-cinema","tag-culture-loisirs","tag-divertissement","tag-edition-loire-sud","tag-entertainment","tag-films","tag-loire","tag-movies","tag-saint-etienne","tag-saint-etienne-ville"],"share_on_mastodon":{"url":"https:\/\/pubeurope.com\/@be_fr\/117195268764486711","error":""},"_links":{"self":[{"href":"https:\/\/www.europesays.com\/be-fr\/wp-json\/wp\/v2\/posts\/234212","targetHints":{"allow":["GET"]}}],"collection":[{"href":"https:\/\/www.europesays.com\/be-fr\/wp-json\/wp\/v2\/posts"}],"about":[{"href":"https:\/\/www.europesays.com\/be-fr\/wp-json\/wp\/v2\/types\/post"}],"author":[{"embeddable":true,"href":"https:\/\/www.europesays.com\/be-fr\/wp-json\/wp\/v2\/users\/2"}],"replies":[{"embeddable":true,"href":"https:\/\/www.europesays.com\/be-fr\/wp-json\/wp\/v2\/comments?post=234212"}],"version-history":[{"count":0,"href":"https:\/\/www.europesays.com\/be-fr\/wp-json\/wp\/v2\/posts\/234212\/revisions"}],"wp:featuredmedia":[{"embeddable":true,"href":"https:\/\/www.europesays.com\/be-fr\/wp-json\/wp\/v2\/media\/234213"}],"wp:attachment":[{"href":"https:\/\/www.europesays.com\/be-fr\/wp-json\/wp\/v2\/media?parent=234212"}],"wp:term":[{"taxonomy":"category","embeddable":true,"href":"https:\/\/www.europesays.com\/be-fr\/wp-json\/wp\/v2\/categories?post=234212"},{"taxonomy":"post_tag","embeddable":true,"href":"https:\/\/www.europesays.com\/be-fr\/wp-json\/wp\/v2\/tags?post=234212"}],"curies":[{"name":"wp","href":"https:\/\/api.w.org\/{rel}","templated":true}]}}