{"id":234276,"date":"2026-09-01T10:59:13","date_gmt":"2026-09-01T10:59:13","guid":{"rendered":"https:\/\/www.europesays.com\/be-fr\/234276\/"},"modified":"2026-09-01T10:59:13","modified_gmt":"2026-09-01T10:59:13","slug":"ray-ban-meta-instagram-laisse-tourner-les-videos-de-femmes-filmees-a-leur-insu-malgre-les-sanctions-promises-frandroid","status":"publish","type":"post","link":"https:\/\/www.europesays.com\/be-fr\/234276\/","title":{"rendered":"Ray-Ban Meta : Instagram laisse tourner les vid\u00e9os de femmes film\u00e9es \u00e0 leur insu malgr\u00e9 les sanctions promises \u2014 Frandroid"},"content":{"rendered":"<p>Meta a jur\u00e9 de bannir les comptes qui filment des femmes \u00e0 leur insu avec ses Ray-Ban connect\u00e9es pour les \u00ab\u00a0draguer\u00a0\u00bb. Un mois et demi plus tard, ces vid\u00e9os tournent toujours librement sur Instagram.<\/p>\n<p><a rel=\"noopener nofollow\" target=\"_blank\" href=\"https:\/\/images.frandroid.com\/wp-content\/uploads\/2022\/05\/se-ipad-m1-rayban-16-scaled.jpg\" class=\"article-content__figure\"><img fetchpriority=\"high\" decoding=\"async\" loading=\"eager\" width=\"1200\" height=\"800\" src=\"https:\/\/www.europesays.com\/be-fr\/wp-content\/uploads\/2026\/09\/se-ipad-m1-rayban-16-scaled.jpg\" alt=\"\" class=\"wp-image-1321763 wp-image wp-image\"  \/><\/a>Ray-Ban Stories \/\/ Source : FRANDROID \u2013 Anthony WONNER<\/p>\n<p>\u00ab\u00a0Nous ne voulons pas que des personnes filment d\u2019autres personnes en cachette, les harc\u00e8lent, puis publient ces vid\u00e9os sur notre plateforme\u00a0\u00bb, d\u00e9clarait fin juillet Adam Mosseri, patron d\u2019Instagram. Meta a alors banni deux comptes de \u00ab\u00a0coachs en s\u00e9duction\u00a0\u00bb, bloqu\u00e9 des hashtags comme \u00ab\u00a0rizz\u00a0\u00bb et <a rel=\"noopener nofollow\" target=\"_blank\" href=\"https:\/\/www.clubic.com\/actualite-622561-instagram-bannit-les-utilisateurs-qui-harcelent-des-inconnus-avec-les-lunettes-meta.html\">supprim\u00e9, selon lui, des milliers de contenus<\/a>. Un mois et demi plus tard, <a rel=\"noopener nofollow\" target=\"_blank\" href=\"https:\/\/www.gizmodo.jp\/article\/instagram-is-still-drowned-in-creepy-smart-glasses-content\/\">ces vid\u00e9os circulent toujours<\/a>. <\/p>\n<p class=\"shortcode-container see-more\">\n    Pour aller plus loin<br \/><a href=\"https:\/\/www.frandroid.com\/marques\/meta\/2503477_test-des-ray-ban-meta-un-couteau-suisse-numerique-sur-le-nez\" rel=\"nofollow noopener\" target=\"_blank\">Test des Ray-Ban Meta : un couteau suisse num\u00e9rique sur le nez<\/a>\n            <\/p>\n<p>Meta a surtout fabriqu\u00e9 son propre probl\u00e8me. Les Ray-Ban Meta ressemblent \u00e0 des lunettes de soleil ordinaires\u00a0: un bouton lance la cam\u00e9ra, une petite LED s\u2019allume. Le groupe en a \u00e9coul\u00e9 plus de sept millions en 2025, trois fois plus que l\u2019ann\u00e9e pr\u00e9c\u00e9dente. Autant de cam\u00e9ras discr\u00e8tes l\u00e2ch\u00e9es dans la rue, sur un mod\u00e8le qu\u2019on a <a href=\"https:\/\/www.frandroid.com\/marques\/meta\/2503477_test-des-ray-ban-meta-un-couteau-suisse-numerique-sur-le-nez\" rel=\"nofollow noopener\" target=\"_blank\">longuement test\u00e9<\/a> et qu\u2019un pompier a m\u00eame <a href=\"https:\/\/www.frandroid.com\/marques\/meta\/3197061_je-vais-me-faire-engueuler-un-pompier-filme-le-mega-feu-de-gironde-et-revele-les-vraies-limites-des-ray-ban-meta\" rel=\"nofollow noopener\" target=\"_blank\">pouss\u00e9 dans ses retranchements face au m\u00e9ga-feu de Gironde<\/a>. Sa mod\u00e9ration patine d\u2019ailleurs sur d\u2019autres fronts\u00a0: en plus, selon <a rel=\"noopener nofollow\" target=\"_blank\" href=\"https:\/\/the-decoder.com\/instagram-admits-users-often-cant-tell-ai-profiles-from-real-people\/\">The Decoder<\/a>, Instagram reconna\u00eet que ses utilisateurs distinguent mal les profils g\u00e9n\u00e9r\u00e9s par IA des vrais.<\/p>\n<p>La LED cens\u00e9e pr\u00e9venir ne pr\u00e9vient personne<\/p>\n<p>La diode est cens\u00e9e signaler l\u2019enregistrement. Elle passe pourtant inaper\u00e7ue, m\u00eame allum\u00e9e, surtout dehors en plein jour. <\/p>\n<p>Meta a bien ajout\u00e9 un garde-fou\u00a0: la cam\u00e9ra se coupe si le voyant semble trafiqu\u00e9. Sauf que des tutoriels circulent pour masquer la diode, et des techniciens la retirent carr\u00e9ment contre paiement. Le groupe a d\u00e9j\u00e0 d\u00fb <a href=\"https:\/\/www.frandroid.com\/marques\/meta\/3224545_lunettes-de-pervers-meta-corrige-une-faille-inquietante-sur-ses-lunettes-connectees-ray-ban\" rel=\"nofollow noopener\" target=\"_blank\">corriger une faille inqui\u00e9tante<\/a> sur ces lunettes. Le ph\u00e9nom\u00e8ne d\u00e9borde de la simple drague. <a rel=\"noopener nofollow\" target=\"_blank\" href=\"https:\/\/www.theverge.com\/gadgets\/926315\/smart-glassholes-add-extortion-to-their-harassment-playbook\">The Verge<\/a> documente que ces utilisateurs ont ajout\u00e9 l\u2019extorsion \u00e0 leur r\u00e9pertoire. Au Royaume-Uni, <a rel=\"noopener nofollow\" target=\"_blank\" href=\"https:\/\/www.bbc.com\/news\/articles\/c9wxx97jlveo\">la BBC a r\u00e9v\u00e9l\u00e9<\/a> des hommes qui filment des femmes de nuit, diffusent leurs donn\u00e9es et les laissent se faire harceler. <\/p>\n<p>Filmer un inconnu dans la rue, est-ce m\u00eame interdit\u00a0?<\/p>\n<p>Alors, pas si clairement. L\u2019article 226-1 du Code p\u00e9nal fran\u00e7ais vise la captation d\u2019image dans un lieu priv\u00e9, et la rue passe entre les mailles. Mais au titre du droit \u00e0 l\u2019image et du RGPD, filmer une personne isol\u00e9e sans son accord reste tr\u00e8s contestable, quel que soit le lieu\u00a0: l\u2019image et la voix sont des donn\u00e9es personnelles. Encore faut-il porter plainte, et savoir qui accuser.<\/p>\n<p>Une exp\u00e9rience est souvent cit\u00e9e, en octobre 2024, deux \u00e9tudiants de Harvard avaient trafiqu\u00e9 des Ray-Ban Meta pour identifier des passants par reconnaissance faciale, comme l\u2019a racont\u00e9 <a rel=\"noopener nofollow\" target=\"_blank\" href=\"https:\/\/www.nytimes.com\/2024\/10\/24\/technology\/facial-recognition-glasses-privacy-harvard.html\">le New York Times<\/a>, repris par <a rel=\"noopener nofollow\" target=\"_blank\" href=\"https:\/\/www.numerama.com\/cyberguerre\/1819388-deux-etudiants-de-harvard-hackent-les-lunettes-de-meta-pour-reconnaitre-les-personnes-dans-la-rue.html\">Numerama<\/a>. Depuis, l\u2019\u00c9tat de New York a encadr\u00e9 l\u2019usage de ces lunettes et une p\u00e9tition <a href=\"https:\/\/www.frandroid.com\/culture-tech\/3224907_stop-smart-glasses-la-campagne-citoyenne-qui-veut-faire-interdire-les-lunettes-de-meta-qui-filment-tout-et-partout\" rel=\"nofollow noopener\" target=\"_blank\">\u00ab\u00a0Stop Smart Glasses\u00a0\u00bb<\/a> r\u00e9clame leur interdiction pure et simple.<\/p>\n<p>Vous l\u2019aurez compris, le vrai sujet d\u00e9passe Meta. Plus une cam\u00e9ra devient petite et naturelle \u00e0 porter, plus elle se fait discr\u00e8te, et donc intrusive. Les prochaines lunettes de Meta, baptis\u00e9es <a href=\"https:\/\/www.frandroid.com\/marques\/meta\/2349776_orion-que-valent-vraiment-les-lunettes-de-realite-augmentee-presentee-par-meta\" rel=\"nofollow noopener\" target=\"_blank\">Orion<\/a>, et celles qu\u2019Apple pr\u00e9pare suivront la m\u00eame pente. Sans cadre europ\u00e9en clair, une femme film\u00e9e dans la rue doit aujourd\u2019hui signaler elle-m\u00eame la vid\u00e9o et saisir le r\u00e9gulateur pour esp\u00e9rer la faire dispara\u00eetre.<\/p>\n","protected":false},"excerpt":{"rendered":"Meta a jur\u00e9 de bannir les comptes qui filment des femmes \u00e0 leur insu avec ses Ray-Ban connect\u00e9es&hellip;\n","protected":false},"author":2,"featured_media":234277,"comment_status":"","ping_status":"","sticky":false,"template":"","format":"standard","meta":{"footnotes":"","_share_on_mastodon":"0"},"categories":[70],"tags":[72309,12,13,18,17,773,72310,73,71,75,72,76,74],"class_list":["post-234276","post","type-post","status-publish","format-standard","has-post-thumbnail","category-sciences-et-technologies","tag-adam-mosseri","tag-be","tag-be-fr","tag-belgique","tag-belgium","tag-instagram","tag-ray-ban-meta","tag-science","tag-science-and-technology","tag-sciences","tag-sciences-et-technologies","tag-technologies","tag-technology"],"share_on_mastodon":{"url":"https:\/\/pubeurope.com\/@be_fr\/117195438124088670","error":""},"_links":{"self":[{"href":"https:\/\/www.europesays.com\/be-fr\/wp-json\/wp\/v2\/posts\/234276","targetHints":{"allow":["GET"]}}],"collection":[{"href":"https:\/\/www.europesays.com\/be-fr\/wp-json\/wp\/v2\/posts"}],"about":[{"href":"https:\/\/www.europesays.com\/be-fr\/wp-json\/wp\/v2\/types\/post"}],"author":[{"embeddable":true,"href":"https:\/\/www.europesays.com\/be-fr\/wp-json\/wp\/v2\/users\/2"}],"replies":[{"embeddable":true,"href":"https:\/\/www.europesays.com\/be-fr\/wp-json\/wp\/v2\/comments?post=234276"}],"version-history":[{"count":0,"href":"https:\/\/www.europesays.com\/be-fr\/wp-json\/wp\/v2\/posts\/234276\/revisions"}],"wp:featuredmedia":[{"embeddable":true,"href":"https:\/\/www.europesays.com\/be-fr\/wp-json\/wp\/v2\/media\/234277"}],"wp:attachment":[{"href":"https:\/\/www.europesays.com\/be-fr\/wp-json\/wp\/v2\/media?parent=234276"}],"wp:term":[{"taxonomy":"category","embeddable":true,"href":"https:\/\/www.europesays.com\/be-fr\/wp-json\/wp\/v2\/categories?post=234276"},{"taxonomy":"post_tag","embeddable":true,"href":"https:\/\/www.europesays.com\/be-fr\/wp-json\/wp\/v2\/tags?post=234276"}],"curies":[{"name":"wp","href":"https:\/\/api.w.org\/{rel}","templated":true}]}}