{"id":234326,"date":"2026-09-01T11:33:12","date_gmt":"2026-09-01T11:33:12","guid":{"rendered":"https:\/\/www.europesays.com\/be-fr\/234326\/"},"modified":"2026-09-01T11:33:12","modified_gmt":"2026-09-01T11:33:12","slug":"helene-segara-pudique-je-mexprime-tres-peu-dans-le-miserabilisme","status":"publish","type":"post","link":"https:\/\/www.europesays.com\/be-fr\/234326\/","title":{"rendered":"H\u00e9l\u00e8ne S\u00e9gara, pudique\u00a0: \u00ab\u00a0je m&rsquo;exprime tr\u00e8s peu dans le mis\u00e9rabilisme\u00a0\u00bb"},"content":{"rendered":"<p>R\u00e9silience. Atteinte d&rsquo;une maladie oculaire auto-immune, <a href=\"https:\/\/www.journaldesfemmes.fr\/people\/personnalites\/2857015-helene-segara-vie-privee-compagnon-maladie-sante-biographie\/\" title=\"H\u00e9l\u00e8ne Rizzo\" rel=\"nofollow noopener\" target=\"_blank\">H\u00e9l\u00e8ne S\u00e9gara<\/a> n&rsquo;aime pas du tout se plaindre. \u00ab\u00a0Je m&rsquo;exprime tr\u00e8s peu dans le mis\u00e9rabilisme (&#8230;)\u00a0J&rsquo;essaie toujours de voir le c\u00f4t\u00e9 positif de ce qui arrive (&#8230;)\u00a0Je n&rsquo;ai pas du tout envie qu&rsquo;on me r\u00e9duise \u00e0 \u00e7a ou \u00e0 une victime, j&rsquo;ai envie qu&rsquo;on \u00e9coute mes chansons, qu&rsquo;on \u00e9coute ce que je fais et pas qu&rsquo;on me demande quelle malade je suis, si j&rsquo;ai eu beaucoup de piq\u00fbres dans les bras, beaucoup d&rsquo;op\u00e9rations\u2026\u00a0\u00bb, a confi\u00e9 la chanteuse de 55 ans dans\u00a0T\u00e9l\u00e9matin, la suite.<\/p>\n","protected":false},"excerpt":{"rendered":"R\u00e9silience. Atteinte d&rsquo;une maladie oculaire auto-immune, H\u00e9l\u00e8ne S\u00e9gara n&rsquo;aime pas du tout se plaindre. \u00ab\u00a0Je m&rsquo;exprime tr\u00e8s peu&hellip;\n","protected":false},"author":2,"featured_media":234327,"comment_status":"","ping_status":"","sticky":false,"template":"","format":"standard","meta":{"footnotes":"","_share_on_mastodon":"0"},"categories":[98],"tags":[12,13,18,17,72320,435,96,95,437,67987,440,438,107,108],"class_list":["post-234326","post","type-post","status-publish","format-standard","has-post-thumbnail","category-musique","tag-be","tag-be-fr","tag-belgique","tag-belgium","tag-cms-journaldesfemmes-3276659","tag-controller-content","tag-divertissement","tag-entertainment","tag-format-reportage","tag-helene-segara","tag-les-histoires-du-jdf","tag-magazine","tag-music","tag-musique"],"share_on_mastodon":{"url":"https:\/\/pubeurope.com\/@be_fr\/117195572018656637","error":""},"_links":{"self":[{"href":"https:\/\/www.europesays.com\/be-fr\/wp-json\/wp\/v2\/posts\/234326","targetHints":{"allow":["GET"]}}],"collection":[{"href":"https:\/\/www.europesays.com\/be-fr\/wp-json\/wp\/v2\/posts"}],"about":[{"href":"https:\/\/www.europesays.com\/be-fr\/wp-json\/wp\/v2\/types\/post"}],"author":[{"embeddable":true,"href":"https:\/\/www.europesays.com\/be-fr\/wp-json\/wp\/v2\/users\/2"}],"replies":[{"embeddable":true,"href":"https:\/\/www.europesays.com\/be-fr\/wp-json\/wp\/v2\/comments?post=234326"}],"version-history":[{"count":0,"href":"https:\/\/www.europesays.com\/be-fr\/wp-json\/wp\/v2\/posts\/234326\/revisions"}],"wp:featuredmedia":[{"embeddable":true,"href":"https:\/\/www.europesays.com\/be-fr\/wp-json\/wp\/v2\/media\/234327"}],"wp:attachment":[{"href":"https:\/\/www.europesays.com\/be-fr\/wp-json\/wp\/v2\/media?parent=234326"}],"wp:term":[{"taxonomy":"category","embeddable":true,"href":"https:\/\/www.europesays.com\/be-fr\/wp-json\/wp\/v2\/categories?post=234326"},{"taxonomy":"post_tag","embeddable":true,"href":"https:\/\/www.europesays.com\/be-fr\/wp-json\/wp\/v2\/tags?post=234326"}],"curies":[{"name":"wp","href":"https:\/\/api.w.org\/{rel}","templated":true}]}}