{"id":234340,"date":"2026-09-01T11:46:07","date_gmt":"2026-09-01T11:46:07","guid":{"rendered":"https:\/\/www.europesays.com\/be-fr\/234340\/"},"modified":"2026-09-01T11:46:07","modified_gmt":"2026-09-01T11:46:07","slug":"il-etait-une-fois-nos-festivals-julie-zenatti-le-public-des-hautes-alpes-vous-tend-la-main-le-dauphine-libere","status":"publish","type":"post","link":"https:\/\/www.europesays.com\/be-fr\/234340\/","title":{"rendered":"Il \u00e9tait une fois nos festivals. Julie Zenatti : \u00ab Le public des Hautes-Alpes vous tend la main \u00bb &#8211; Le Dauphin\u00e9 Lib\u00e9r\u00e9"},"content":{"rendered":"<p><a href=\"https:\/\/news.google.com\/rss\/articles\/CBMisgFBVV95cUxPLXZqZnBXekY1SFIxWEdEa1h0V1EycU5VUDJmTDhNZmhINVZSTEl2NWJfRzY2aHFDSlZsVXVPTVM2Y2M4S1dLd3pSeS0xWW1BU19Dem8xcVRheUJjelFFYmd3V01zc00xNXhkZl9CZ3pxRGFtUDhPYy1HSXBKckdCV213VFFTQnl6Rm40eU41MmhkeEtrLWFqdnA1WDVOMFJBVDhSYXNtazVpaDVfZ0ZEUGtR?oc=5\" target=\"_blank\" rel=\"nofollow noopener\">Il \u00e9tait une fois nos festivals. Julie Zenatti : \u00ab Le public des Hautes-Alpes vous tend la main \u00bb<\/a>&nbsp;&nbsp;Le Dauphin\u00e9 Lib\u00e9r\u00e9<a href=\"https:\/\/news.google.com\/rss\/articles\/CBMi5wFBVV95cUxPaG9BdlMwZG54cFRiNkpDODRwaklQLVNsTWw3c0hhQ2RwTDlRZ3dwNkFCZmdId3FWcC1OcnctcjFPdU9vanowcnV3OWZvUU9HNFkyV2Y3T3A0QWlvYXJlekFneV9pTnlrLVlNMG90S3BudklvZC1wT0NuRndyQ0JNM3RrcnpEX2ZlSFpBdEZpV3htTlZfeW1oUkRCZ05uMGdVTnVqRVJRdkpfT0ZsM1Flb3NDNmlfVXdSVlZMcGJwTV9pdE5FZHVIaE82MVdsQjYyXy1leVVxek1ieFdIa0FYVnRCTHFPOU0?oc=5\" target=\"_blank\" rel=\"nofollow noopener\">Julie Zenatti en concert \u00e0 La Fert\u00e9-Bernard le 4 d\u00e9cembre 2026<\/a>&nbsp;&nbsp;Ouest-France<a href=\"https:\/\/news.google.com\/rss\/articles\/CBMi8AFBVV95cUxPbkNjOVhKY005aEZnN3YtM3hHX2s0SmY3LWhOLWczeW1vRmVNeEFGak5zYVhkNGJJTTJZTDIyMWtxWjFqbE12c3lic3QzbnV2bDJLRzVIZnpGdndEakNIMDJHdjN3QTFUVkIwV1d4aUNlaGNmWUZuQ04tNW9HTmhoNktTLVBmdlZRWlFHQ3JkQW80aDZDRGVwVzlERlhYMWpONDdncWpoRzFIX1ZKSmZocDBmRDNUdGpoOHBtbUVGRnNpSDdvMS1BbkhZU2NSU2IwZ3hiWUR3b21WU1BVWDJuZXVuZXNtSjd2OUN0ZURveGQ?oc=5\" target=\"_blank\" rel=\"nofollow noopener\">\u00ab\u00a0\u00c7a change la perception de mon m\u00e9tier\u00a0\u00bb : dans T\u00e9l\u00e9matin, Julie Zenatti explique sa d\u00e9cision de faire une tourn\u00e9e des \u00e9glises<\/a>&nbsp;&nbsp;Diverto<a href=\"https:\/\/news.google.com\/rss\/articles\/CBMidEFVX3lxTE93Q1I2MnZhbVZ6aVJYYjAxZkJlcE1lWHg1R1lPNnR1SmZpMWlqVHpuOW1JR1FYMDhJTjl6QWY2R2JKQXVNX3dVcjZCQkpKZFVxUmxPc3lfYTMxU2hlS0tlWFI0SnlDS1FNNmpsWlVuZlFfUk5p?oc=5\" target=\"_blank\" rel=\"nofollow noopener\">Julie Zenatti en concert \u00e0 La Fert\u00e9-Bernard<\/a>&nbsp;&nbsp;SWEET FM<\/p>\n","protected":false},"excerpt":{"rendered":"Il \u00e9tait une fois nos festivals. Julie Zenatti : \u00ab Le public des Hautes-Alpes vous tend la main&hellip;\n","protected":false},"author":2,"featured_media":234341,"comment_status":"","ping_status":"","sticky":false,"template":"","format":"standard","meta":{"footnotes":"","_share_on_mastodon":"0"},"categories":[98],"tags":[12,13,18,17,19710,287,96,13626,66028,66029,95,288,359,13628,107,108,72331,738,286,61374,4195],"class_list":["post-234340","post","type-post","status-publish","format-standard","has-post-thumbnail","category-musique","tag-be","tag-be-fr","tag-belgique","tag-belgium","tag-briancon","tag-culture-loisirs","tag-divertissement","tag-edition-hautes-alpes-alpes-de-haute-provence","tag-embrun","tag-embrun-bassin","tag-entertainment","tag-fil-info","tag-france-monde","tag-hautes-alpes","tag-music","tag-musique","tag-pra-loup","tag-selection-abonne","tag-selection-de-la-redaction","tag-selection-de-la-redaction-alpes-du-sud","tag-spectacle"],"share_on_mastodon":{"url":"https:\/\/pubeurope.com\/@be_fr\/117195622615097538","error":""},"_links":{"self":[{"href":"https:\/\/www.europesays.com\/be-fr\/wp-json\/wp\/v2\/posts\/234340","targetHints":{"allow":["GET"]}}],"collection":[{"href":"https:\/\/www.europesays.com\/be-fr\/wp-json\/wp\/v2\/posts"}],"about":[{"href":"https:\/\/www.europesays.com\/be-fr\/wp-json\/wp\/v2\/types\/post"}],"author":[{"embeddable":true,"href":"https:\/\/www.europesays.com\/be-fr\/wp-json\/wp\/v2\/users\/2"}],"replies":[{"embeddable":true,"href":"https:\/\/www.europesays.com\/be-fr\/wp-json\/wp\/v2\/comments?post=234340"}],"version-history":[{"count":0,"href":"https:\/\/www.europesays.com\/be-fr\/wp-json\/wp\/v2\/posts\/234340\/revisions"}],"wp:featuredmedia":[{"embeddable":true,"href":"https:\/\/www.europesays.com\/be-fr\/wp-json\/wp\/v2\/media\/234341"}],"wp:attachment":[{"href":"https:\/\/www.europesays.com\/be-fr\/wp-json\/wp\/v2\/media?parent=234340"}],"wp:term":[{"taxonomy":"category","embeddable":true,"href":"https:\/\/www.europesays.com\/be-fr\/wp-json\/wp\/v2\/categories?post=234340"},{"taxonomy":"post_tag","embeddable":true,"href":"https:\/\/www.europesays.com\/be-fr\/wp-json\/wp\/v2\/tags?post=234340"}],"curies":[{"name":"wp","href":"https:\/\/api.w.org\/{rel}","templated":true}]}}