{"id":234412,"date":"2026-09-01T12:41:20","date_gmt":"2026-09-01T12:41:20","guid":{"rendered":"https:\/\/www.europesays.com\/be-fr\/234412\/"},"modified":"2026-09-01T12:41:20","modified_gmt":"2026-09-01T12:41:20","slug":"quest-ce-que-le-syndrome-de-la-queue-de-cheval-dont-souffre-mimie-mathy-2","status":"publish","type":"post","link":"https:\/\/www.europesays.com\/be-fr\/234412\/","title":{"rendered":"Qu&rsquo;est-ce que le syndrome de la queue-de-cheval dont souffre Mimie Mathy\u00a0?"},"content":{"rendered":"<p class=\"ap-StoryElement ap-StoryElement--mb ap-StoryText\">Dans le cadre d&rsquo;un \u00e9pisode de l&rsquo;\u00e9mission \u00ab\u00a0Sept \u00e0 Huit\u00a0\u00bb diffus\u00e9 ce 30 ao\u00fbt, Mimie Mathy a accueilli Audrey Crespo-Mara chez elle, en Provence. Pour la premi\u00e8re fois, l&rsquo;actrice s&rsquo;est laiss\u00e9e filmer en fauteuil roulant, et a expliqu\u00e9 que sa sant\u00e9 s&rsquo;\u00e9tait d\u00e9grad\u00e9e au cours de l&rsquo;ann\u00e9e \u00e9coul\u00e9e. Et depuis six mois, Mimie Mathy ne peut plus marcher du tout.<\/p>\n<p class=\"ap-StoryElement ap-StoryElement--mb ap-StoryText\">\u00ab\u00a0C&rsquo;est li\u00e9 \u00e0 ma configuration un petit peu originale\u00a0\u00bb, a-t-elle confi\u00e9 face cam\u00e9ra, avec le sens de l&rsquo;humour qu&rsquo;on lui conna\u00eet. \u00ab\u00a0J&rsquo;ai ce qui s&rsquo;appelle &lsquo;le syndrome de la queue-de-cheval'\u00a0\u00bb, a ajout\u00e9 l&rsquo;actrice de 69 ans, qui a \u00e9t\u00e9 op\u00e9r\u00e9e \u00e0 quatre reprises \u00e0 cause de cette maladie rare. Mais d\u00e9sormais, il n&rsquo;y a plus d&rsquo;op\u00e9ration possible pour en stopper les effets.<\/p>\n<p><a href=\"https:\/\/www.lalibre.be\/lifestyle\/people\/2026\/06\/25\/les-confidences-de-mimie-mathy-sur-ses-problemes-de-sante-H3QMVV7FGVDLZESH6ES5RGO7HQ\/\" target=\"_self\" class=\"ap-StoryInterstitialLink ap-StoryElement ap-StoryElement--mb\" rel=\"nofollow noopener\">Les confidences de Mimie Mathy sur ses probl\u00e8mes de sant\u00e9<\/a>C&rsquo;est quoi le syndrome de la queue-de-cheval ?<\/p>\n<p class=\"ap-StoryElement ap-StoryElement--mb ap-StoryText\">Ce syndrome de la queue-de-cheval est plus fr\u00e9quent chez les personnes qui souffrent d&rsquo;achondroplasie, maladie rare qui affecte la croissance des os et qui est donc \u00e0 l&rsquo;origine de la petite taille de Mimie Mathy. Cette achondroplasie provoque notamment un r\u00e9tr\u00e9cissement chronique du canal rachidien, appel\u00e9e st\u00e9nose lombaire. Et cette derni\u00e8re affection peut \u00eatre responsable du syndrome de la queue-de-cheval, qui survient en fait quand les racines nerveuses qui se situent \u00e0 la fin du canal rachidien sont comprim\u00e9es. Ce faisceau de terminaisons nerveuses situ\u00e9 dans le bas du dos s&rsquo;appelle la queue-de-cheval, d&rsquo;o\u00f9 le nom du syndrome, explique le portail belge Passion Sant\u00e9.<\/p>\n<p class=\"ap-StoryElement ap-StoryElement--mb ap-StoryText\">Lorsque cette maladie rare et grave appara\u00eet, elle peut notamment provoquer chez le patient une douleur intense dans le bas du dos, une perte de sensation au niveau des parties g\u00e9nitales et des troubles moteurs. Si le syndrome n&rsquo;est pas trait\u00e9, certains sympt\u00f4mes peuvent devenir irr\u00e9versibles et mener \u00e0 une paralysie partielle ou compl\u00e8te des jambes, par exemple.<\/p>\n<p><a href=\"https:\/\/www.lalibre.be\/culture\/medias-tele\/2022\/12\/27\/mimie-mathy-devoile-son-salaire-lors-du-tournage-de-josephine-ange-gardien-voici-combien-lactrice-touche-par-episode-ICLKM4VM6BENFHIPRIASYE7EDI\/\" target=\"_self\" class=\"ap-StoryInterstitialLink ap-StoryElement ap-StoryElement--mb\" rel=\"nofollow noopener\">Mimie Mathy d\u00e9voile son salaire lors du tournage de \u00ab\u00a0Jos\u00e9phine, Ange gardien\u00a0\u00bb: voici combien l&rsquo;actrice touche par \u00e9pisode<\/a><\/p>\n<p class=\"ap-StoryElement ap-StoryElement--mb ap-StoryText\">C&rsquo;est ce qui arrive \u00e0 Mimie Mathy. Elle a subi plusieurs op\u00e9rations destin\u00e9es \u00e0 \u00e9largir son canal rachidien, mais il n&rsquo;est maintenant plus possible de recommencer. \u00ab\u00a0Donc je me suis \u00e9quip\u00e9e !\u00a0\u00bb, a conclu avec un petit sourire l&rsquo;actrice fran\u00e7aise dans \u00ab\u00a0Sept \u00e0 Huit\u00a0\u00bb, montrant la chaise roulante gr\u00e2ce \u00e0 laquelle elle effectue d\u00e9sormais ses d\u00e9placements.<\/p>\n","protected":false},"excerpt":{"rendered":"Dans le cadre d&rsquo;un \u00e9pisode de l&rsquo;\u00e9mission \u00ab\u00a0Sept \u00e0 Huit\u00a0\u00bb diffus\u00e9 ce 30 ao\u00fbt, Mimie Mathy a accueilli&hellip;\n","protected":false},"author":2,"featured_media":234413,"comment_status":"","ping_status":"","sticky":false,"template":"","format":"standard","meta":{"footnotes":"","_share_on_mastodon":"0"},"categories":[83],"tags":[12,13,18,17,96,95,17688,1426,38738,103],"class_list":["post-234412","post","type-post","status-publish","format-standard","has-post-thumbnail","category-divertissement","tag-be","tag-be-fr","tag-belgique","tag-belgium","tag-divertissement","tag-entertainment","tag-film-festival","tag-headshot","tag-headshot-close-up","tag-horizontal"],"share_on_mastodon":{"url":"https:\/\/pubeurope.com\/@be_fr\/117195839018813037","error":""},"_links":{"self":[{"href":"https:\/\/www.europesays.com\/be-fr\/wp-json\/wp\/v2\/posts\/234412","targetHints":{"allow":["GET"]}}],"collection":[{"href":"https:\/\/www.europesays.com\/be-fr\/wp-json\/wp\/v2\/posts"}],"about":[{"href":"https:\/\/www.europesays.com\/be-fr\/wp-json\/wp\/v2\/types\/post"}],"author":[{"embeddable":true,"href":"https:\/\/www.europesays.com\/be-fr\/wp-json\/wp\/v2\/users\/2"}],"replies":[{"embeddable":true,"href":"https:\/\/www.europesays.com\/be-fr\/wp-json\/wp\/v2\/comments?post=234412"}],"version-history":[{"count":0,"href":"https:\/\/www.europesays.com\/be-fr\/wp-json\/wp\/v2\/posts\/234412\/revisions"}],"wp:featuredmedia":[{"embeddable":true,"href":"https:\/\/www.europesays.com\/be-fr\/wp-json\/wp\/v2\/media\/234413"}],"wp:attachment":[{"href":"https:\/\/www.europesays.com\/be-fr\/wp-json\/wp\/v2\/media?parent=234412"}],"wp:term":[{"taxonomy":"category","embeddable":true,"href":"https:\/\/www.europesays.com\/be-fr\/wp-json\/wp\/v2\/categories?post=234412"},{"taxonomy":"post_tag","embeddable":true,"href":"https:\/\/www.europesays.com\/be-fr\/wp-json\/wp\/v2\/tags?post=234412"}],"curies":[{"name":"wp","href":"https:\/\/api.w.org\/{rel}","templated":true}]}}