{"id":234538,"date":"2026-09-01T14:17:14","date_gmt":"2026-09-01T14:17:14","guid":{"rendered":"https:\/\/www.europesays.com\/be-fr\/234538\/"},"modified":"2026-09-01T14:17:14","modified_gmt":"2026-09-01T14:17:14","slug":"ils-vont-me-pendre-vladimir-poutine-craindrait-pour-sa-vie-en-cas-de-defaite-militaire-et-pourrait-decider-dune-nouvelle-surenchere","status":"publish","type":"post","link":"https:\/\/www.europesays.com\/be-fr\/234538\/","title":{"rendered":"\u00ab\u00a0Ils vont me pendre\u00a0\u00bb: Vladimir Poutine craindrait pour sa vie en cas de d\u00e9faite militaire&#8230; et pourrait d\u00e9cider d&rsquo;une nouvelle surench\u00e8re"},"content":{"rendered":"<p><a href=\"https:\/\/www.lalibre.be\/international\/2026\/08\/31\/kiev-capitale-assiegee-la-nouvelle-guerre-dusure-des-drones-russes-ils-nont-meme-pas-besoin-de-frapper-DHNHUBHNPRAA7IB2PR7YTO75TY\/\" target=\"_self\" class=\"ap-StoryInterstitialLink ap-StoryElement ap-StoryElement--mb js-paywall-target\" rel=\"nofollow noopener\">\u00ab\u00a0Ils n&rsquo;ont m\u00eame pas besoin de frapper\u00a0\u00bb : la nouvelle r\u00e9alit\u00e9 de Kiev, assi\u00e9g\u00e9e par les drones russes<\/a>Une rencontre contreproductive ?<\/p>\n<p class=\"ap-StoryElement ap-StoryElement--mb ap-StoryText\">La semaine derni\u00e8re, le directeur de la CIA, John Ratcliffe, aurait rendu visite au pr\u00e9sident russe mais cette rencontre n&rsquo;aurait pas port\u00e9 ses fruits.<\/p>\n<p class=\"ap-StoryElement ap-StoryElement--mb ap-StoryText\">L&rsquo;objectif \u00e9tait de dissuader <a href=\"https:\/\/www.lalibre.be\/international\/europe\/guerre-ukraine-russie\/2026\/08\/25\/vladimir-poutine-soctroie-le-droit-de-saisir-toute-entreprise-jugee-strategique-pour-la-guerre-QVAPUQ5TIJCUFNSJGM4KZ262EY\/\" target=\"_self\" rel=\"nofollow noopener\">Poutine <\/a>de mener une attaque contre un pays de l&rsquo;OTAN dans les prochaines ann\u00e9es. Une hypoth\u00e8se qui a \u00e9t\u00e9 r\u00e9cemment \u00e9voqu\u00e9e par le Wall Street Journal.<\/p>\n<p class=\"ap-StoryElement ap-StoryElement--mb ap-StoryText\">The Economist fait un lien avec la visite en 2021 de Bill Burns, directeur de la CIA sous Biden. Il s&rsquo;\u00e9tait alors rendu \u00e0 Moscou pour convaincre Poutine de ne pas attaquer l&rsquo;Ukraine. R\u00e9sultat : trois mois plus tard, la Russie envahissait son voisin.<\/p>\n<p class=\"ap-StoryElement ap-StoryElement--mb ap-StoryText\">Le m\u00e9dia ajoute que Poutine verrait ce genre de visite comme un signe de faiblesse de l&rsquo;Occident ce qui pourrait le pousser \u00e0 passer \u00e0 l&rsquo;acte. Une tentative de n\u00e9gociation qui aurait donc eu les r\u00e9sultats inverses qu&rsquo;esp\u00e9r\u00e9s.<\/p>\n<p><a href=\"https:\/\/www.lalibre.be\/international\/europe\/guerre-ukraine-russie\/2026\/08\/31\/elections-en-ukraine-en-pleine-guerre-crise-politique-ou-renouveau-democratique-on-est-sur-la-corde-raide-FF2EFO6G3NCYXKWDC2FYBOZ65I\/\" target=\"_self\" class=\"ap-StoryInterstitialLink ap-StoryElement ap-StoryElement--mb\" rel=\"nofollow noopener\">\u00c9lections en Ukraine en pleine guerre, crise politique ou renouveau d\u00e9mocratique ? \u00ab\u00a0On est sur la corde raide\u00a0\u00bb<\/a>La peur de Poutine<\/p>\n<p class=\"ap-StoryElement ap-StoryElement--mb ap-StoryText\">Selon plusieurs sources au sein de l&rsquo;administration russe, Poutine serait terrifi\u00e9 pour ses jours ce qui pourrait le pousser \u00e0 surench\u00e9rir.<\/p>\n<p class=\"ap-StoryElement ap-StoryElement--mb ap-StoryText\">Le peuple russe commence \u00e0 saturer des conditions de vie depuis le d\u00e9but de la guerre. Ce qui devait \u00eatre une \u00ab\u00a0op\u00e9ration sp\u00e9ciale\u00a0\u00bb dure depuis plus de quatre ans.<\/p>\n<p class=\"ap-StoryElement ap-StoryElement--mb ap-StoryText\">Les Russes voient les drones ukrainiens faire fondre son \u00e9conomie. Le carburant est en p\u00e9nurie et ce, m\u00eame \u00e0 Moscou. En plus de cela, les rumeurs d&rsquo;une potentielle nouvelle mobilisation apr\u00e8s les \u00e9lections l\u00e9gislatives de septembre poussent de nombreux hommes \u00e0 fuir vers la G\u00e9orgie.<\/p>\n<p class=\"ap-StoryElement ap-StoryElement--mb ap-StoryText\">Le pouvoir russe est en train de perdre la confiance de sa population. Selon le Centre Levada, un institut de sondage ind\u00e9pendant, 57 % des Russes qualifient la situation de \u00ab\u00a0tendues\u00a0\u00bb.<\/p>\n<p class=\"ap-StoryElement ap-StoryElement--mb ap-StoryText\">Les interrog\u00e9s citent la guerre, le nombre de morts, les attaques de drones, la mobilisation et le peu de perspectives d&rsquo;avenir pour expliquer ces chiffres.<\/p>\n<p class=\"ap-StoryElement ap-StoryElement--mb ap-StoryText\">La propagande t\u00e9l\u00e9vis\u00e9e n&rsquo;arrive plus \u00e0 maintenir la confiance du public. Et de nombreux jeunes publient des appels \u00e0 la fin de la guerre sur les r\u00e9seaux sociaux.<\/p>\n<p class=\"ap-StoryElement ap-StoryElement--mb ap-StoryText\">\u00ab\u00a0Ils vont me pendre\u00a0\u00bb aurait confi\u00e9 Poutine \u00e0 des proches dans le cas o\u00f9 la fin de la guerre n&rsquo;est pas favorable \u00e0 la Russie. On ne sait par contre pas quand il aurait prononc\u00e9 ces mots.<\/p>\n<p><a href=\"https:\/\/www.lalibre.be\/international\/europe\/guerre-ukraine-russie\/2026\/08\/26\/vladimir-poutine-de-plus-en-plus-menacant-la-russie-envisage-une-nouvelle-escalade-KQQ2NSTQNVBWPJL2QGSGP6PUHY\/\" target=\"_self\" class=\"ap-StoryInterstitialLink ap-StoryElement ap-StoryElement--mb\" rel=\"nofollow noopener\">Vladimir Poutine de plus en plus mena\u00e7ant ? \u00ab\u00a0La Russie envisage une nouvelle escalade\u00a0\u00bb<\/a>D\u00e9faite interdite<\/p>\n<p class=\"ap-StoryElement ap-StoryElement--mb ap-StoryText\">Le Pr\u00e9sident se serait fix\u00e9 comme objectif minimum la conqu\u00eate de toute la r\u00e9gion du Donbass. Des intentions fortement revues \u00e0 la baisse compar\u00e9e \u00e0 celles de 2022 o\u00f9 le but \u00e9tait l&rsquo;appropriation de tout le territoire ukrainien.<\/p>\n<p class=\"ap-StoryElement ap-StoryElement--mb ap-StoryText\">Poutine est n\u00e9anmoins pr\u00eat \u00e0 tout pour atteindre ses nouveaux objectifs. Il estime qu&rsquo;un \u00e9chec serait synonyme de mise \u00e0 mort pour son r\u00e9gime mais surtout pour sa t\u00eate.<\/p>\n<p class=\"ap-StoryElement ap-StoryElement--mb ap-StoryText\">Le dirigeant russe ne voit qu&rsquo;une alternative pour sauver sa peau : \u00eatre encore plus dangereux. \u00ab\u00a0Les sc\u00e9narios fond\u00e9s sur l&rsquo;inertie sont d\u00e9savantageux pour le Kremlin\u00a0\u00bb a affirm\u00e9 un membre de l&rsquo;\u00e9lite dirigeante russe \u00e0 The Economist.<\/p>\n<p><a href=\"https:\/\/www.lalibre.be\/international\/europe\/guerre-ukraine-russie\/2026\/08\/25\/vladimir-poutine-soctroie-le-droit-de-saisir-toute-entreprise-jugee-strategique-pour-la-guerre-QVAPUQ5TIJCUFNSJGM4KZ262EY\/\" target=\"_self\" class=\"ap-StoryInterstitialLink ap-StoryElement ap-StoryElement--mb\" rel=\"nofollow noopener\">Vladimir Poutine s&rsquo;octroie le droit de saisir toute entreprise jug\u00e9e strat\u00e9gique pour la guerre<\/a><\/p>\n<p class=\"ap-StoryElement ap-StoryElement--mb ap-StoryText\">Poutine estime que sa derni\u00e8re chance est de tester la solidarit\u00e9 de l&rsquo;OTAN en mena\u00e7ant l&rsquo;un de ses membres. Dans le cas o\u00f9 l&rsquo;Alliance n&rsquo;est pas unanime et solidaire, cela pourrait briser la confiance de la coalition.<\/p>\n<p class=\"ap-StoryElement ap-StoryElement--mb ap-StoryText\">Et les derni\u00e8res sorties de Trump concernant une possible aide envers un pays europ\u00e9en laissent entre-penser qu&rsquo;une porte est ouverte pour la Russie.<\/p>\n<p class=\"ap-StoryElement ap-StoryElement--mb ap-StoryText\">Ce n&rsquo;est pas pour autant que Poutine est pr\u00eat \u00e0 se lancer dans une nouvelle guerre ouverte. Il pourrait se concentrer plut\u00f4t sur les usines europ\u00e9ennes qui produisent du mat\u00e9riel envoy\u00e9 en Ukraine, c&rsquo;est du moins ce que craignent les services de renseignement occidentaux.<\/p>\n<p class=\"ap-StoryElement ap-StoryElement--mb ap-StoryText\">Mais des sources proches du Kremlin affirment qu&rsquo;il pourrait opter pour une strat\u00e9gie plus offensive. Affaire \u00e0 suivre.<\/p>\n","protected":false},"excerpt":{"rendered":"\u00ab\u00a0Ils n&rsquo;ont m\u00eame pas besoin de frapper\u00a0\u00bb : la nouvelle r\u00e9alit\u00e9 de Kiev, assi\u00e9g\u00e9e par les drones russesUne&hellip;\n","protected":false},"author":2,"featured_media":234539,"comment_status":"","ping_status":"","sticky":false,"template":"","format":"standard","meta":{"footnotes":"","_share_on_mastodon":"0"},"categories":[9],"tags":[12,13,18,17,1276,31,272,2509,32],"class_list":["post-234538","post","type-post","status-publish","format-standard","has-post-thumbnail","category-international","tag-be","tag-be-fr","tag-belgique","tag-belgium","tag-conflit-russie-ukraine","tag-international","tag-joe-biden","tag-vladimir-poutine","tag-world-news"],"share_on_mastodon":{"url":"https:\/\/pubeurope.com\/@be_fr\/117196216355665272","error":""},"_links":{"self":[{"href":"https:\/\/www.europesays.com\/be-fr\/wp-json\/wp\/v2\/posts\/234538","targetHints":{"allow":["GET"]}}],"collection":[{"href":"https:\/\/www.europesays.com\/be-fr\/wp-json\/wp\/v2\/posts"}],"about":[{"href":"https:\/\/www.europesays.com\/be-fr\/wp-json\/wp\/v2\/types\/post"}],"author":[{"embeddable":true,"href":"https:\/\/www.europesays.com\/be-fr\/wp-json\/wp\/v2\/users\/2"}],"replies":[{"embeddable":true,"href":"https:\/\/www.europesays.com\/be-fr\/wp-json\/wp\/v2\/comments?post=234538"}],"version-history":[{"count":0,"href":"https:\/\/www.europesays.com\/be-fr\/wp-json\/wp\/v2\/posts\/234538\/revisions"}],"wp:featuredmedia":[{"embeddable":true,"href":"https:\/\/www.europesays.com\/be-fr\/wp-json\/wp\/v2\/media\/234539"}],"wp:attachment":[{"href":"https:\/\/www.europesays.com\/be-fr\/wp-json\/wp\/v2\/media?parent=234538"}],"wp:term":[{"taxonomy":"category","embeddable":true,"href":"https:\/\/www.europesays.com\/be-fr\/wp-json\/wp\/v2\/categories?post=234538"},{"taxonomy":"post_tag","embeddable":true,"href":"https:\/\/www.europesays.com\/be-fr\/wp-json\/wp\/v2\/tags?post=234538"}],"curies":[{"name":"wp","href":"https:\/\/api.w.org\/{rel}","templated":true}]}}