{"id":234602,"date":"2026-09-01T15:24:25","date_gmt":"2026-09-01T15:24:25","guid":{"rendered":"https:\/\/www.europesays.com\/be-fr\/234602\/"},"modified":"2026-09-01T15:24:25","modified_gmt":"2026-09-01T15:24:25","slug":"les-princesses-des-deux-siciles-les-princes-de-grece-les-princesses-vittoria-de-savoie-et-alexandra-de-hanovre-aux-funerailles-de-mathilde-favier","status":"publish","type":"post","link":"https:\/\/www.europesays.com\/be-fr\/234602\/","title":{"rendered":"Les princesses des Deux-Siciles, les princes de Gr\u00e8ce, les princesses Vittoria de Savoie et Alexandra de Hanovre aux fun\u00e9railles de Mathilde Favier"},"content":{"rendered":"<p class=\"wp-block-paragraph\">La directrice des relations publiques de la maison de luxe Dior, Mathilde Favier, est d\u00e9c\u00e9d\u00e9e il y a deux semaines dans un accident de voiture avec son compagnon. Ce lundi, des personnalit\u00e9s du monde entier se sont rendues \u00e0 Paris pour assister \u00e0 ses fun\u00e9railles, y compris des royaut\u00e9s li\u00e9es au monde de la mode. Parmi elles : les princesses Camilla, Maria Carolina et Maria Chiara de Bourbon des Deux-Siciles, Pierre et Beatrice Casiraghi ou encore la princesse Vittoria de Savoie.<\/p>\n<p class=\"wp-block-paragraph\">Lire aussi : <a href=\"https:\/\/histoiresroyales.fr\/prince-emmanuel-philibert-de-savoie-funerailles-pape-francois-prince-charles-de-boubon-des-deux-siciles\/\" rel=\"nofollow noopener\" target=\"_blank\">Le prince Emmanuel-Philibert de Savoie aux fun\u00e9railles du pape Fran\u00e7ois avec le prince Charles de Bourbon des Deux-Siciles<\/a><\/p>\n<p>Les royaut\u00e9s et personnalit\u00e9s du monde entier r\u00e9unies \u00e0 l\u2019\u00e9glise Saint-Sulpice en m\u00e9moire de Mathilde Favier<\/p>\n<p class=\"wp-block-paragraph\">Mathilde Favier, 57 ans, grande dame de l\u2019univers de la mode, et son compagnon, Nicolas Altmayer, 61 ans, producteur de nombreux succ\u00e8s au cin\u00e9ma, sont morts \u00e0 bord de leur voiture, lors d\u2019une collision avec un poids lourd dans les Deux-S\u00e8vres, le 17 ao\u00fbt 2026. La disparition soudaine du couple avait provoqu\u00e9 l\u2019\u00e9moi parmi leurs nombreuses connaissances. Si le producteur \u00e9tait connu dans l\u2019Hexagone, Mathilde Favier, elle, poss\u00e9dait un carnet d\u2019adresses incroyables, aux quatre coins du monde. Directrice des relations publiques pour Dior, c\u2019est elle qui g\u00e9rait les relations entre les c\u00e9l\u00e9brit\u00e9s et la maison de luxe fran\u00e7aise.<\/p>\n<p><img fetchpriority=\"high\" decoding=\"async\" width=\"1400\" height=\"934\" src=\"https:\/\/www.europesays.com\/be-fr\/wp-content\/uploads\/2026\/09\/princesse-maria-carolina-de-bourbon-des-deux-siciles-mathilde-favier.jpg\" alt=\"\" class=\"wp-image-258004 lazyload\" data-  \/>La princesse Maria Carolina de Bourbon des Deux-Siciles avec sa m\u00e8re et sa s\u0153ur, la princesse Camilla et la princesse Maria Chiara, devant l\u2019\u00e9glise Saint-Sulpice ce 31 ao\u00fbt 2026 (Photo : Eliot Blondet\/ABACAPRESS.COM)<\/p>\n<p><img loading=\"lazy\" decoding=\"async\" width=\"1400\" height=\"933\" src=\"https:\/\/www.europesays.com\/be-fr\/wp-content\/uploads\/2026\/09\/bernard-arnault-brigitte-macron-funerailles.jpg\" alt=\"\" class=\"wp-image-258008 lazyload\" data-  \/> Bernard Arnault et son \u00e9pouse, H\u00e9l\u00e8ne Mercier-Arnault, qui donne son bras \u00e0 Brigitte Macron, \u00e0 la sortie de l\u2019\u00e9glise (Photo : JP Pariente\/SIPA)<\/p>\n<p class=\"wp-block-paragraph\">Lire aussi : <a href=\"https:\/\/histoiresroyales.fr\/famille-royale-des-deux-siciles-funerailles-prince-victor-emmanuel-de-savoie-prince-jean-christophe-napoleon\/\" rel=\"nofollow noopener\" target=\"_blank\">Le prince Charles des Deux-Siciles et sa fille a\u00een\u00e9e aux fun\u00e9railles du prince Victor-Emmanuel de Savoie<\/a><\/p>\n<p class=\"wp-block-paragraph\">Ce 31 ao\u00fbt 2026, une b\u00e9n\u00e9diction s\u2019est tenue en l\u2019\u00e9glise Saint-Germain-des-Pr\u00e9s en m\u00e9moire de Nicolas Altmayer, tandis qu\u2019une une messe a \u00e9t\u00e9 prononc\u00e9e en l\u2019\u00e9glise Saint-Sulpice, pour\u00a0Mathilde Favier, dans l\u2019apr\u00e8s-midi. La c\u00e9r\u00e9monie s\u2019est achev\u00e9e par la b\u00e9n\u00e9diction du cercueil de\u00a0Nicolas Altmayer\u00a0au c\u00f4t\u00e9 de celui de sa compagne et par un \u00ab hommage marial \u00bb pour le couple. <\/p>\n<p><img loading=\"lazy\" decoding=\"async\" width=\"972\" height=\"1400\" src=\"https:\/\/www.europesays.com\/be-fr\/wp-content\/uploads\/2026\/09\/pierre-casiraghi-beatrice-mathilde-favier-972x1400.jpg\" alt=\"\" class=\"wp-image-258005 lazyload\" data-  \/>Pierre Casiraghi arrive \u00e0 l\u2019\u00e9glise Saint-Sulpice avec son \u00e9pouse Beatrice Borromeo, tous deux ambassadeurs de Dior (Photo : Florian Poitout\/ABACAPRESS.COM)<\/p>\n<p><img loading=\"lazy\" decoding=\"async\" width=\"1400\" height=\"1194\" src=\"https:\/\/www.europesays.com\/be-fr\/wp-content\/uploads\/2026\/09\/alexandra-de-hanovre-marisa-berenson-mathilde-favier.jpg\" alt=\"\" class=\"wp-image-258009 lazyload\" data-  \/>La princesse Alexandra de Hanovre, suivie par l\u2019actrice am\u00e9ricaine Marisa Berenson, pr\u00e8s de l\u2019\u00e9glise Saint-Sulpice \u00e0 Paris (Photo : Florian Poitout\/ABACAPRESS.COM)<\/p>\n<p class=\"wp-block-paragraph\">Lire aussi : <a href=\"https:\/\/histoiresroyales.fr\/princesse-lalla-meryem-funerailles-de-bernadette-chirac\/\" rel=\"nofollow noopener\" target=\"_blank\">La princesse Lalla Meryem du Maroc aux fun\u00e9railles de Bernadette Chirac<\/a><\/p>\n<p class=\"wp-block-paragraph\">Des personnalit\u00e9s de tous les secteurs \u00e9taient pr\u00e9sentes aux fun\u00e9railles de Mathilde Favier. Nicolas Sarkozy et Carla Bruni, Brigitte Macron, Rachida Dati, Laura Smet, Guillaume Gallienne, Catherine Deneuve, Alex Lutz, Sandrine Kiberlain ou encore Claudia Schiffer, Camille Cottin, Audrey Crespo-Mara, Delphine Arnault, PDG de Christian Dior Couture, et son p\u00e8re, Bernard Arnault, ont assist\u00e9 \u00e0 ce dernier hommage.<\/p>\n<p><img loading=\"lazy\" decoding=\"async\" width=\"1400\" height=\"1135\" src=\"https:\/\/www.europesays.com\/be-fr\/wp-content\/uploads\/2026\/09\/maria-olympia-de-grece-constanine-alexios-funerailles-mathilde-favier.jpg\" alt=\"\" class=\"wp-image-258007 lazyload\" data-  \/>La princesse Maria Olympia de Gr\u00e8ce et de Danemark et son fr\u00e8re, le prince Constantine Alexios, h\u00e9ritier dynastique de la Maison royale de Gr\u00e8ce, petits-enfants du dernier roi des Hell\u00e8nes, se rendent aux fun\u00e9railles de Mathilde Favier (Photo : Florian Poitout\/ABACAPRESS.COM)<\/p>\n<p class=\"wp-block-paragraph\">Du c\u00f4t\u00e9 des royaut\u00e9s, la princesse Camilla de Bourbon des Deux-Siciles, duchesse de Castro, \u00e9tait pr\u00e9sente aux fun\u00e9railles avec ses deux filles, la princesse Maria Carolina et la princesse Maria Chiara. Habitu\u00e9e comme elle au premier rang des d\u00e9fil\u00e9s, la princesse Alexandra de Hanovre, fille de la princesse Caroline de Monaco, a \u00e9galement \u00e9t\u00e9 aper\u00e7ue dans l\u2019\u00e9glise. Son demi-fr\u00e8re, Pierre Casiraghi, \u00e9tait pr\u00e9sent avec son \u00e9pouse, Beatrice Borromeo. Pierre et Beatrice sont tous les deux ambassadeurs de Dior.<\/p>\n<p><img loading=\"lazy\" decoding=\"async\" width=\"1400\" height=\"1009\" src=\"https:\/\/www.europesays.com\/be-fr\/wp-content\/uploads\/2026\/09\/vittoria-de-savoie-funerailles-mathilde-favier.jpg\" alt=\"\" class=\"wp-image-258006 lazyload\" data-  \/>La princesse Vittoria de Savoie, fille du prince Emmanuel-Philibert et h\u00e9riti\u00e8re dynastique des rois d\u2019Italie, avec sa m\u00e8re, la com\u00e9dienne Clotilde Courau (Photo : Florian Poitout\/ABACAPRESS.COM)<\/p>\n<p class=\"wp-block-paragraph\">La princesse Maria Olympia et son fr\u00e8re, le prince Constantine Alexios de Gr\u00e8ce, ont fait le voyage jusqu\u2019\u00e0 Paris. Maria Olympia est \u00e9g\u00e9rie pour des marques de luxe tandis que Constantine Alexios, fils a\u00een\u00e9 du prince h\u00e9ritier Pavlos, a \u00e9t\u00e9 en contrat avec Dior, notamment pour un livre de photos dans lequel il a pos\u00e9. La princesse Vittoria de Savoie, jeune actrice comme sa m\u00e8re, est elle aussi une passionn\u00e9e de mode. L\u2019arri\u00e8re-petite-fille du roi Humbert II d\u2019Italie a \u00e9t\u00e9 aper\u00e7ue dans un costume oversize \u00e0 c\u00f4t\u00e9 de sa m\u00e8re, la com\u00e9dienne Clotilde Courau.<\/p>\n<p>\t\tTous les articles sur<br \/>\n\t\t<a href=\"https:\/\/histoiresroyales.fr\/tag\/alexandra-de-hanovre\/\" title=\"\" rel=\"nofollow noopener\" target=\"_blank\">Alexandra de Hanovre<\/a>, <a href=\"https:\/\/histoiresroyales.fr\/tag\/beatrice-borromeo\/\" title=\"\" rel=\"nofollow noopener\" target=\"_blank\">Beatrice Borromeo<\/a>, <a href=\"https:\/\/histoiresroyales.fr\/tag\/brigitte-macron\/\" title=\"\" rel=\"nofollow noopener\" target=\"_blank\">Brigitte Macron<\/a>, <a href=\"https:\/\/histoiresroyales.fr\/tag\/camilla-de-bourbon-siciles\/\" title=\"\" rel=\"nofollow noopener\" target=\"_blank\">Camilla de Bourbon-Siciles<\/a>, <a href=\"https:\/\/histoiresroyales.fr\/tag\/chiara-de-bourbon-siciles\/\" title=\"\" rel=\"nofollow noopener\" target=\"_blank\">Chiara de Bourbon-Siciles<\/a>, <a href=\"https:\/\/histoiresroyales.fr\/tag\/constantinos-alexios-de-grece\/\" title=\"\" rel=\"nofollow noopener\" target=\"_blank\">Constant\u00ednos Al\u00e9xios de Gr\u00e8ce<\/a>, <a href=\"https:\/\/histoiresroyales.fr\/tag\/dior\/\" title=\"\" rel=\"nofollow noopener\" target=\"_blank\">Dior<\/a>, <a href=\"https:\/\/histoiresroyales.fr\/tag\/funerailles\/\" title=\"\" rel=\"nofollow noopener\" target=\"_blank\">fun\u00e9railles<\/a>, <a href=\"https:\/\/histoiresroyales.fr\/tag\/carolina-de-bourbon-siciles\/\" title=\"\" rel=\"nofollow noopener\" target=\"_blank\">Maria Carolina de Bourbon des Deux-Siciles<\/a>, <a href=\"https:\/\/histoiresroyales.fr\/tag\/maria-olympia-de-grece\/\" title=\"\" rel=\"nofollow noopener\" target=\"_blank\">Maria Olympia de Gr\u00e8ce<\/a>, <a href=\"https:\/\/histoiresroyales.fr\/tag\/pierre-casiraghi\/\" title=\"\" rel=\"nofollow noopener\" target=\"_blank\">Pierre Casiraghi<\/a>\t<\/p>\n<p>\t\t\t\t<img loading=\"lazy\" alt=\"Avatar photo\" src=\"https:\/\/www.europesays.com\/be-fr\/wp-content\/uploads\/2026\/09\/cropped-nicolasfontaine-1-164x164.jpg\"  class=\"avatar avatar-164 photo lazyload\" height=\"164\" width=\"164\" decoding=\"async\"\/><br \/>\n\t\t<a href=\"https:\/\/histoiresroyales.fr\/author\/royaliste123\/\" rel=\"nofollow noopener\" target=\"_blank\">Nicolas Fontaine<\/a><br \/>\n\t\t\t\t\tR\u00e9dacteur en chef<\/p>\n<p>Nicolas Fontaine est un journaliste sp\u00e9cialis\u00e9 dans les familles royales et l&rsquo;histoire des monarchies europ\u00e9ennes et mondiales. Nicolas Fontaine a fond\u00e9 Histoires Royales, le premier m\u00e9dia en ligne d\u00e9di\u00e9 \u00e0 l&rsquo;actualit\u00e9 des t\u00eates couronn\u00e9es en 2019.&#13;<br \/>\nnicolas@histoiresroyales.fr<\/p>\n<p>\t\t\t\t\t\t\t<a href=\"https:\/\/twitter.com\/ActusRoyales\" class=\"boxed-icon fill twitter\" target=\"_blank\" rel=\"nofollow noopener\"><\/a><br \/>\n\t\t\t\t\t\t\t\t\t<a href=\"https:\/\/www.instagram.com\/histoiresroyales.fr\/\" class=\"boxed-icon fill instagram\" target=\"_blank\" rel=\"nofollow noopener\"><\/a><\/p>\n<p>\t\t\t\t\t\t\t\t\t\t\t\t\t<script async src=\"https:\/\/platform.twitter.com\/widgets.js\" charset=\"utf-8\"><\/script><script async src=\"\/\/www.instagram.com\/embed.js\"><\/script><\/p>\n","protected":false},"excerpt":{"rendered":"La directrice des relations publiques de la maison de luxe Dior, Mathilde Favier, est d\u00e9c\u00e9d\u00e9e il y a&hellip;\n","protected":false},"author":2,"featured_media":234603,"comment_status":"","ping_status":"","sticky":false,"template":"","format":"standard","meta":{"footnotes":"","_share_on_mastodon":"0"},"categories":[8],"tags":[10,3970,12,13,25952,18,17,27958,31953,15118,72484,9842,8981,15119,72485,11,25955],"class_list":["post-234602","post","type-post","status-publish","format-standard","has-post-thumbnail","category-actualites","tag-actualites","tag-alexandra-de-hanovre","tag-be","tag-be-fr","tag-beatrice-borromeo","tag-belgique","tag-belgium","tag-brigitte-macron","tag-camilla-de-bourbon-siciles","tag-chiara-de-bourbon-siciles","tag-constantu00ednos-alu00e9xios-de-gru00e8ce","tag-dior","tag-funu00e9railles","tag-maria-carolina-de-bourbon-des-deux-siciles","tag-maria-olympia-de-gru00e8ce","tag-news","tag-pierre-casiraghi"],"share_on_mastodon":{"url":"https:\/\/pubeurope.com\/@be_fr\/117196480402361619","error":""},"_links":{"self":[{"href":"https:\/\/www.europesays.com\/be-fr\/wp-json\/wp\/v2\/posts\/234602","targetHints":{"allow":["GET"]}}],"collection":[{"href":"https:\/\/www.europesays.com\/be-fr\/wp-json\/wp\/v2\/posts"}],"about":[{"href":"https:\/\/www.europesays.com\/be-fr\/wp-json\/wp\/v2\/types\/post"}],"author":[{"embeddable":true,"href":"https:\/\/www.europesays.com\/be-fr\/wp-json\/wp\/v2\/users\/2"}],"replies":[{"embeddable":true,"href":"https:\/\/www.europesays.com\/be-fr\/wp-json\/wp\/v2\/comments?post=234602"}],"version-history":[{"count":0,"href":"https:\/\/www.europesays.com\/be-fr\/wp-json\/wp\/v2\/posts\/234602\/revisions"}],"wp:featuredmedia":[{"embeddable":true,"href":"https:\/\/www.europesays.com\/be-fr\/wp-json\/wp\/v2\/media\/234603"}],"wp:attachment":[{"href":"https:\/\/www.europesays.com\/be-fr\/wp-json\/wp\/v2\/media?parent=234602"}],"wp:term":[{"taxonomy":"category","embeddable":true,"href":"https:\/\/www.europesays.com\/be-fr\/wp-json\/wp\/v2\/categories?post=234602"},{"taxonomy":"post_tag","embeddable":true,"href":"https:\/\/www.europesays.com\/be-fr\/wp-json\/wp\/v2\/tags?post=234602"}],"curies":[{"name":"wp","href":"https:\/\/api.w.org\/{rel}","templated":true}]}}