{"id":234608,"date":"2026-09-01T15:31:20","date_gmt":"2026-09-01T15:31:20","guid":{"rendered":"https:\/\/www.europesays.com\/be-fr\/234608\/"},"modified":"2026-09-01T15:31:20","modified_gmt":"2026-09-01T15:31:20","slug":"le-choc-a-ete-si-violent-sylvie-vartan-absente-des-obseques-de-mathilde-favier-elle-lui-rend-un-vibrant-hommage","status":"publish","type":"post","link":"https:\/\/www.europesays.com\/be-fr\/234608\/","title":{"rendered":"\u00ab\u00a0Le choc a \u00e9t\u00e9 si violent\u00a0\u00bb\u00a0: Sylvie Vartan absente des obs\u00e8ques de Mathilde Favier, elle lui rend un vibrant hommage"},"content":{"rendered":"<p class=\"ap-StoryElement ap-StoryElement--mb ap-StoryText\">Leur disparition a caus\u00e9 le chagrin de la sph\u00e8re people fran\u00e7aise et bien plus. Le 17 ao\u00fbt dernier, Nicolas Altmayer et son \u00e9pouse Mathilde Favier sont d\u00e9c\u00e9d\u00e9s dans un tragique accident de voiture. Deux semaines plus tard, ce lundi 31 ao\u00fbt, les \u00e9poux ont \u00e9t\u00e9 inhum\u00e9s, apr\u00e8s deux c\u00e9r\u00e9monies distinctes organis\u00e9es \u00e0 Paris.<\/p>\n<p class=\"ap-StoryElement ap-StoryElement--mb ap-StoryText\">De nombreuses c\u00e9l\u00e9brit\u00e9s avaient fait le d\u00e9placement \u00e0 cette occasion. Il faut dire que Mathilde Favier \u00e9tait souvent consid\u00e9r\u00e9e comme <a href=\"https:\/\/www.parismatch.be\/actualites\/people\/2026\/08\/18\/amie-privilegiee-des-stars-qui-etait-mathilde-favier-decedee-tragiquement-avec-son-compagnon-nicolas-altmayer-dans-un-accident-de-la-circulation-PCYGMMLRNVFF5IISPKOW3JIBEY\/\" target=\"_self\" rel=\"nofollow noopener\">\u00ab\u00a0l&rsquo;amie des stars\u00a0\u00bb<\/a>. Parmi les personnes pr\u00e9sentes figuraient ainsi Clotilde Courau, Laura Smet ou encore Catherine Deneuve, mais aussi des t\u00eates couronn\u00e9es, \u00e0 l&rsquo;image de Maria Carolina et Maria Chiara de Bourbon des Deux-Siciles, accompagn\u00e9es de leur m\u00e8re.<\/p>\n","protected":false},"excerpt":{"rendered":"Leur disparition a caus\u00e9 le chagrin de la sph\u00e8re people fran\u00e7aise et bien plus. Le 17 ao\u00fbt dernier,&hellip;\n","protected":false},"author":2,"featured_media":234609,"comment_status":"","ping_status":"","sticky":false,"template":"","format":"standard","meta":{"footnotes":"","_share_on_mastodon":"0"},"categories":[83],"tags":[4564,12,13,18,17,756,9842,96,95,1119,67116,67115,23149,4247],"class_list":["post-234608","post","type-post","status-publish","format-standard","has-post-thumbnail","category-divertissement","tag-accident","tag-be","tag-be-fr","tag-belgique","tag-belgium","tag-deces","tag-dior","tag-divertissement","tag-entertainment","tag-hommage","tag-mathilde-favier","tag-nicolas-altmayer","tag-obseques","tag-sylvie-vartan"],"share_on_mastodon":{"url":"https:\/\/pubeurope.com\/@be_fr\/117196507267835005","error":""},"_links":{"self":[{"href":"https:\/\/www.europesays.com\/be-fr\/wp-json\/wp\/v2\/posts\/234608","targetHints":{"allow":["GET"]}}],"collection":[{"href":"https:\/\/www.europesays.com\/be-fr\/wp-json\/wp\/v2\/posts"}],"about":[{"href":"https:\/\/www.europesays.com\/be-fr\/wp-json\/wp\/v2\/types\/post"}],"author":[{"embeddable":true,"href":"https:\/\/www.europesays.com\/be-fr\/wp-json\/wp\/v2\/users\/2"}],"replies":[{"embeddable":true,"href":"https:\/\/www.europesays.com\/be-fr\/wp-json\/wp\/v2\/comments?post=234608"}],"version-history":[{"count":0,"href":"https:\/\/www.europesays.com\/be-fr\/wp-json\/wp\/v2\/posts\/234608\/revisions"}],"wp:featuredmedia":[{"embeddable":true,"href":"https:\/\/www.europesays.com\/be-fr\/wp-json\/wp\/v2\/media\/234609"}],"wp:attachment":[{"href":"https:\/\/www.europesays.com\/be-fr\/wp-json\/wp\/v2\/media?parent=234608"}],"wp:term":[{"taxonomy":"category","embeddable":true,"href":"https:\/\/www.europesays.com\/be-fr\/wp-json\/wp\/v2\/categories?post=234608"},{"taxonomy":"post_tag","embeddable":true,"href":"https:\/\/www.europesays.com\/be-fr\/wp-json\/wp\/v2\/tags?post=234608"}],"curies":[{"name":"wp","href":"https:\/\/api.w.org\/{rel}","templated":true}]}}