{"id":234616,"date":"2026-09-01T15:38:22","date_gmt":"2026-09-01T15:38:22","guid":{"rendered":"https:\/\/www.europesays.com\/be-fr\/234616\/"},"modified":"2026-09-01T15:38:22","modified_gmt":"2026-09-01T15:38:22","slug":"elle-devient-plus-violente-de-jour-en-jour-francken-accuse-lextreme-gauche-dun-incendie-criminel-contre-une-entreprise-technologique-liegeoise","status":"publish","type":"post","link":"https:\/\/www.europesays.com\/be-fr\/234616\/","title":{"rendered":"\u00ab\u00a0Elle devient plus violente de jour en jour\u00a0\u00bb : Francken accuse l&rsquo;extr\u00eame gauche d&rsquo;un incendie criminel contre une entreprise technologique li\u00e9geoise"},"content":{"rendered":"<p><a href=\"https:\/\/www.lalibre.be\/international\/europe\/guerre-ukraine-russie\/2026\/08\/28\/theo-francken-ferme-la-porte-a-une-reouverture-du-debat-sur-euroclear-ZI6THRDXTZDDXJYF6FPGYT3CYE\/\" target=\"_self\" class=\"ap-StoryInterstitialLink ap-StoryElement ap-StoryElement--mb js-paywall-target\" rel=\"nofollow noopener\">Theo Francken ferme la porte \u00e0 une r\u00e9ouverture du d\u00e9bat sur Euroclear<\/a><\/p>\n<p class=\"ap-StoryElement ap-StoryElement--mb ap-StoryText\">Th\u00e9o Francken donne ensuite une dimension plus politique \u00e0 ces faits. \u00ab\u00a0L&rsquo;extr\u00eame gauche devient plus violente de jour en jour. Je mets en garde contre cela depuis plus longtemps. Et je r\u00e9p\u00e8te \u00e9galement que le PvdA (le PTB en Flandre) est le bras politique de cette violence extr\u00e9miste\u00a0\u00bb, affirme-t-il.<\/p>\n<p><img loading=\"lazy\" decoding=\"async\" class=\"w-full lazyload lazyload--opacity object-contain\" style=\"aspect-ratio:56.00000000000001 \/ 100;opacity:1\" alt=\"Le feu a \u00e9t\u00e9 bout\u00e9 \u00e0 trois endroits distincts.\" width=\"768\" height=\"1365\" fetchpriority=\"auto\" src=\"https:\/\/www.europesays.com\/be-fr\/wp-content\/uploads\/2026\/09\/1788277099_900_S5VKD3X55FFF3BW6V4SEHXNP7I.png\"  data- data-optimumx=\"1\"\/><img loading=\"lazy\" decoding=\"async\" src=\"https:\/\/www.europesays.com\/be-fr\/wp-content\/uploads\/2026\/09\/1788277101_935_NAAAKUZCHRBXHIXDMPWROMJR4E.jpeg\" width=\"768\" height=\"1365\" alt=\"Le feu a \u00e9t\u00e9 bout\u00e9 \u00e0 trois endroits distincts.\" class=\"absolute inset-0 w-full\"\/>Le feu a \u00e9t\u00e9 bout\u00e9 \u00e0 trois endroits distincts. \u00a9dr<img loading=\"lazy\" decoding=\"async\" class=\"w-full lazyload lazyload--opacity object-contain\" style=\"aspect-ratio:178 \/ 100;opacity:1\" alt=\"Le feu a \u00e9t\u00e9 bout\u00e9 \u00e0 trois endroits distincts.\" width=\"768\" height=\"432\" fetchpriority=\"auto\" src=\"https:\/\/www.europesays.com\/be-fr\/wp-content\/uploads\/2026\/09\/1788277099_900_S5VKD3X55FFF3BW6V4SEHXNP7I.png\"  data- data-optimumx=\"1\"\/><img loading=\"lazy\" decoding=\"async\" src=\"https:\/\/www.europesays.com\/be-fr\/wp-content\/uploads\/2026\/09\/1788277101_126_VVVN4YNSKJEAVNHMWG6YE4XU7M.jpeg\" width=\"768\" height=\"432\" alt=\"Le feu a \u00e9t\u00e9 bout\u00e9 \u00e0 trois endroits distincts.\" class=\"absolute inset-0 w-full\"\/>Le feu a \u00e9t\u00e9 bout\u00e9 \u00e0 trois endroits distincts. \u00a9dr<img loading=\"lazy\" decoding=\"async\" class=\"w-full lazyload lazyload--opacity object-contain\" style=\"aspect-ratio:56.00000000000001 \/ 100;opacity:1\" alt=\"Le feu a \u00e9t\u00e9 bout\u00e9 \u00e0 trois endroits distincts.\" width=\"768\" height=\"1365\" fetchpriority=\"auto\" src=\"https:\/\/www.europesays.com\/be-fr\/wp-content\/uploads\/2026\/09\/1788277099_900_S5VKD3X55FFF3BW6V4SEHXNP7I.png\"  data- data-optimumx=\"1\"\/><img loading=\"lazy\" decoding=\"async\" src=\"https:\/\/www.europesays.com\/be-fr\/wp-content\/uploads\/2026\/09\/1788277102_210_CIJFH2MD7BF2TAGASHQIJJFPX4.jpeg\" width=\"768\" height=\"1365\" alt=\"Le feu a \u00e9t\u00e9 bout\u00e9 \u00e0 trois endroits distincts.\" class=\"absolute inset-0 w-full\"\/>Le feu a \u00e9t\u00e9 bout\u00e9 \u00e0 trois endroits distincts. \u00a9drDes entreprises li\u00e9geoises d\u00e9j\u00e0 vis\u00e9es<\/p>\n<p class=\"ap-StoryElement ap-StoryElement--mb ap-StoryText\">Comme le rappelle le ministre, BATS n&rsquo;est pas la premi\u00e8re entreprise li\u00e9geoise li\u00e9e aux secteurs de la d\u00e9fense et de la technologie \u00e0 \u00eatre prises pour cible.<\/p>\n<p class=\"ap-StoryElement ap-StoryElement--mb ap-StoryText\">Ainsi, dans la nuit du 1er au 2 mars 2026, AMOS, fleuron li\u00e9geois de l&rsquo;industrie spatiale, avait ainsi \u00e9t\u00e9 vis\u00e9e par une action revendiqu\u00e9e par des militants du collectif \u00ab\u00a0Stop Arming Israel Belgium\u00a0\u00bb.<\/p>\n<p class=\"ap-StoryElement ap-StoryElement--mb ap-StoryText\">Les fa\u00e7ades de l&rsquo;entreprise avaient \u00e9t\u00e9 recouvertes d&rsquo;inscriptions telles que \u00ab\u00a0OIP, ELBIT, AMOS, GENOCIDE\u00a0\u00bb, \u00ab\u00a0Double usage = Sabotage\u00a0\u00bb ou encore \u00ab\u00a0Free Palestine\u00a0\u00bb. La porte d&rsquo;entr\u00e9e et plusieurs vitres avaient \u00e9t\u00e9 bris\u00e9es, tandis que des bureaux avaient \u00e9t\u00e9 asperg\u00e9s de peinture rouge. Les d\u00e9g\u00e2ts se chiffraient en dizaines de milliers d&rsquo;euros.<\/p>\n<p><a href=\"https:\/\/www.lalibre.be\/belgique\/politique-belge\/2026\/08\/17\/francken-veut-des-helicopteres-chinooks-mais-pour-certains-tout-ce-qui-est-americain-est-mauvais-YV3WAW3LUNCVRKTCXBLNMINTOE\/\" target=\"_self\" class=\"ap-StoryInterstitialLink ap-StoryElement ap-StoryElement--mb\" rel=\"nofollow noopener\">Francken veut des h\u00e9licopt\u00e8res Chinooks, \u00ab\u00a0mais pour certains, tout ce qui est am\u00e9ricain est mauvais\u00a0\u00bb<\/a><\/p>\n<p class=\"ap-StoryElement ap-StoryElement--mb ap-StoryText\">Sur ses r\u00e9seaux sociaux, le collectif expliquait vouloir d\u00e9noncer une collaboration pr\u00e9sum\u00e9e entre AMOS et le groupe isra\u00e9lien Elbit Systems, via sa filiale belge OIP.<\/p>\n<p class=\"ap-StoryElement ap-StoryElement--mb ap-StoryText\">AMOS con\u00e7oit et produit des \u00e9quipements optiques et m\u00e9caniques de haute pr\u00e9cision destin\u00e9s au secteur spatial et industriel.<\/p>\n<p class=\"ap-StoryElement ap-StoryElement--mb ap-StoryText\">Le collectif \u00e9tablissait un lien avec les activit\u00e9s militaires d&rsquo;Elbit Systems, qu&rsquo;il accuse de participer \u00e0 l&rsquo;occupation de la Palestine. Il \u00e9voquait notamment la production de drones et d&rsquo;\u00e9quipements militaires par le groupe isra\u00e9lien. En revanche, ses publications ne faisaient pas \u00e9tat d&rsquo;une quelconque fabrication d&rsquo;armes par AMOS.<\/p>\n<p>Active dans les domaines de la d\u00e9fense et de la s\u00e9curit\u00e9 int\u00e9rieure<\/p>\n<p class=\"ap-StoryElement ap-StoryElement--mb ap-StoryText\">BATS, de son c\u00f4t\u00e9, est sp\u00e9cialis\u00e9e dans l&rsquo;\u00e9lectronique et d\u00e9veloppe des solutions technologiques dans les domaines de la d\u00e9fense et de la s\u00e9curit\u00e9 int\u00e9rieure. L&rsquo;entreprise travaille notamment sur la surveillance du champ de bataille, la protection des forces, des infrastructures critiques ainsi que la surveillance des fronti\u00e8res et des zones c\u00f4ti\u00e8res.<\/p>\n<p class=\"ap-StoryElement ap-StoryElement--mb ap-StoryText\">Elle fournit notamment des syst\u00e8mes \u00e0 l&rsquo;Arm\u00e9e belge, dont des radars de surveillance du champ de bataille, et collabore avec des institutions europ\u00e9ennes et des groupes industriels. BATS est \u00e9galement fournisseur agr\u00e9\u00e9 de l&rsquo;Otan et de la Commission europ\u00e9enne.<\/p>\n<p>Trois foyers<\/p>\n<p class=\"ap-StoryElement ap-StoryElement--mb ap-StoryText\">Reste d\u00e9sormais \u00e0 \u00e9tablir les circonstances pr\u00e9cises de l&rsquo;incendie \u00e9voqu\u00e9 par Th\u00e9o Francken et, surtout, son ou ses auteurs.<\/p>\n<p class=\"ap-StoryElement ap-StoryElement--mb ap-StoryText\">Contact\u00e9 par nos soins, le parquet de Li\u00e8ge a confirm\u00e9 que l&rsquo;incendie s&rsquo;\u00e9tait d\u00e9clar\u00e9 ce 31 ao\u00fbt aux alentours de 3h40. \u00ab\u00a0D&rsquo;apr\u00e8s les premiers \u00e9l\u00e9ments de l&rsquo;enqu\u00eate, l&rsquo;incendie serait d&rsquo;origine volontaire. Les d\u00e9parts de feux auraient \u00e9t\u00e9 lanc\u00e9s \u00e0 trois endroits distincts\u00a0\u00bb.<\/p>\n<p><a href=\"https:\/\/www.lalibre.be\/regions\/bruxelles\/2026\/08\/28\/550-agents-dans-toute-la-capitale-operation-coup-de-poing-contre-la-drogue-a-bruxelles-ou-policiers-et-militaires-ont-coopere-LG3QZIVPNVEM5EX75RJGY2GXIU\/\" target=\"_self\" class=\"ap-StoryInterstitialLink ap-StoryElement ap-StoryElement--mb\" rel=\"nofollow noopener\">Op\u00e9ration coup de poing contre la drogue \u00e0 Bruxelles ce vendredi : \u00ab\u00a0Je parle d&rsquo;urgence nationale\u00a0\u00bb<\/a><\/p>\n<p class=\"ap-StoryElement ap-StoryElement--mb ap-StoryText\">Un expert incendie, ainsi que le laboratoire de la Police Judiciaire se sont rendus sur place. \u00ab\u00a0Nous attentons les conclusions provisoires de l&rsquo;expert incendie. Une information judiciaire est en cours.\u00a0\u00bb<\/p>\n<p class=\"ap-StoryElement ap-StoryElement--mb ap-StoryText\">A ce stade, aucune information officielle ne permet donc de corroborer ou de d\u00e9mentir les accusations formul\u00e9es par le ministre de la D\u00e9fense.<\/p>\n","protected":false},"excerpt":{"rendered":"Theo Francken ferme la porte \u00e0 une r\u00e9ouverture du d\u00e9bat sur Euroclear Th\u00e9o Francken donne ensuite une dimension&hellip;\n","protected":false},"author":2,"featured_media":234617,"comment_status":"","ping_status":"","sticky":false,"template":"","format":"standard","meta":{"footnotes":"","_share_on_mastodon":"0"},"categories":[8],"tags":[10,12,13,18,17,29,26,11,27],"class_list":["post-234616","post","type-post","status-publish","format-standard","has-post-thumbnail","category-actualites","tag-actualites","tag-be","tag-be-fr","tag-belgique","tag-belgium","tag-elections-flandre","tag-liege","tag-news","tag-province-de-liege"],"share_on_mastodon":{"url":"https:\/\/pubeurope.com\/@be_fr\/117196535261207229","error":""},"_links":{"self":[{"href":"https:\/\/www.europesays.com\/be-fr\/wp-json\/wp\/v2\/posts\/234616","targetHints":{"allow":["GET"]}}],"collection":[{"href":"https:\/\/www.europesays.com\/be-fr\/wp-json\/wp\/v2\/posts"}],"about":[{"href":"https:\/\/www.europesays.com\/be-fr\/wp-json\/wp\/v2\/types\/post"}],"author":[{"embeddable":true,"href":"https:\/\/www.europesays.com\/be-fr\/wp-json\/wp\/v2\/users\/2"}],"replies":[{"embeddable":true,"href":"https:\/\/www.europesays.com\/be-fr\/wp-json\/wp\/v2\/comments?post=234616"}],"version-history":[{"count":0,"href":"https:\/\/www.europesays.com\/be-fr\/wp-json\/wp\/v2\/posts\/234616\/revisions"}],"wp:featuredmedia":[{"embeddable":true,"href":"https:\/\/www.europesays.com\/be-fr\/wp-json\/wp\/v2\/media\/234617"}],"wp:attachment":[{"href":"https:\/\/www.europesays.com\/be-fr\/wp-json\/wp\/v2\/media?parent=234616"}],"wp:term":[{"taxonomy":"category","embeddable":true,"href":"https:\/\/www.europesays.com\/be-fr\/wp-json\/wp\/v2\/categories?post=234616"},{"taxonomy":"post_tag","embeddable":true,"href":"https:\/\/www.europesays.com\/be-fr\/wp-json\/wp\/v2\/tags?post=234616"}],"curies":[{"name":"wp","href":"https:\/\/api.w.org\/{rel}","templated":true}]}}