{"id":234688,"date":"2026-09-01T16:34:17","date_gmt":"2026-09-01T16:34:17","guid":{"rendered":"https:\/\/www.europesays.com\/be-fr\/234688\/"},"modified":"2026-09-01T16:34:17","modified_gmt":"2026-09-01T16:34:17","slug":"lamour-est-dans-le-pre-un-agriculteur-annonce-a-karine-le-marchand-quil-est-atteint-dune-leucemie","status":"publish","type":"post","link":"https:\/\/www.europesays.com\/be-fr\/234688\/","title":{"rendered":"\u00ab\u00a0L\u2019amour est dans le pr\u00e9\u00a0\u00bb\u00a0: Un agriculteur annonce \u00e0 Karine Le\u00a0Marchand qu\u2019il est atteint d\u2019une leuc\u00e9mie"},"content":{"rendered":"<p>S\u00e9quence \u00e9motion dans le troisi\u00e8me \u00e9pisode de <a href=\"https:\/\/www.20minutes.fr\/television\/l_amour_est_dans_le_pr\/\" class=\"c-link c-link--is-underlined\" rel=\"nofollow noopener\" target=\"_blank\">L\u2019amour est dans le pr\u00e9<\/a> 2026 (disponible <a href=\"https:\/\/www.m6.fr\/l-amour-est-dans-le-pre-p_857\" target=\"_blank\" class=\"c-link c-link--is-underlined\" rel=\"nofollow noopener\">sur M6+Max<\/a>) : Yannick, l&rsquo;\u00e9leveur de vaches normand, y confie \u00e0 <a href=\"https:\/\/www.20minutes.fr\/dossier\/karine_le_marchand\" class=\"c-link c-link--is-underlined\" rel=\"nofollow noopener\" target=\"_blank\">Karine Le\u00a0Marchand<\/a> souffrir d\u2019une <a href=\"https:\/\/www.20minutes.fr\/dossier\/leucemie\" class=\"c-link c-link--is-underlined\" rel=\"nofollow noopener\" target=\"_blank\">leuc\u00e9mie<\/a>, d\u00e9couverte lors d\u2019examens men\u00e9s avant la pose d\u2019un pacemaker. Il dit suivre une <a href=\"https:\/\/www.20minutes.fr\/dossier\/chimiotherapie\" class=\"c-link c-link--is-underlined\" rel=\"nofollow noopener\" target=\"_blank\">chimioth\u00e9rapie<\/a> aux r\u00e9sultats encourageants, rapporte <a href=\"https:\/\/www.ozap.com\/actu\/jai-une-leucemie-un-agriculteur-de-lamour-est-dans-le-pre-2026-annonce-a-karine-le-marchand-etre-atteint-dun-cancer\/656719\" target=\"_blank\" class=\"c-link c-link--is-underlined\" rel=\"nofollow noopener\">PureM\u00e9dias<\/a>.<\/p>\n<p>Une sacr\u00e9 guigne pour celui dont les t\u00e9l\u00e9spectateurs avaient d\u00e9couvert, lors de la pr\u00e9sentation des participants, en janvier dernier, l&rsquo;\u00e9prouvante histoire : Yannick y confiait avoir perdu un fils, puis son \u00e9pouse, morte en 2021. Il avait aussi surv\u00e9cu \u00e0 deux <a href=\"https:\/\/www.20minutes.fr\/dossier\/arret_cardiaque\" class=\"c-link c-link--is-underlined\" rel=\"nofollow noopener\" target=\"_blank\">arr\u00eats cardiaques<\/a>, survenus en 2009 puis en 2019, un parcours qui avait sid\u00e9r\u00e9 Karine Le Marchand.<\/p>\n<p>Combatif et r\u00e9silient<\/p>\n<p>Sans compter que depuis le tournage, le candidat a \u00e9galement fait ses adieux \u00e0 son <a href=\"https:\/\/www.20minutes.fr\/dossier\/cheval\" class=\"c-link c-link--is-underlined\" rel=\"nofollow noopener\" target=\"_blank\">cheval<\/a> et \u00e0 son <a href=\"https:\/\/www.20minutes.fr\/animaux\/chien\" class=\"c-link c-link--is-underlined\" rel=\"nofollow noopener\" target=\"_blank\">chien<\/a>&#8230; Face \u00e0 l\u2019animatrice, il d\u00e9taille son nouvel horizon m\u00e9dical, sans que le diagnostic semble entamer sa combativit\u00e9. \u00ab \u00c7a va le faire, \u00e7a va le faire, r\u00e9p\u00e8te-t-il, confiant dans le suivi de son oncologue. L\u00e0, \u00e7a y est, les analyses montrent que \u00e7a s&rsquo;am\u00e9liore \u00bb.<\/p>\n<p><a href=\"https:\/\/www.20minutes.fr\/television\/l_amour_est_dans_le_pr\/\" class=\"c-link c-btn c-btn--primary\" rel=\"nofollow noopener\" target=\"_blank\">Notre dossier \u00ab L&rsquo;Amour est dans le pr\u00e9 \u00bb<\/a><\/p>\n<p>\u00c0 quelques minutes de rencontrer ses pr\u00e9tendantes, Yannick veut surtout regarder devant lui : \u00ab Et puis, si je rencontre l\u2019\u00e2me s\u0153ur, elle va me booster \u00bb, lance-t-il. Une r\u00e9silience et une volont\u00e9 salu\u00e9es par Karine Le Marchand, qui lui assure qu&rsquo;il est \u00ab exceptionnel \u00bb et qu&rsquo;il a \u00ab toute [s]on admiration \u00bb.<\/p>\n","protected":false},"excerpt":{"rendered":"S\u00e9quence \u00e9motion dans le troisi\u00e8me \u00e9pisode de L\u2019amour est dans le pr\u00e9 2026 (disponible sur M6+Max) : Yannick,&hellip;\n","protected":false},"author":2,"featured_media":234689,"comment_status":"","ping_status":"","sticky":false,"template":"","format":"standard","meta":{"footnotes":"","_share_on_mastodon":"0"},"categories":[99],"tags":[16801,6399,12,13,18,17,89,96,56593,95,122,4420,70951,112],"class_list":["post-234688","post","type-post","status-publish","format-standard","has-post-thumbnail","category-television","tag-agriculteurs","tag-arret-cardiaque","tag-be","tag-be-fr","tag-belgique","tag-belgium","tag-cancer","tag-divertissement","tag-eleveurs","tag-entertainment","tag-karine-le-marchand","tag-lamour-est-dans-le-pre","tag-leucemie","tag-television"],"share_on_mastodon":{"url":"https:\/\/pubeurope.com\/@be_fr\/117196755119421520","error":""},"_links":{"self":[{"href":"https:\/\/www.europesays.com\/be-fr\/wp-json\/wp\/v2\/posts\/234688","targetHints":{"allow":["GET"]}}],"collection":[{"href":"https:\/\/www.europesays.com\/be-fr\/wp-json\/wp\/v2\/posts"}],"about":[{"href":"https:\/\/www.europesays.com\/be-fr\/wp-json\/wp\/v2\/types\/post"}],"author":[{"embeddable":true,"href":"https:\/\/www.europesays.com\/be-fr\/wp-json\/wp\/v2\/users\/2"}],"replies":[{"embeddable":true,"href":"https:\/\/www.europesays.com\/be-fr\/wp-json\/wp\/v2\/comments?post=234688"}],"version-history":[{"count":0,"href":"https:\/\/www.europesays.com\/be-fr\/wp-json\/wp\/v2\/posts\/234688\/revisions"}],"wp:featuredmedia":[{"embeddable":true,"href":"https:\/\/www.europesays.com\/be-fr\/wp-json\/wp\/v2\/media\/234689"}],"wp:attachment":[{"href":"https:\/\/www.europesays.com\/be-fr\/wp-json\/wp\/v2\/media?parent=234688"}],"wp:term":[{"taxonomy":"category","embeddable":true,"href":"https:\/\/www.europesays.com\/be-fr\/wp-json\/wp\/v2\/categories?post=234688"},{"taxonomy":"post_tag","embeddable":true,"href":"https:\/\/www.europesays.com\/be-fr\/wp-json\/wp\/v2\/tags?post=234688"}],"curies":[{"name":"wp","href":"https:\/\/api.w.org\/{rel}","templated":true}]}}