{"id":234734,"date":"2026-09-01T17:10:13","date_gmt":"2026-09-01T17:10:13","guid":{"rendered":"https:\/\/www.europesays.com\/be-fr\/234734\/"},"modified":"2026-09-01T17:10:13","modified_gmt":"2026-09-01T17:10:13","slug":"inflation-en-belgique-previsions-relevees-et-indexation-avancee","status":"publish","type":"post","link":"https:\/\/www.europesays.com\/be-fr\/234734\/","title":{"rendered":"Inflation en Belgique\u00a0: pr\u00e9visions relev\u00e9es et indexation avanc\u00e9e"},"content":{"rendered":"<p>  <img decoding=\"async\" class=\"r-img lazyloaded\" src=\"https:\/\/www.europesays.com\/be-fr\/wp-content\/uploads\/2026\/09\/1788282613_744_ruolo.jpg\" alt=\"Donatella Ruolo\"\/><\/p>\n<p>par <a href=\"https:\/\/www.rtl.be\/341710\/dpi-authors\/donatella-ruolo\" rel=\"nofollow noopener\" target=\"_blank\">Donatella Ruolo<\/a><\/p>\n<p>\tPubli\u00e9 le 01 septembre \u00e0 18h03<\/p>\n<p>  <a href=\"https:\/\/www.google.com\/preferences\/source?q=rtl%20info\" class=\"r-link--google-favorites\" role=\"button\">Ajoutez-nous \u00e0 vos favoris Google<\/a><br \/>\n\tLe Bureau f\u00e9d\u00e9ral du Plan revoit nettement \u00e0 la hausse ses pr\u00e9visions d\u2019inflation. Selon les chiffres relay\u00e9s par Le Soir, l\u2019inflation devrait d\u00e9passer les 5\u00a0% en janvier 2027, principalement en raison de prix de l\u2019\u00e9nergie plus \u00e9lev\u00e9s qu\u2019attendu. Une acc\u00e9l\u00e9ration qui aura \u00e9galement des cons\u00e9quences sur le calendrier des prochaines indexations.<\/p>\n<p>&#13;<br \/>\n&#13;<\/p>\n<p>Mauvaise nouvelle sur le front des prix. Le Bureau f\u00e9d\u00e9ral du Plan a sensiblement relev\u00e9 ses pr\u00e9visions d\u2019inflation pour les prochains mois. En cause\u00a0: l\u2019\u00e9volution attendue des prix du p\u00e9trole, du gaz et de l\u2019\u00e9lectricit\u00e9.<\/p>\n<p>Les prix \u00e0 terme (ou prix attendus) observ\u00e9s sur les march\u00e9s \u00e0 la fin du mois d\u2019ao\u00fbt sont nettement sup\u00e9rieurs \u00e0 ceux enregistr\u00e9s \u00e0 la fin du mois de juin. Le Bureau du Plan s\u2019attend donc d\u00e9sormais \u00e0 une acc\u00e9l\u00e9ration de la hausse des prix \u00e0 la consommation d\u2019ici \u00e0 la fin de l\u2019ann\u00e9e, plus importante qu\u2019envisag\u00e9 dans ses pr\u00e9c\u00e9dentes pr\u00e9visions.<\/p>\n<p>&#13;<br \/>\n&#13;<\/p>\n<p>&#13;<br \/>\n&#13;<br \/>\nPlus de 5\u00a0% d\u2019inflation en janvier<\/p>\n<p>Cette acc\u00e9l\u00e9ration devrait \u00eatre particuli\u00e8rement visible au d\u00e9but de l\u2019ann\u00e9e prochaine. Selon les chiffres cit\u00e9s par Le Soir, l\u2019indice des prix \u00e0 la consommation devrait progresser de 5,24\u00a0% sur un an en janvier 2027. L\u2019indice sant\u00e9, qui ne tient notamment pas compte des boissons alcoolis\u00e9es, du tabac et des carburants \u00e0 l\u2019exception du LPG, devrait pour sa part augmenter de 4,72\u00a0%.<\/p>\n<p>Les pr\u00e9visions ont donc \u00e9t\u00e9 s\u00e9rieusement revues \u00e0 la hausse en l\u2019espace de deux mois. En juillet, le Bureau du Plan tablait encore sur une inflation de 4,05\u00a0% en janvier 2027 et sur une progression de 3,82\u00a0% de l\u2019indice sant\u00e9.<\/p>\n<p>Cette pouss\u00e9e ne devrait toutefois pas se poursuivre ind\u00e9finiment. Le Bureau du Plan pr\u00e9voit toujours un ralentissement de l\u2019inflation au cours de l\u2019ann\u00e9e prochaine, avec un retour vers les 2\u00a0% \u00e0 la fin de la p\u00e9riode couverte par ses pr\u00e9visions.<\/p>\n<p>&#13;<br \/>\n&#13;<\/p>\n<p>&#13;<br \/>\n&#13;<br \/>\n3,6\u00a0% d\u2019inflation en moyenne cette ann\u00e9e<\/p>\n<p>Sur l\u2019ensemble de l\u2019ann\u00e9e 2026, l\u2019inflation devrait d\u00e9sormais atteindre 3,6\u00a0% en moyenne, contre 3,1\u00a0% dans les pr\u00e9visions publi\u00e9es d\u00e9but juillet. Pour 2027, elle est attendue \u00e0 3,4\u00a0%, alors que la pr\u00e9c\u00e9dente estimation \u00e9tait de 2,7\u00a0%.<\/p>\n<p>M\u00eame constat pour l\u2019indice sant\u00e9. Sa progression moyenne devrait atteindre 3,2\u00a0% cette ann\u00e9e et 3,4\u00a0% en 2027. Il y a deux mois, le Bureau du Plan pr\u00e9voyait encore une hausse de 2,9\u00a0% pour chacune de ces deux ann\u00e9es.<\/p>\n<p>L\u2019indice pivot d\u00e9pass\u00e9 d\u00e8s d\u00e9cembre<\/p>\n<p>Cette acc\u00e9l\u00e9ration de l\u2019inflation aura aussi des cons\u00e9quences sur les indexations. En Belgique, l\u2019indexation automatique des salaires repose sur l\u2019indice sant\u00e9, m\u00eame si les modalit\u00e9s varient selon les secteurs et les commissions paritaires.<\/p>\n<p>Pour les fonctionnaires et les b\u00e9n\u00e9ficiaires de prestations sociales, notamment les pensionn\u00e9s, l\u2019adaptation intervient apr\u00e8s le franchissement d\u2019un seuil appel\u00e9 \u00ab\u00a0indice pivot\u00a0\u00bb. Celui-ci avait d\u00e9j\u00e0 \u00e9t\u00e9 d\u00e9pass\u00e9 en juin.<\/p>\n<p>\n  &#13;<br \/>\n  \u00c0 lire aussi&#13;<br \/>\n  &#13;<\/p>\n<p>  <img decoding=\"async\" data-copyright=\"RTL info\" class=\"r-img\"  typeof=\"foaf:Image\" src=\"https:\/\/www.europesays.com\/be-fr\/wp-content\/uploads\/2026\/09\/1788282613_670_99617574.jpeg\" alt=\"Julie Fr\u00e8re, porte-parole de Test\"\/><br \/>\n        <a class=\"r-stories--link\" href=\"https:\/\/www.rtl.be\/actu\/belgique\/economie\/les-bons-detat-font-leur-retour-sont-ils-plus-interessants-que-votre-compte\/2026-09-01\/article\/798961\" rel=\"nofollow noopener\" target=\"_blank\">Les bons d\u2019\u00c9tat font leur retour\u00a0: sont-ils plus int\u00e9ressants que votre compte d\u2019\u00e9pargne\u00a0?<\/a>&#13;<br \/>\n  &#13;<br \/>\n&#13;\n<\/p>\n<p>Les salaires des agents des services publics et les prestations sociales sont donc index\u00e9s en ce mois de septembre. Avec le syst\u00e8me de l\u2019 \u00ab\u00a0index en centimes\u00a0\u00bb, la hausse de 2\u00a0% est appliqu\u00e9e jusqu\u2019\u00e0 2.000 euros bruts par mois pour les prestations sociales et jusqu\u2019\u00e0 4.000 euros bruts mensuels pour les fonctionnaires.<\/p>\n<p>Un nouveau d\u00e9passement de l\u2019indice pivot devrait d\u00e9sormais intervenir beaucoup plus rapidement que pr\u00e9vu. Le Bureau du Plan le situe en d\u00e9cembre 2026, puis pr\u00e9voit un nouveau franchissement en juillet 2027. Dans ses pr\u00e9c\u00e9dentes estimations, ces deux d\u00e9passements n\u2019\u00e9taient attendus qu\u2019en janvier et en d\u00e9cembre 2027. L\u2019acc\u00e9l\u00e9ration de l\u2019inflation au second semestre avance donc sensiblement le calendrier.<\/p>\n<p>&#13;<br \/>\n&#13;<\/p>\n<p>&#13;<br \/>\n&#13;<\/p>\n<p><a class=\"r-btn r-btn--tag\" href=\"https:\/\/www.rtl.be\/160\/free-tags\/economie\" title=\"\u00e9conomie\" rel=\"nofollow noopener\" target=\"_blank\">\u00e9conomie<\/a><br \/>\n<a class=\"r-btn r-btn--tag\" href=\"https:\/\/www.rtl.be\/333452\/locations\/belgique\" title=\"Belgique\" rel=\"nofollow noopener\" target=\"_blank\">Belgique<\/a><\/p>\n","protected":false},"excerpt":{"rendered":"par Donatella Ruolo Publi\u00e9 le 01 septembre \u00e0 18h03 Ajoutez-nous \u00e0 vos favoris Google Le Bureau f\u00e9d\u00e9ral du&hellip;\n","protected":false},"author":2,"featured_media":234735,"comment_status":"","ping_status":"","sticky":false,"template":"","format":"standard","meta":{"footnotes":"","_share_on_mastodon":"0"},"categories":[8],"tags":[10,12,13,18,17,54923,72507,72508,72509,3291,11,42823,29609,14705],"class_list":["post-234734","post","type-post","status-publish","format-standard","has-post-thumbnail","category-actualites","tag-actualites","tag-be","tag-be-fr","tag-belgique","tag-belgium","tag-bureau-federal-du-plan","tag-indexation","tag-indice-pivot","tag-indice-sante","tag-inflation","tag-news","tag-previsions-economiques","tag-prix-de-lenergie","tag-salaires"],"share_on_mastodon":{"url":"https:\/\/pubeurope.com\/@be_fr\/117196897015023335","error":""},"_links":{"self":[{"href":"https:\/\/www.europesays.com\/be-fr\/wp-json\/wp\/v2\/posts\/234734","targetHints":{"allow":["GET"]}}],"collection":[{"href":"https:\/\/www.europesays.com\/be-fr\/wp-json\/wp\/v2\/posts"}],"about":[{"href":"https:\/\/www.europesays.com\/be-fr\/wp-json\/wp\/v2\/types\/post"}],"author":[{"embeddable":true,"href":"https:\/\/www.europesays.com\/be-fr\/wp-json\/wp\/v2\/users\/2"}],"replies":[{"embeddable":true,"href":"https:\/\/www.europesays.com\/be-fr\/wp-json\/wp\/v2\/comments?post=234734"}],"version-history":[{"count":0,"href":"https:\/\/www.europesays.com\/be-fr\/wp-json\/wp\/v2\/posts\/234734\/revisions"}],"wp:featuredmedia":[{"embeddable":true,"href":"https:\/\/www.europesays.com\/be-fr\/wp-json\/wp\/v2\/media\/234735"}],"wp:attachment":[{"href":"https:\/\/www.europesays.com\/be-fr\/wp-json\/wp\/v2\/media?parent=234734"}],"wp:term":[{"taxonomy":"category","embeddable":true,"href":"https:\/\/www.europesays.com\/be-fr\/wp-json\/wp\/v2\/categories?post=234734"},{"taxonomy":"post_tag","embeddable":true,"href":"https:\/\/www.europesays.com\/be-fr\/wp-json\/wp\/v2\/tags?post=234734"}],"curies":[{"name":"wp","href":"https:\/\/api.w.org\/{rel}","templated":true}]}}