{"id":234878,"date":"2026-09-01T18:46:13","date_gmt":"2026-09-01T18:46:13","guid":{"rendered":"https:\/\/www.europesays.com\/be-fr\/234878\/"},"modified":"2026-09-01T18:46:13","modified_gmt":"2026-09-01T18:46:13","slug":"celine-dion-a-paris-la-chanteuse-affiche-une-totale-determination-avant-son-retour-sur-scene-selon-sa-biographe","status":"publish","type":"post","link":"https:\/\/www.europesays.com\/be-fr\/234878\/","title":{"rendered":"C\u00e9line Dion\u00a0\u00e0 Paris : La chanteuse affiche une \u00ab\u00a0totale d\u00e9termination\u00a0\u00bb avant son retour sur sc\u00e8ne, selon sa biographe"},"content":{"rendered":"<p>La passion l\u2019habite toujours\u2026 \u00c0 l\u2019approche de son <a href=\"https:\/\/www.20minutes.fr\/arts-stars\/culture\/musique\/4215862-20260330-direct-retour-celine-dion-annonces-officielles-attendues-soir\" class=\"c-link c-link--is-underlined\" rel=\"nofollow noopener\" target=\"_blank\">retour sur sc\u00e8ne, le 12\u00a0septembre 2026,<\/a> pr\u00e8s de Paris, <a href=\"https:\/\/www.20minutes.fr\/dossier\/celine-dion\" class=\"c-link c-link--is-underlined\" rel=\"nofollow noopener\" target=\"_blank\">C\u00e9line Dion<\/a> est guid\u00e9e par sa \u00ab\u00a0totale d\u00e9termination\u00a0\u00bb et son excitation de retrouver le public, a d\u00e9crit \u00e0 l\u2019AFP Elisabeth Reynaud, autrice de livres biographiques sur la diva.<\/p>\n<p>Les retrouvailles se veulent ambitieuses, \u00e0 la hauteur de la notori\u00e9t\u00e9 de la Qu\u00e9b\u00e9coise la plus c\u00e9l\u00e8bre au monde\u00a0: <a href=\"https:\/\/www.20minutes.fr\/arts-stars\/people\/4241465-20260828-celine-dion-debarque-france-deux-semaines-avant-debut-serie-concerts\" class=\"c-link c-link--is-underlined\" rel=\"nofollow noopener\" target=\"_blank\">arriv\u00e9e vendredi 28\u00a0ao\u00fbt \u00e0 Paris<\/a> sous l\u2019acclamation d\u2019admirateurs, C\u00e9line Dion se pr\u00e9pare \u00e0 lancer une s\u00e9rie de 16 concerts, apr\u00e8s plus de six ans loin de la sc\u00e8ne. <a href=\"https:\/\/www.20minutes.fr\/arts-stars\/culture\/4226513-20260601-celine-dion-chanteuse-annonce-dix-nouveaux-concerts-paris-mai-2027\" class=\"c-link c-link--is-underlined\" rel=\"nofollow noopener\" target=\"_blank\">Dix autres sont pr\u00e9vus en mai\u00a02027<\/a>.<\/p>\n<p>C\u00e9line \u00ab\u00a0la Boss\u00a0\u00bb<\/p>\n<p>Interrog\u00e9e par l\u2019AFP sur ce d\u00e9fi \u2013 trois concerts par semaine devant environ 30.000 spectateurs par soir \u2013, la biographe Elisabeth Reynaud, qui lui a consacr\u00e9 des <a href=\"https:\/\/www.20minutes.fr\/arts-stars\/livres\/\" class=\"c-link c-link--is-underlined\" rel=\"nofollow noopener\" target=\"_blank\">livres<\/a> et l\u2019a rencontr\u00e9e \u00e0 plusieurs reprises, assure que la <a href=\"https:\/\/www.20minutes.fr\/dossier\/stars\" class=\"c-link c-link--is-underlined\" rel=\"nofollow noopener\" target=\"_blank\">star<\/a> ne laisse rien au hasard.<\/p>\n<p>\u00ab\u00a0Elle est dans un \u00e9tat de totale d\u00e9termination\u00a0: quand elle dit \u00ab\u00a0c\u2019est moi le boss\u00a0\u00bb, attention, c\u2019est ELLE le boss\u00a0!\u00a0\u00bb, d\u00e9clare l\u2019\u00e9crivaine qui publie mercredi 2\u00a0septembre <a href=\"https:\/\/www.editions-larousse.fr\/livre\/celine-dion-elisabeth-reynaud-9782036096011\/\" target=\"_blank\" class=\"c-link c-link--is-underlined\" rel=\"nofollow noopener\">C\u00e9line Dion by Elisabeth Reynaud<\/a> (Larousse). Autour de nombreuses photos d\u2019archives, cet ouvrage grand format retrace le parcours de la chanteuse aux quelque 260\u00a0millions d\u2019albums vendus.<\/p>\n<p>Une artiste super investie<\/p>\n<p>Pour autant, la vie de cette artiste de 58 ans \u00ab\u00a0n\u2019est pas du tout un conte de f\u00e9es, parce qu\u2019il n\u2019y a pas de baguette magique\u00a0\u00bb, insiste l\u2019autrice, rappelant le milieu modeste de sa famille install\u00e9e dans la petite ville de Charlemagne, au <a href=\"https:\/\/www.20minutes.fr\/monde\/quebec\/\" class=\"c-link c-link--is-underlined\" rel=\"nofollow noopener\" target=\"_blank\">Qu\u00e9bec<\/a>. Son parcours r\u00e9sulte d\u2019une \u00ab\u00a0somme fabuleuse de travail, de discipline\u00a0\u00bb, estime-t-elle.<\/p>\n<p>\u00ab\u00a0J\u2019essaie de garder toute mon \u00e9nergie pour vraiment donner le meilleur de moi-m\u00eame\u00a0\u00bb sur sc\u00e8ne, a d\u2019ailleurs confi\u00e9 lundi soir C\u00e9line Dion \u00e0 des fans, devant le palace o\u00f9 elle s\u00e9journe. Concentr\u00e9e sur les r\u00e9p\u00e9titions, elle leur a assur\u00e9 n\u2019avoir pour l\u2019heure pas le temps de go\u00fbter \u00e0 la vie parisienne. \u00ab\u00a0Si je commence \u00e0 sortir et aller partout o\u00f9 je voudrais aller, \u00e7a ne serait pas professionnel\u00a0\u00bb, a-t-elle expliqu\u00e9.<\/p>\n<p>Une sant\u00e9 fragile<\/p>\n<p>Malgr\u00e9 cette pugnacit\u00e9, des \u00e9v\u00e9nements l\u2019ont contrainte \u00e0 reporter ses envies de live\u00a0: \u00e0 la <a href=\"https:\/\/www.20minutes.fr\/societe\/covid-19\/\" class=\"c-link c-link--is-underlined\" rel=\"nofollow noopener\" target=\"_blank\">pand\u00e9mie de Covid<\/a> se sont ajout\u00e9s les soubresauts de la <a href=\"https:\/\/www.20minutes.fr\/arts-stars\/culture\/musique\/4081709-20240317-celine-dion-atteinte-maladie-auto-immune-chanteuse-determinee-remonter-jour-scene\" class=\"c-link c-link--is-underlined\" rel=\"nofollow noopener\" target=\"_blank\">maladie neurologique rare et incurable qui l\u2019affecte<\/a> depuis pr\u00e8s de vingt ans. Celle-ci peut, \u00e0 tout moment, resurgir pour provoquer raideurs musculaires et spasmes.<\/p>\n<p>\u00ab\u00a0En m\u00eame temps, <a href=\"https:\/\/www.20minutes.fr\/monde\/etats-unis\/4106555-20240825-dit-fait-denver-neurologue-amanda-piquet-continue-soigner-celine-dion\" class=\"c-link c-link--is-underlined\" rel=\"nofollow noopener\" target=\"_blank\">elle se soigne de fa\u00e7on totale<\/a>, elle fait de la kin\u00e9sith\u00e9rapie, de l\u2019entra\u00eenement physique\u00a0\u00bb, souligne Elisabeth Reynaud, louant la r\u00e9silience de l\u2019artiste capable, en\u00a02012, de passer plusieurs semaines sans prononcer un mot pour gu\u00e9rir ses cordes vocales enflamm\u00e9es.<\/p>\n<p>La Diva va r\u00e9galer ses fans<\/p>\n<p>Les fans tr\u00e9pignent d\u00e9sormais \u00e0 l\u2019id\u00e9e de l\u2019entendre entonner ses tubes, comme <a href=\"https:\/\/www.youtube.com\/watch?v=AzaTyxMduH4\" target=\"_blank\" class=\"c-link c-link--is-underlined\" rel=\"nofollow noopener\">Pour que tu m\u2019aimes encore<\/a> ou <a href=\"https:\/\/www.youtube.com\/watch?v=NJsa6-y4sDs\" target=\"_blank\" class=\"c-link c-link--is-underlined\" rel=\"nofollow noopener\">I\u2019m Alive<\/a>, dans l\u2019enceinte de la Plenitude Arena, aux portes de la capitale. Car l\u2019interpr\u00e9tation, \u00ab\u00a0c\u2019est vraiment le don de C\u00e9line\u00a0\u00bb, s\u2019enthousiasme la biographe.<\/p>\n<p>Loin de la d\u00e9butante surdou\u00e9e qui remporta l\u2019<a href=\"https:\/\/www.20minutes.fr\/arts-stars\/culture\/eurovision\/\" class=\"c-link c-link--is-underlined\" rel=\"nofollow noopener\" target=\"_blank\">Eurovision<\/a> en repr\u00e9sentant la Suisse en\u00a01988, C\u00e9line Dion a peu \u00e0 peu construit une image de diva \u00e0 la trajectoire extraordinaire, dont la carri\u00e8re reste intimement li\u00e9e \u00e0 la France et au talent lou\u00e9 par ses pairs comme <a href=\"https:\/\/www.20minutes.fr\/dossier\/adele\" class=\"c-link c-link--is-underlined\" rel=\"nofollow noopener\" target=\"_blank\">Adele<\/a> ou <a href=\"https:\/\/www.20minutes.fr\/dossier\/ariana_grande\" class=\"c-link c-link--is-underlined\" rel=\"nofollow noopener\" target=\"_blank\">Ariana Grande<\/a>.<\/p>\n<p><a href=\"https:\/\/www.20minutes.fr\/dossier\/celine-dion\" class=\"c-link c-btn c-btn--primary\" rel=\"nofollow noopener\" target=\"_blank\">Toute l&rsquo;actualit\u00e9 de C\u00e9line Dion<\/a><\/p>\n<p>\u00ab\u00a0A l\u2019heure actuelle, C\u00e9line tourne autour de son immense succ\u00e8s. Mais elle a le droit, parce qu\u2019au bout de quarante ans de travail, elle est autoris\u00e9e \u00e0 essayer d\u2019en tirer le maximum\u00a0\u00bb, observe Elisabeth Reynaud, qui a \u00e9crit sur l\u2019itin\u00e9raire de femmes illustres. \u00c0 ses yeux, \u00ab\u00a0C\u00e9line Dion n\u2019a rien vol\u00e9, elle a tout conquis\u00a0\u00bb.<\/p>\n","protected":false},"excerpt":{"rendered":"La passion l\u2019habite toujours\u2026 \u00c0 l\u2019approche de son retour sur sc\u00e8ne, le 12\u00a0septembre 2026, pr\u00e8s de Paris, C\u00e9line&hellip;\n","protected":false},"author":2,"featured_media":234879,"comment_status":"","ping_status":"","sticky":false,"template":"","format":"standard","meta":{"footnotes":"","_share_on_mastodon":"0"},"categories":[98],"tags":[12,13,18,17,426,173,770,366,419,96,95,5752,383,107,108,943,1142,3868,5977],"class_list":["post-234878","post","type-post","status-publish","format-standard","has-post-thumbnail","category-musique","tag-be","tag-be-fr","tag-belgique","tag-belgium","tag-celine-dion","tag-chanson","tag-chanteuse","tag-concert","tag-culture","tag-divertissement","tag-entertainment","tag-ile-de-france","tag-livres","tag-music","tag-musique","tag-paris","tag-quebec","tag-stars","tag-tube"],"share_on_mastodon":{"url":"https:\/\/pubeurope.com\/@be_fr\/117197273989517687","error":""},"_links":{"self":[{"href":"https:\/\/www.europesays.com\/be-fr\/wp-json\/wp\/v2\/posts\/234878","targetHints":{"allow":["GET"]}}],"collection":[{"href":"https:\/\/www.europesays.com\/be-fr\/wp-json\/wp\/v2\/posts"}],"about":[{"href":"https:\/\/www.europesays.com\/be-fr\/wp-json\/wp\/v2\/types\/post"}],"author":[{"embeddable":true,"href":"https:\/\/www.europesays.com\/be-fr\/wp-json\/wp\/v2\/users\/2"}],"replies":[{"embeddable":true,"href":"https:\/\/www.europesays.com\/be-fr\/wp-json\/wp\/v2\/comments?post=234878"}],"version-history":[{"count":0,"href":"https:\/\/www.europesays.com\/be-fr\/wp-json\/wp\/v2\/posts\/234878\/revisions"}],"wp:featuredmedia":[{"embeddable":true,"href":"https:\/\/www.europesays.com\/be-fr\/wp-json\/wp\/v2\/media\/234879"}],"wp:attachment":[{"href":"https:\/\/www.europesays.com\/be-fr\/wp-json\/wp\/v2\/media?parent=234878"}],"wp:term":[{"taxonomy":"category","embeddable":true,"href":"https:\/\/www.europesays.com\/be-fr\/wp-json\/wp\/v2\/categories?post=234878"},{"taxonomy":"post_tag","embeddable":true,"href":"https:\/\/www.europesays.com\/be-fr\/wp-json\/wp\/v2\/tags?post=234878"}],"curies":[{"name":"wp","href":"https:\/\/api.w.org\/{rel}","templated":true}]}}