{"id":234882,"date":"2026-09-01T18:50:24","date_gmt":"2026-09-01T18:50:24","guid":{"rendered":"https:\/\/www.europesays.com\/be-fr\/234882\/"},"modified":"2026-09-01T18:50:24","modified_gmt":"2026-09-01T18:50:24","slug":"nkada-henry-zeqiri-retour-sur-un-lundi-pas-comme-les-autres-au-standard","status":"publish","type":"post","link":"https:\/\/www.europesays.com\/be-fr\/234882\/","title":{"rendered":"Nkada, Henry, Zeqiri\u00a0: retour sur un lundi pas comme les autres au Standard"},"content":{"rendered":"<p class=\"ap-StoryElement ap-StoryElement--mb ap-StoryText\">De retour \u00e0 la case d\u00e9part, Henry se savait en transit. Il restait des pistes, notamment en France et en Italie. C&rsquo;est dans la Botte, \u00e0 l&rsquo;AC Reggiana (Serie C), qu&rsquo;il va vraisemblablement signer pour deux saisons, lib\u00e9r\u00e9 par le Standard. Ce lundi, il ne restait que quelques d\u00e9tails \u00e0 r\u00e9gler.<\/p>\n<p class=\"ap-StoryElement ap-StoryElement--mb ap-StoryText\">Il s&rsquo;agit d&rsquo;un projet sportif et d&rsquo;un choix de vie pour celui qui a d\u00e9j\u00e0 v\u00e9cu quatre ans en Italie (Venise, V\u00e9rone et Palerme) et qui, \u00e0 31 ans, voit doucement poindre le cr\u00e9puscule de sa carri\u00e8re.<\/p>\n<p>Nkada donne son feu vert \u00e0 Troyes<\/p>\n<p class=\"ap-StoryElement ap-StoryElement--mb ap-StoryText\">Toujours en attaque, Timoth\u00e9 Nkada, <a href=\"https:\/\/www.lavenir.net\/sports\/football\/d1a\/2026\/08\/10\/ilaimaharitra-siffle-par-sclessin-et-nkada-recadre-par-lentraineur-quelle-issue-pour-les-deux-joueurs-du-standard-JMR2CG6DEFD6NLYDGM4EUPKIJM\/\" target=\"_self\" rel=\"nofollow noopener\">pouss\u00e9 vers la sortie<\/a> et absent de la s\u00e9lection samedi dernier \u00e0 OHL (1-2), \u00e9tait \u00e0 Troyes ce lundi pour passer sa visite m\u00e9dicale. L&rsquo;attaquant de 27 ans, qui avait pr\u00e9alablement refus\u00e9 de rejoindre Nantes puisqu&rsquo;il ne veut pas retourner en Ligue 2, a donn\u00e9 son feu vert.<\/p>\n<p class=\"ap-StoryElement ap-StoryElement--mb ap-StoryText\">Les n\u00e9gociations entre clubs se centrent sur un pr\u00eat avec option d&rsquo;achat avoisinant les 2 millions d&rsquo;euros, alors que le Standard en avait d\u00e9pens\u00e9 1,8 pour le recruter \u00e0 Rodez il y a un an.<\/p>\n<p>Zeqiri, retrouvailles tant attendues<\/p>\n<p class=\"ap-StoryElement ap-StoryElement--mb ap-StoryText\">Tout cela doit enfin permettre de d\u00e9canter le dossier Andi Zeqiri, au frigo ces derniers jours dans l&rsquo;attente d&rsquo;une sortie pr\u00e9alable.<\/p>\n<p class=\"ap-StoryElement ap-StoryElement--mb ap-StoryText\">Le Suisse (27 ans) devrait arriver sous la forme d&rsquo;un pr\u00eat de deux saisons en provenance du club polonais de Widzew Lodz, qui ne compte plus sur lui.<\/p>\n<p>guillement<\/p>\n<p class=\"ap-StoryQuote-text\">Sportivement, je serais revenu avec plaisir. J&rsquo;ai kiff\u00e9 ma saison au Standard.<\/p>\n<p class=\"ap-StoryElement ap-StoryElement--mb ap-StoryText\">D\u00e9j\u00e0 pr\u00eat\u00e9 au Standard en 2024-25 (10 buts, 4 assists en 26 matchs) lorsqu&rsquo;il \u00e9tait sous contrat \u00e0 Genk, Zeqiri avait discut\u00e9 avec Marc Wilmots d\u00e8s l&rsquo;\u00e9t\u00e9 pass\u00e9 mais son option n&rsquo;avait pas pu \u00eatre lev\u00e9e.<\/p>\n<p class=\"ap-StoryElement ap-StoryElement--mb ap-StoryText\">\u00ab\u00a0Le Standard \u00e9tait pr\u00eat \u00e0 consentir un effort, moi aussi, mais il restait un \u00e9cart financier, <a href=\"https:\/\/www.lavenir.net\/sports\/football\/d1a\/2025\/10\/31\/son-kiff-a-sclessin-le-desamour-des-fans-de-genk-et-son-exode-en-pologne-andi-zeqiri-se-livre-cet-ete-jai-discute-deux-fois-avec-marc-wilmots-LZCLEQFNOREMREDORQU2NJRVYI\/\" target=\"_self\" rel=\"nofollow noopener\">avait-il confi\u00e9 \u00e0 L&rsquo;Avenir en octobre.<\/a> Sportivement, je serais revenu avec plaisir. J&rsquo;ai kiff\u00e9 ma saison l\u00e0-bas. Je sentais qu&rsquo;on avait confiance en moi, on m&rsquo;a mis dans de bonnes conditions pour performer.\u00a0\u00bb<\/p>\n<p class=\"ap-StoryElement ap-StoryElement--mb ap-StoryText\">Si le deal aboutit comme attendu, il faudra quelques semaines au joueur pour se mettre \u00e0 niveau physiquement. Mais ce retour offrirait une option suppl\u00e9mentaire pr\u00e9cieuse \u00e0 Vincent Euvrard, tandis que le public de Sclessin sera ravi de retrouver un attaquant qui colle \u00e0 l&rsquo;identit\u00e9 du club.<\/p>\n<p class=\"ap-StoryElement ap-StoryElement--mb ap-StoryText\">Pour rappel, la cl\u00f4ture du mercato entrant en Belgique est fix\u00e9e \u00e0 ce jeudi 3 septembre \u00e0 23h59. D&rsquo;ici l\u00e0, tant que tout n&rsquo;est pas sign\u00e9, rien n&rsquo;est fait.<\/p>\n","protected":false},"excerpt":{"rendered":"De retour \u00e0 la case d\u00e9part, Henry se savait en transit. Il restait des pistes, notamment en France&hellip;\n","protected":false},"author":2,"featured_media":234883,"comment_status":"","ping_status":"","sticky":false,"template":"","format":"standard","meta":{"footnotes":"","_share_on_mastodon":"0"},"categories":[81],"tags":[2821,41,12,13,18,17,6098,1080,482,1752,1753,628,4754,4142,1535,1853,6099,26,6100,6101,3914,894,6102,6103,9337,9338,1545,9339,2845,9340,906,369,84,9341,9342,6104,2861,1082,1549],"class_list":["post-234882","post","type-post","status-publish","format-standard","has-post-thumbnail","category-sports","tag-vkalut","tag-41","tag-be","tag-be-fr","tag-belgique","tag-belgium","tag-de-wolven","tag-foot","tag-football","tag-jpl","tag-jupiler","tag-jupiler-pro-league","tag-la","tag-la-louviere","tag-league","tag-les","tag-les-loups","tag-liege","tag-loups","tag-louviere","tag-luik","tag-match","tag-raal","tag-raal-la-louviere","tag-rodjes","tag-rouches","tag-rouges","tag-rouges-et-blancs","tag-royal","tag-rscl","tag-soccer","tag-sport","tag-sports","tag-standard","tag-standardmen","tag-tivoli","tag-vincent-kalut","tag-voetbal","tag-wedstrijd"],"share_on_mastodon":{"url":"https:\/\/pubeurope.com\/@be_fr\/117197290009748006","error":""},"_links":{"self":[{"href":"https:\/\/www.europesays.com\/be-fr\/wp-json\/wp\/v2\/posts\/234882","targetHints":{"allow":["GET"]}}],"collection":[{"href":"https:\/\/www.europesays.com\/be-fr\/wp-json\/wp\/v2\/posts"}],"about":[{"href":"https:\/\/www.europesays.com\/be-fr\/wp-json\/wp\/v2\/types\/post"}],"author":[{"embeddable":true,"href":"https:\/\/www.europesays.com\/be-fr\/wp-json\/wp\/v2\/users\/2"}],"replies":[{"embeddable":true,"href":"https:\/\/www.europesays.com\/be-fr\/wp-json\/wp\/v2\/comments?post=234882"}],"version-history":[{"count":0,"href":"https:\/\/www.europesays.com\/be-fr\/wp-json\/wp\/v2\/posts\/234882\/revisions"}],"wp:featuredmedia":[{"embeddable":true,"href":"https:\/\/www.europesays.com\/be-fr\/wp-json\/wp\/v2\/media\/234883"}],"wp:attachment":[{"href":"https:\/\/www.europesays.com\/be-fr\/wp-json\/wp\/v2\/media?parent=234882"}],"wp:term":[{"taxonomy":"category","embeddable":true,"href":"https:\/\/www.europesays.com\/be-fr\/wp-json\/wp\/v2\/categories?post=234882"},{"taxonomy":"post_tag","embeddable":true,"href":"https:\/\/www.europesays.com\/be-fr\/wp-json\/wp\/v2\/tags?post=234882"}],"curies":[{"name":"wp","href":"https:\/\/api.w.org\/{rel}","templated":true}]}}