{"id":234968,"date":"2026-09-01T19:37:17","date_gmt":"2026-09-01T19:37:17","guid":{"rendered":"https:\/\/www.europesays.com\/be-fr\/234968\/"},"modified":"2026-09-01T19:37:17","modified_gmt":"2026-09-01T19:37:17","slug":"lamour-est-dans-le-pre-en-avant-premiere-recit-inedit-de-jean-denis-lejeune-et-grands-rendez-vous-sportifs-ce-qui-vous-attend-sur-rtl-play-en-septembre","status":"publish","type":"post","link":"https:\/\/www.europesays.com\/be-fr\/234968\/","title":{"rendered":"\u00ab\u00a0L\u2019Amour est dans le pr\u00e9\u00a0\u00bb en avant-premi\u00e8re, r\u00e9cit in\u00e9dit de Jean-Denis Lejeune et grands rendez-vous sportifs\u00a0: ce qui vous attend sur RTL play en septembre"},"content":{"rendered":"<p>\n  <img decoding=\"async\" class=\"r-img lazy\" data-  src=\"https:\/\/www.europesays.com\/be-fr\/wp-content\/uploads\/2026\/09\/99651749.jpeg\" typeof=\"foaf:Image\" alt=\"queen-south-popup.jpg\"\/><img decoding=\"async\" class=\"r-img\" src=\"https:\/\/www.europesays.com\/be-fr\/wp-content\/uploads\/2026\/09\/99651749.jpeg\" alt=\"queen-south-popup.jpg\"\/>\n<\/p>\n<p>Changement d\u2019ambiance le 14 septembre avec Modern Love. Inspir\u00e9e de la c\u00e9l\u00e8bre chronique du New York Times, cette s\u00e9rie d\u2019anthologie explore l\u2019amour sous toutes ses formes, de la romance aux liens familiaux en passant par l\u2019amiti\u00e9.<\/p>\n<p>\n  <img decoding=\"async\" class=\"r-img lazy\" data-  src=\"https:\/\/www.europesays.com\/be-fr\/wp-content\/uploads\/2026\/09\/99652213.jpeg\" typeof=\"foaf:Image\" alt=\"ModernLove_101_102_2_UnitSelects.jpeg\"\/><img decoding=\"async\" class=\"r-img\" src=\"https:\/\/www.europesays.com\/be-fr\/wp-content\/uploads\/2026\/09\/99652213.jpeg\" alt=\"ModernLove_101_102_2_UnitSelects.jpeg\"\/>\n<\/p>\n<p>Les amateurs de thrillers psychologiques auront quant \u00e0 eux rendez-vous le 21 septembre avec Bates Motel. La s\u00e9rie revient sur la jeunesse de Norman Bates, le c\u00e9l\u00e8bre personnage de Psychose, et sur sa relation aussi fusionnelle que troublante avec sa m\u00e8re.<\/p>\n<p>La t\u00e9l\u00e9r\u00e9alit\u00e9 au rendez-vous<\/p>\n<p>Les fans de t\u00e9l\u00e9r\u00e9alit\u00e9 ne seront pas en reste. La Villa des C\u0153urs Bris\u00e9s continuera de d\u00e9voiler un nouvel \u00e9pisode du lundi au vendredi. Cette saison, les candidats devront notamment se confronter \u00e0 trois nouvelles exp\u00e9riences et \u00e0 une myst\u00e9rieuse Bo\u00eete Noire susceptible de faire tomber les masques.<\/p>\n<p>\n  <img decoding=\"async\" class=\"r-img lazy\" data-  src=\"https:\/\/www.europesays.com\/be-fr\/wp-content\/uploads\/2026\/09\/99652492.jpeg\" typeof=\"foaf:Image\" alt=\"villa-coeurs-s11-wallpaper.jpg\"\/><img decoding=\"async\" class=\"r-img\" src=\"https:\/\/www.europesays.com\/be-fr\/wp-content\/uploads\/2026\/09\/99652492.jpeg\" alt=\"villa-coeurs-s11-wallpaper.jpg\"\/>\n<\/p>\n<p>M\u00eame rythme pour Les Apprentis Aventuriers, avec un nouvel \u00e9pisode chaque jour de la semaine. Pour cette saison anniversaire, sept nouvelles \u00e9quipes tenteront de survivre dans un environnement sauvage tout en r\u00e9coltant des perles capables de bouleverser leur aventure. Avec une menace suppl\u00e9mentaire\u00a0: la redoutable perle noire.<\/p>\n<p>\n  <img decoding=\"async\" class=\"r-img lazy\" data-  src=\"https:\/\/www.europesays.com\/be-fr\/wp-content\/uploads\/2026\/09\/99652565.jpeg\" typeof=\"foaf:Image\" alt=\"apprentis-aventuriers-s9-vignette.jpg\"\/><img decoding=\"async\" class=\"r-img\" src=\"https:\/\/www.europesays.com\/be-fr\/wp-content\/uploads\/2026\/09\/99652565.jpeg\" alt=\"apprentis-aventuriers-s9-vignette.jpg\"\/>\n<\/p>\n<p>Les avant-premi\u00e8res exclusives<\/p>\n<p>Septembre marquera \u00e9galement le retour de L\u2019Amour est dans le pr\u00e9. Apr\u00e8s les portraits des agriculteurs, d\u00e9j\u00e0 disponibles sur <a href=\"https:\/\/www.rtlplay.be\/rtlplay\/lamour-est-dans-le-pre~4d95209c-9501-4b98-85a3-2d5bb7d47b67?utm_source=RTL_INFO&amp;utm_medium=cross_link&amp;utm_campaign=rtl_info_inside\" target=\"_blank\" rel=\"nofollow noopener\">RTL play<\/a>, la 18e saison pr\u00e9sent\u00e9e par Maria del Rio entrera dans le vif du sujet. L\u2019\u00e9pisode des lettres sera propos\u00e9 en avant-premi\u00e8re d\u00e8s le 13 septembre, avant les speed-datings d\u00e8s le 20 septembre.<\/p>\n<p>\n  <img decoding=\"async\" class=\"r-img lazy\" data-  src=\"https:\/\/www.europesays.com\/be-fr\/wp-content\/uploads\/2026\/09\/98727615.jpeg\" typeof=\"foaf:Image\" alt=\"ADLP PHOTO DE GROUPE MONTAGE (1).jpg\"\/><img decoding=\"async\" class=\"r-img\" src=\"https:\/\/www.europesays.com\/be-fr\/wp-content\/uploads\/2026\/09\/98727615.jpeg\" alt=\"ADLP PHOTO DE GROUPE MONTAGE (1).jpg\"\/>\n<\/p>\n<p>Autre programme belge attendu\u00a0: La Meilleure Friterie, de retour pour une quatri\u00e8me saison riche en nouveaut\u00e9s. Douze frituristes repartent \u00e0 la conqu\u00eate du titre de Meilleure Friterie de Belgique. Aux c\u00f4t\u00e9s de Lo\u00efc Van Impe, Leslie en Cuisine rejoint David Antoine, Mathieu Vande Velde, Fabienne et Patrick De Corte au sein du jury.<\/p>\n<p>Le fanbus fait peau neuve et, grande nouveaut\u00e9 cette saison, les t\u00e9l\u00e9spectateurs auront pour la premi\u00e8re fois leur mot \u00e0 dire lors de la finale en votant pour leur friterie pr\u00e9f\u00e9r\u00e9e.<\/p>\n<p>Chaque \u00e9pisode sera disponible sur RTL play sept jours avant sa diffusion TV, \u00e0 l\u2019exception de la finale, qui sera diffus\u00e9e en direct sur RTL tvi.<\/p>\n<p>\n  <img decoding=\"async\" data-copyright=\"Olivier Pirard\" class=\"r-img lazy\" data-  src=\"https:\/\/www.europesays.com\/be-fr\/wp-content\/uploads\/2026\/09\/99653656.jpeg\" typeof=\"foaf:Image\" alt=\"257466_NORMAL.jpg\"\/><img decoding=\"async\" class=\"r-img\" src=\"https:\/\/www.europesays.com\/be-fr\/wp-content\/uploads\/2026\/09\/99653656.jpeg\" alt=\"257466_NORMAL.jpg\"\/>Olivier Pirard\n<\/p>\n<p>Enfin, La Marche Blanche, 30 ans apr\u00e8s\u00a0: le r\u00e9cit d\u2019un papa sera disponible d\u00e8s le 25 septembre. Le 20 octobre 1996, plus de 300 000 personnes descendaient dans les rues de Bruxelles. Trente ans plus tard, Jean-Denis Lejeune, le papa de Julie, replonge dans cette mobilisation historique et raconte sa Marche Blanche\u00a0: ce qui l\u2019a pr\u00e9c\u00e9d\u00e9e, son organisation, cette journ\u00e9e hors norme et ce qu\u2019il en reste aujourd\u2019hui.<\/p>\n<p>Les grands rendez-vous sportifs<\/p>\n<p>La rentr\u00e9e sportive s\u2019annonce elle aussi particuli\u00e8rement charg\u00e9e sur RTL play. Les amateurs de football pourront suivre la Ligue des Champions les 8, 9 et 10 septembre, puis la Carabao Cup les 16 et 17 septembre.<\/p>\n<p>En tennis, rendez-vous avec la Coupe Davis les 18 et 19 septembre, puis avec la Billie Jean King Cup les 24, 26 et 27 septembre.<\/p>\n<p>\n  &#13;<br \/>\n  \u00c0 lire aussi&#13;<br \/>\n  &#13;<\/p>\n<p>  <img decoding=\"async\" data-copyright=\"RTL Belgium\" class=\"r-img\"  typeof=\"foaf:Image\" src=\"https:\/\/www.europesays.com\/be-fr\/wp-content\/uploads\/2026\/09\/98725901.jpeg\" alt=\"couv.jpg\"\/><br \/>\n        <a class=\"r-stories--link\" href=\"https:\/\/www.rtl.be\/people\/rtl-inside\/laurent-ournac-devient-soignant-sandrine-corman-au-plus-pres-des-sauveteurs-m\/2026-08-27\/article\/798508\" rel=\"nofollow noopener\" target=\"_blank\">Laurent Ournac devient soignant, Sandrine Corman au plus pr\u00e8s des sauveteurs, M. Pokora au c\u0153ur d\u2019un drame historique\u2026 Voici ce qui vous attend sur RTL cette ann\u00e9e<\/a>&#13;<br \/>\n  &#13;<br \/>\n&#13;\n<\/p>\n<p>Les passionn\u00e9s de cyclisme pourront suivre le Grand Prix de Wallonie le 16 septembre et le Flandrien 0.0 Cyclo le 19 septembre.<\/p>\n<p>Enfin, le VTT sera \u00e9galement \u00e0 l\u2019honneur avec les UCI Mountain Bike World Series, \u00e0 suivre les 19, 20, 26 et 27 septembre sur RTL play.<\/p>\n<p>Rappel utile\u00a0: RTL play, c\u2019est 100\u00a0% gratuit<\/p>\n<p>Que l\u2019on soit amateur de suspense, de t\u00e9l\u00e9r\u00e9alit\u00e9, de cin\u00e9ma belge ou de sport,<a href=\"https:\/\/www.rtlplay.be\/rtlplay\" target=\"_blank\" rel=\"nofollow noopener\"> RTL play<\/a> propose une programmation vari\u00e9e pour prolonger l\u2019\u00e9t\u00e9 jusqu\u2019aux derniers jours d\u2019ao\u00fbt.<\/p>\n<p>Accessible sur smartphone, tablette, ordinateur et Smart TV, la plateforme permet de regarder gratuitement toutes ces nouveaut\u00e9s, ainsi que les directs et les replays des cha\u00eenes RTL. Il suffit de cr\u00e9er un compte pour en profiter.<\/p>\n","protected":false},"excerpt":{"rendered":"Changement d\u2019ambiance le 14 septembre avec Modern Love. Inspir\u00e9e de la c\u00e9l\u00e8bre chronique du New York Times, cette&hellip;\n","protected":false},"author":2,"featured_media":234969,"comment_status":"","ping_status":"","sticky":false,"template":"","format":"standard","meta":{"footnotes":"","_share_on_mastodon":"0"},"categories":[99],"tags":[72598,12,13,18,17,96,95,4420,72596,30590,72597,5958,51054,2256,369,10356,112],"class_list":["post-234968","post","type-post","status-publish","format-standard","has-post-thumbnail","category-television","tag-bates-motel","tag-be","tag-be-fr","tag-belgique","tag-belgium","tag-divertissement","tag-entertainment","tag-lamour-est-dans-le-pre","tag-la-meilleure-friterie","tag-ligue-des-champions","tag-queen-of-the-south","tag-rentree","tag-rtl-play","tag-series","tag-sport","tag-telerealite","tag-television"],"share_on_mastodon":{"url":"https:\/\/pubeurope.com\/@be_fr\/117197475048022210","error":""},"_links":{"self":[{"href":"https:\/\/www.europesays.com\/be-fr\/wp-json\/wp\/v2\/posts\/234968","targetHints":{"allow":["GET"]}}],"collection":[{"href":"https:\/\/www.europesays.com\/be-fr\/wp-json\/wp\/v2\/posts"}],"about":[{"href":"https:\/\/www.europesays.com\/be-fr\/wp-json\/wp\/v2\/types\/post"}],"author":[{"embeddable":true,"href":"https:\/\/www.europesays.com\/be-fr\/wp-json\/wp\/v2\/users\/2"}],"replies":[{"embeddable":true,"href":"https:\/\/www.europesays.com\/be-fr\/wp-json\/wp\/v2\/comments?post=234968"}],"version-history":[{"count":0,"href":"https:\/\/www.europesays.com\/be-fr\/wp-json\/wp\/v2\/posts\/234968\/revisions"}],"wp:featuredmedia":[{"embeddable":true,"href":"https:\/\/www.europesays.com\/be-fr\/wp-json\/wp\/v2\/media\/234969"}],"wp:attachment":[{"href":"https:\/\/www.europesays.com\/be-fr\/wp-json\/wp\/v2\/media?parent=234968"}],"wp:term":[{"taxonomy":"category","embeddable":true,"href":"https:\/\/www.europesays.com\/be-fr\/wp-json\/wp\/v2\/categories?post=234968"},{"taxonomy":"post_tag","embeddable":true,"href":"https:\/\/www.europesays.com\/be-fr\/wp-json\/wp\/v2\/tags?post=234968"}],"curies":[{"name":"wp","href":"https:\/\/api.w.org\/{rel}","templated":true}]}}