{"id":235042,"date":"2026-09-01T20:25:17","date_gmt":"2026-09-01T20:25:17","guid":{"rendered":"https:\/\/www.europesays.com\/be-fr\/235042\/"},"modified":"2026-09-01T20:25:17","modified_gmt":"2026-09-01T20:25:17","slug":"la-teinture-brune-la-nouvelle-tendance-chez-les-hommes-ils-attendent-plus-longtemps-que-la-femme-pour-passer-le-pas","status":"publish","type":"post","link":"https:\/\/www.europesays.com\/be-fr\/235042\/","title":{"rendered":"La teinture brune, la nouvelle tendance chez les hommes: \u00ab\u00a0Ils attendent plus longtemps que la femme pour passer le pas\u00a0\u00bb"},"content":{"rendered":"<p class=\"ap-StoryElement ap-StoryElement--mb ap-StoryText\">Patrick Dumont, vice-pr\u00e9sident de Febelhair (f\u00e9d\u00e9ration des coiffeurs de Belgique) et g\u00e9rant\/fondateur du salon Imagin&rsquo;Hair rel\u00e8ve aussi que depuis 10 ans, les hommes sont moins timides et osent pousser la porte pour une coloration. \u00ab\u00a0Les femmes demandent en g\u00e9n\u00e9ral une teinture qui couvre le cheveu \u00e0 100 % tandis que les hommes veulent surtout att\u00e9nuer l&rsquo;aspect poivre sel\u00a0\u00bb, compare-t-il. \u00ab\u00a0L&rsquo;homme veut surtout retrouver sa couleur naturelle.\u00a0\u00bb<\/p>\n<p><a href=\"https:\/\/www.dhnet.be\/lifestyle\/beaute-mode\/2026\/03\/04\/voici-la-nouvelle-coupe-de-cheveux-a-la-mode-chez-les-hommes-2HPNPPBJH5CQXHS35KE3N4JQIQ\/\" target=\"_self\" class=\"ap-StoryInterstitialLink ap-StoryElement ap-StoryElement--mb\" rel=\"nofollow noopener\">Voici la nouvelle coupe de cheveux \u00e0 la mode chez les hommes<\/a>Un effet souvent rat\u00e9 ? <\/p>\n<p class=\"ap-StoryElement ap-StoryElement--mb ap-StoryText\">Souvent, un homme qui masque ses cheveux est tr\u00e8s vite rep\u00e9r\u00e9 : le r\u00e9sultat est souvent un effet casque \u00e0 la Playmobil. De l\u00e0 \u00e0 dire que les colorations des hommes sont souvent rat\u00e9es\u2026 \u00ab\u00a0\u00c7a d\u00e9pend de la technique employ\u00e9e\u00a0\u00bb, nuance le coiffeur Nicolas. \u00ab\u00a0On laisse quelques cheveux blancs pour rester naturel. Les produits utilis\u00e9s sont un peu moins forts et couvrent 70 % du cheveu.\u00a0\u00bb<\/p>\n<p class=\"ap-StoryQuote-text\"> Les hommes sont peut-\u00eatre un peu moins audacieux que les dames<\/p>\n<p class=\"ap-StoryElement ap-StoryElement--mb ap-StoryText\">Mais c&rsquo;est surtout d\u00fb au comportement des messieurs. \u00ab\u00a0En g\u00e9n\u00e9ral, l&rsquo;homme attend d&rsquo;avoir beaucoup de cheveux blancs avant d&rsquo;opter pour une coloration. \u00c7a se voit donc tout de suite, l\u00e0 o\u00f9 les femmes, pour des raisons esth\u00e9tiques, sont plus rapides\u00a0\u00bb, explique Patrick Dumont. \u00ab\u00a0En moins d&rsquo;un mois, il y a d\u00e9j\u00e0 1 cm de repousse. Il faudrait venir tous les 15 jours or l&rsquo;homme est un peu moins disciplin\u00e9.\u00a0\u00bb Et puis la coloration peut \u00eatre alt\u00e9r\u00e9e par le shampoing, le soleil, le chlore ou encore la mer.<\/p>\n<p><a href=\"https:\/\/www.dhnet.be\/lifestyle\/2026\/06\/17\/autrefois-jugee-has-been-cette-coupe-de-cheveux-revient-en-force-pour-lete-2026-avec-des-recherches-en-hausse-de-plus-de-1000-YRGRDISRKNG53KF2KVWKBDUJOE\/\" target=\"_self\" class=\"ap-StoryInterstitialLink ap-StoryElement ap-StoryElement--mb\" rel=\"nofollow noopener\">Autrefois jug\u00e9e \u00ab\u00a0has-been\u00a0\u00bb, cette coupe de cheveux revient en force pour l&rsquo;\u00e9t\u00e9 2026 avec des recherches en hausse de plus de 1.000 %<\/a><\/p>\n<p class=\"ap-StoryElement ap-StoryElement--mb ap-StoryText\">Si les femmes se tournent assez facilement vers la \u00ab\u00a0colo maison\u00a0\u00bb (avec un r\u00e9sultat plus ou moins r\u00e9ussi), \u00e7a ne semble pas encore une \u00e9tape franchie par l&rsquo;homme. En tout cas, les coiffeurs n&rsquo;ont jamais d\u00fb rattraper des rat\u00e9s. \u00ab\u00a0Je ne vois pas un homme la t\u00eate dans la baignoire. De plus, il est d\u00e9j\u00e0 incapable de dire quel produit il aurait besoin\u00a0\u00bb, rigole Patrick Dumont. \u00ab\u00a0Les hommes pr\u00e9f\u00e8rent aller direct au salon. Ils sont peut-\u00eatre un peu moins audacieux que les dames\u00a0\u00bb, compl\u00e8te Nicolas.<\/p>\n<p><a href=\"https:\/\/www.dhnet.be\/regions\/charleroi\/2017\/11\/24\/un-homme-braque-un-salon-de-coiffure-avec-un-sabre-de-samourai-et-emporte-du-gel-alors-quil-est-chauve-XO4MCYC3MJGYPPMX66DS32RHZM\/\" target=\"_self\" class=\"ap-StoryInterstitialLink ap-StoryElement ap-StoryElement--mb\" rel=\"nofollow noopener\">Un homme braque un salon de coiffure avec un sabre de samoura\u00ef et emporte du gel alors qu&rsquo;il est chauve<\/a><\/p>\n","protected":false},"excerpt":{"rendered":"Patrick Dumont, vice-pr\u00e9sident de Febelhair (f\u00e9d\u00e9ration des coiffeurs de Belgique) et g\u00e9rant\/fondateur du salon Imagin&rsquo;Hair rel\u00e8ve aussi que&hellip;\n","protected":false},"author":2,"featured_media":235043,"comment_status":"","ping_status":"","sticky":false,"template":"","format":"standard","meta":{"footnotes":"","_share_on_mastodon":"0"},"categories":[2],"tags":[2821,41,12,13,18,17,6098,1080,482,1752,1753,628,4754,4142,1535,1853,6099,26,6100,6101,3914,894,6102,6103,9337,9338,1545,9339,2845,9340,906,369,9341,9342,6104,2861,1082,1549],"class_list":["post-235042","post","type-post","status-publish","format-standard","has-post-thumbnail","category-belgique","tag-vkalut","tag-41","tag-be","tag-be-fr","tag-belgique","tag-belgium","tag-de-wolven","tag-foot","tag-football","tag-jpl","tag-jupiler","tag-jupiler-pro-league","tag-la","tag-la-louviere","tag-league","tag-les","tag-les-loups","tag-liege","tag-loups","tag-louviere","tag-luik","tag-match","tag-raal","tag-raal-la-louviere","tag-rodjes","tag-rouches","tag-rouges","tag-rouges-et-blancs","tag-royal","tag-rscl","tag-soccer","tag-sport","tag-standard","tag-standardmen","tag-tivoli","tag-vincent-kalut","tag-voetbal","tag-wedstrijd"],"share_on_mastodon":{"url":"https:\/\/pubeurope.com\/@be_fr\/117197663588112282","error":""},"_links":{"self":[{"href":"https:\/\/www.europesays.com\/be-fr\/wp-json\/wp\/v2\/posts\/235042","targetHints":{"allow":["GET"]}}],"collection":[{"href":"https:\/\/www.europesays.com\/be-fr\/wp-json\/wp\/v2\/posts"}],"about":[{"href":"https:\/\/www.europesays.com\/be-fr\/wp-json\/wp\/v2\/types\/post"}],"author":[{"embeddable":true,"href":"https:\/\/www.europesays.com\/be-fr\/wp-json\/wp\/v2\/users\/2"}],"replies":[{"embeddable":true,"href":"https:\/\/www.europesays.com\/be-fr\/wp-json\/wp\/v2\/comments?post=235042"}],"version-history":[{"count":0,"href":"https:\/\/www.europesays.com\/be-fr\/wp-json\/wp\/v2\/posts\/235042\/revisions"}],"wp:featuredmedia":[{"embeddable":true,"href":"https:\/\/www.europesays.com\/be-fr\/wp-json\/wp\/v2\/media\/235043"}],"wp:attachment":[{"href":"https:\/\/www.europesays.com\/be-fr\/wp-json\/wp\/v2\/media?parent=235042"}],"wp:term":[{"taxonomy":"category","embeddable":true,"href":"https:\/\/www.europesays.com\/be-fr\/wp-json\/wp\/v2\/categories?post=235042"},{"taxonomy":"post_tag","embeddable":true,"href":"https:\/\/www.europesays.com\/be-fr\/wp-json\/wp\/v2\/tags?post=235042"}],"curies":[{"name":"wp","href":"https:\/\/api.w.org\/{rel}","templated":true}]}}