{"id":235048,"date":"2026-09-01T20:30:16","date_gmt":"2026-09-01T20:30:16","guid":{"rendered":"https:\/\/www.europesays.com\/be-fr\/235048\/"},"modified":"2026-09-01T20:30:16","modified_gmt":"2026-09-01T20:30:16","slug":"savoie-ce-rappeur-chamberien-va-participer-aux-100-heures-de-rap-non-stop","status":"publish","type":"post","link":"https:\/\/www.europesays.com\/be-fr\/235048\/","title":{"rendered":"Savoie. Ce rappeur chamb\u00e9rien va participer aux 100 heures de rap non-stop"},"content":{"rendered":"<p>Rapper pendant 100\u00a0heures non-stop. C\u2019est le d\u00e9fi que vont tenter de r\u00e9aliser 100 rappeurs venant de toute la France, de ce mercredi\u00a02\u00a0au dimanche 6\u00a0septembre, \u00e0 la Villette, \u00e0 Paris. Parmi eux figure un Chamb\u00e9rien. Julien Morel, ou Lun\u2019R de son nom d\u2019artiste, a \u00e9t\u00e9 s\u00e9lectionn\u00e9 parmi huit autres rappeurs de la r\u00e9gion.<\/p>\n<p>Une s\u00e9lection qui va lui permettre de montrer son talent et de repr\u00e9senter le territoire\u00a0: \u00ab\u00a0Je vais tenter de me d\u00e9marquer et de marquer les esprits\u00a0\u00bb, d\u00e9clare Julien Morel. \u00ab\u00a0Ce sera pour moi l\u2019occasion de v\u00e9hiculer \u00e0 Paris une autre image de la Savoie que celle du ski ou de la raclette\u00a0!\u00a0\u00bb<\/p>\n<p>D\u2019autant plus que, sur le week-end, quelques jolis noms de la sc\u00e8ne rap fran\u00e7aise seront pr\u00e9sents. Les spectateurs pourront notamment retrouver\u00a0: <a href=\"https:\/\/www.ledauphine.com\/culture-loisirs\/2024\/05\/22\/sofiane-zermani-alias-fianso-president-d-honneur-du-festival-des-scenaristes\" target=\"_blank\" rel=\"nofollow noopener\">Fianso<\/a> , BustaFlex, Laucarre, Kacem Wapalek, Hayce Lemsi, Kerchak ou Davodka. L\u2019\u00e9v\u00e9nement en lui-m\u00eame rassemble 300 artistes avec des exp\u00e9riences plus ou moins importantes. Il sera possible de suivre les 100 heures de rap non-stop \u00e0 Paris, sur place ou en direct sur internet.<\/p>\n","protected":false},"excerpt":{"rendered":"Rapper pendant 100\u00a0heures non-stop. C\u2019est le d\u00e9fi que vont tenter de r\u00e9aliser 100 rappeurs venant de toute la&hellip;\n","protected":false},"author":2,"featured_media":235049,"comment_status":"","ping_status":"","sticky":false,"template":"","format":"standard","meta":{"footnotes":"","_share_on_mastodon":"0"},"categories":[98],"tags":[12,13,18,17,5798,5799,287,96,5802,95,107,108],"class_list":["post-235048","post","type-post","status-publish","format-standard","has-post-thumbnail","category-musique","tag-be","tag-be-fr","tag-belgique","tag-belgium","tag-chambery","tag-chambery-bassin","tag-culture-loisirs","tag-divertissement","tag-edition-chambery-aix-les-bains","tag-entertainment","tag-music","tag-musique"],"share_on_mastodon":{"url":"https:\/\/pubeurope.com\/@be_fr\/117197682872876317","error":""},"_links":{"self":[{"href":"https:\/\/www.europesays.com\/be-fr\/wp-json\/wp\/v2\/posts\/235048","targetHints":{"allow":["GET"]}}],"collection":[{"href":"https:\/\/www.europesays.com\/be-fr\/wp-json\/wp\/v2\/posts"}],"about":[{"href":"https:\/\/www.europesays.com\/be-fr\/wp-json\/wp\/v2\/types\/post"}],"author":[{"embeddable":true,"href":"https:\/\/www.europesays.com\/be-fr\/wp-json\/wp\/v2\/users\/2"}],"replies":[{"embeddable":true,"href":"https:\/\/www.europesays.com\/be-fr\/wp-json\/wp\/v2\/comments?post=235048"}],"version-history":[{"count":0,"href":"https:\/\/www.europesays.com\/be-fr\/wp-json\/wp\/v2\/posts\/235048\/revisions"}],"wp:featuredmedia":[{"embeddable":true,"href":"https:\/\/www.europesays.com\/be-fr\/wp-json\/wp\/v2\/media\/235049"}],"wp:attachment":[{"href":"https:\/\/www.europesays.com\/be-fr\/wp-json\/wp\/v2\/media?parent=235048"}],"wp:term":[{"taxonomy":"category","embeddable":true,"href":"https:\/\/www.europesays.com\/be-fr\/wp-json\/wp\/v2\/categories?post=235048"},{"taxonomy":"post_tag","embeddable":true,"href":"https:\/\/www.europesays.com\/be-fr\/wp-json\/wp\/v2\/tags?post=235048"}],"curies":[{"name":"wp","href":"https:\/\/api.w.org\/{rel}","templated":true}]}}