{"id":235088,"date":"2026-09-01T20:56:48","date_gmt":"2026-09-01T20:56:48","guid":{"rendered":"https:\/\/www.europesays.com\/be-fr\/235088\/"},"modified":"2026-09-01T20:56:48","modified_gmt":"2026-09-01T20:56:48","slug":"koh-lanta-le-vosgien-maxime-lubian-elimine-des-le-premier-conseil-mais-laventure-est-encore-loin-detre-terminee-vosges-matin","status":"publish","type":"post","link":"https:\/\/www.europesays.com\/be-fr\/235088\/","title":{"rendered":"Koh-Lanta : le Vosgien Maxime Lubian \u00e9limin\u00e9 d\u00e8s le premier conseil, mais l\u2019aventure est encore loin d\u2019\u00eatre termin\u00e9e &#8211; Vosges Matin"},"content":{"rendered":"<p><a href=\"https:\/\/news.google.com\/rss\/articles\/CBMi9wFBVV95cUxQNE5fX1QwbmdncElnNjZUem9PbGlpNm5FY0ktT2N3THRwSGotT1RjRUUtcHVEbVhRVENhbm9FNEpSUjVrQmFMeTRWeGRpbzczemZaanFyS0dEdE9VQVpLdkcxZllkLWlvcW5FWGJfbEtaeXZneXF6NkhGSHRXWTRZdk9PNk9tOEhiRUo4SG5hQ1Y0MldFWTA1SFp4RGFPUjU3MnNOdnFqZ01Xem44ZzVreXNuT0EzeHlaX0FDMG9UTVE5d2Q0SW9iMndrWWtISlRycEw3Vjd2THUyQVVXejd6c1N5aXlWUzhsT1JkVlhtZ19GeG9GNTdJ?oc=5\" target=\"_blank\" rel=\"nofollow noopener\">Koh-Lanta : le Vosgien Maxime Lubian \u00e9limin\u00e9 d\u00e8s le premier conseil, mais l\u2019aventure est encore loin d\u2019\u00eatre termin\u00e9e<\/a>&nbsp;&nbsp;Vosges Matin<a href=\"https:\/\/news.google.com\/rss\/articles\/CBMiigFBVV95cUxNdXI3R2NzcWtHRWlkQUNWRk9RR3RjRnBkbkxDXzhobnB6WUNoSFgxRUFwLV8tMjBkUHoxdURENldLa0VNbFlJZDY4SFlIU01Uck9aSGxiY2thMUtnUEtSVDFPb29FVUE5ako4TTlOLU50NkhUM0xEaHlUT1d4Mnd3TG1Ld2tIY0xFaHc?oc=5\" target=\"_blank\" rel=\"nofollow noopener\">Dorian Louvet (Koh-Lanta) a boucl\u00e9 l&rsquo;une des plus grandes et prestigieuses courses du monde&#8230; en moins de 25 heures<\/a>&nbsp;&nbsp;fr.news.yahoo.com<a href=\"https:\/\/news.google.com\/rss\/articles\/CBMipgFBVV95cUxOaHFiNlF4ZlpvcXBJQWlsMVNORmp2S0xsVy1Qem5oNGJYM2NzbG9TMkJvOVFZODhLSmtvNzdPYktKdUJfVFBFdDlxajByTHVmVlR0R19CWUtfclNJUDRpdjdjOWxGTkdEQmJfYmdJaTktZU1lOXpvaV9NRXp5U1BvVFctZUxYSW1sOVdYMUJKU1JobVNYLWVwTWJYTHpBdGlxVngwVVJR?oc=5\" target=\"_blank\" rel=\"nofollow noopener\">Koh-Lanta, All Stars S29E03 mardi 08 septembre 2026 sur TF1 : r\u00e9sum\u00e9 et diffusions<\/a>&nbsp;&nbsp;Programme TV Ouest-France<a href=\"https:\/\/news.google.com\/rss\/articles\/CBMi_wFBVV95cUxQcnlHOFFCVDdOcVFsSjNYeGZrQWpIcFBTVWVLZ1hUbTFLVDJPLUUtWHNkWFQ3NmtBaVl0ZU1SYnZRZWI0b1FoTzlRZG5Jb0pzYmtsMTVwRHdaQ1Q3aWNEdThFMjNCU1o1ZTAyREl5XzFmR250YTBtY3ZXbEJhVlRGRnNHdkZqcjdRVndyaWF3OGQtLUM0UU43QkNsdmRtdjRVTnpvLUlObTF0STFITU5rQVpzOW5OZS1lY19TM2JFOXphbm5lQ28wT2tLVFJsU0hGYlNqckZycTZ6cGk1bjJnSWpIeUJ6NXJfV0ZydEVrX1FNUEV6SGVxU0owc244QWs?oc=5\" target=\"_blank\" rel=\"nofollow noopener\">\u00ab\u00a0On est tout de suite mis \u00e0 l&rsquo;\u00e9cart\u00a0\u00bb : Maxime et Joana \u00e9voquent \u00ab\u00a0l&rsquo;handicap invisible\u00a0\u00bb qui a plomb\u00e9 leur d\u00e9but d&rsquo;aventure dans \u00ab\u00a0Koh-Lanta All-Stars\u00a0\u00bb &#8211; Purem\u00e9dias<\/a>&nbsp;&nbsp;puremedias<a href=\"https:\/\/news.google.com\/rss\/articles\/CBMi7gFBVV95cUxNd3RUZnFzNjh6a1o4YXNTQ2hrSHhRQklfSUtWN1VocWJoTE5PSXQ5VlpuNmFwSU5pdXMzcmw5V1F5NEwxeGI0elZ4OG4tUFBKSGlld3NwSkcxdXdsZUpIcVJ5Q1lqTUtrUS16MFQxVmtjQmdxRWkwREt5UDdsclNWMHpWZ2RTX1VRb1FmMWhrMmtVRnNzUE1iQjlueHNBSUU5N2VCZWFMTjBuUVhiWmNzeW1rX2NMeFlYem9uLTlreDAxN09QNFpMN0lCT0FEYV9DdHZ0bHNxY200eHJVT0g0VFFVZndBX3VjZExHMWFB?oc=5\" target=\"_blank\" rel=\"nofollow noopener\">Koh-Lanta All Stars : ce d\u00e9tail sur les tenues des aventuriers qui a intrigu\u00e9 les fans, la production admet un \u00ab\u00a0rat\u00e9\u00a0\u00bb<\/a>&nbsp;&nbsp;T\u00e9l\u00e9 Star<\/p>\n","protected":false},"excerpt":{"rendered":"Koh-Lanta : le Vosgien Maxime Lubian \u00e9limin\u00e9 d\u00e8s le premier conseil, mais l\u2019aventure est encore loin d\u2019\u00eatre termin\u00e9e&nbsp;&nbsp;Vosges&hellip;\n","protected":false},"author":2,"featured_media":235089,"comment_status":"","ping_status":"","sticky":false,"template":"","format":"standard","meta":{"footnotes":"","_share_on_mastodon":"0"},"categories":[99],"tags":[12,13,18,17,96,27785,95,20853,27784,288,110,476,112,1484,7951],"class_list":["post-235088","post","type-post","status-publish","format-standard","has-post-thumbnail","category-television","tag-be","tag-be-fr","tag-belgique","tag-belgium","tag-divertissement","tag-edition-epinal","tag-entertainment","tag-epinal","tag-epinal-ville-88a","tag-fil-info","tag-insolite","tag-societe","tag-television","tag-television-medias","tag-vosges"],"share_on_mastodon":{"url":"https:\/\/pubeurope.com\/@be_fr\/117197789388354981","error":""},"_links":{"self":[{"href":"https:\/\/www.europesays.com\/be-fr\/wp-json\/wp\/v2\/posts\/235088","targetHints":{"allow":["GET"]}}],"collection":[{"href":"https:\/\/www.europesays.com\/be-fr\/wp-json\/wp\/v2\/posts"}],"about":[{"href":"https:\/\/www.europesays.com\/be-fr\/wp-json\/wp\/v2\/types\/post"}],"author":[{"embeddable":true,"href":"https:\/\/www.europesays.com\/be-fr\/wp-json\/wp\/v2\/users\/2"}],"replies":[{"embeddable":true,"href":"https:\/\/www.europesays.com\/be-fr\/wp-json\/wp\/v2\/comments?post=235088"}],"version-history":[{"count":0,"href":"https:\/\/www.europesays.com\/be-fr\/wp-json\/wp\/v2\/posts\/235088\/revisions"}],"wp:featuredmedia":[{"embeddable":true,"href":"https:\/\/www.europesays.com\/be-fr\/wp-json\/wp\/v2\/media\/235089"}],"wp:attachment":[{"href":"https:\/\/www.europesays.com\/be-fr\/wp-json\/wp\/v2\/media?parent=235088"}],"wp:term":[{"taxonomy":"category","embeddable":true,"href":"https:\/\/www.europesays.com\/be-fr\/wp-json\/wp\/v2\/categories?post=235088"},{"taxonomy":"post_tag","embeddable":true,"href":"https:\/\/www.europesays.com\/be-fr\/wp-json\/wp\/v2\/tags?post=235088"}],"curies":[{"name":"wp","href":"https:\/\/api.w.org\/{rel}","templated":true}]}}